{"id":506188,"date":"2025-10-17T16:07:25","date_gmt":"2025-10-17T16:07:25","guid":{"rendered":"https:\/\/www.europesays.com\/de\/506188\/"},"modified":"2025-10-17T16:07:25","modified_gmt":"2025-10-17T16:07:25","slug":"einzigartige-eisbahn-auf-zeche-zollverein-oeffnet-im-dezember-wieder","status":"publish","type":"post","link":"https:\/\/www.europesays.com\/de\/506188\/","title":{"rendered":"Einzigartige Eisbahn auf Zeche Zollverein \u00f6ffnet im Dezember wieder"},"content":{"rendered":"<p>Wintervergn\u00fcgen auf Zollverein <\/p>\n<p>150-Meter-Eisbahn \u00f6ffnet im Dezember wieder<\/p>\n<p>17.10.2025 &#8211; 15:47 UhrLesedauer: 2 Min.<\/p>\n<p><a href=\"#focus-0\" class=\"transition-colors duration-200 block text-current relative\" data-sctrack=\"FocusGalleryImage.Reference\"><img fetchpriority=\"high\" data-testid=\"Opener.Image\" style=\"--lqipURL:url('https:\/\/images.t-online.de\/2025\/10\/nBx39h6BnQ0Q\/0x417:4000x2250\/fit-in\/150x0\/filters:blur(25)\/image.jpg')\"   loading=\"eager\" src=\"https:\/\/www.europesays.com\/de\/wp-content\/uploads\/2025\/10\/1760717245_715_image.jpg\" alt=\"imago images 0788284227\" title=\"imago images 0788284227\" width=\"4000\" height=\"2250\" class=\"bg-[url:var(--lqipURL)] bg-cover bg-center flex h-full w-full max-w-full\" decoding=\"async\"\/><img style=\"--width:32;--height:32\" loading=\"lazy\" src=\"https:\/\/www.t-online.de\/s\/paper\/_next\/static\/media\/zoom-in.f7dae02f.svg\" alt=\"Vergr\u00f6\u00dfern des Bildes\" title=\"Vergr\u00f6\u00dfern des Bildes\" class=\"block h-[calc(var(--height)_\/_16_*_1rem)] w-[calc(var(--width)_\/_16_*_1rem)] max-w-none absolute bottom-8 right-8 rounded-4 bg-snow p-8\" decoding=\"async\"\/><\/a><\/p>\n<p>Schlittschuh laufen auf Zollverein (Archivbild): Im Dezember k\u00f6nnen Besucher wieder vor der besonderen Kulisse der ehemaligen Zeche Eissport betreiben. (Quelle: IMAGO\/Jochen Tack)<\/p>\n<p class=\"font-bold text-18 leading-17\">Die Stiftung Zollverein bietet ab 6. Dezember wieder Eislaufvergn\u00fcgen f\u00fcr alle Altersgruppen. Die barrierefreie Eisbahn erstreckt sich entlang der historischen Koks\u00f6fen.<\/p>\n<p class=\"text-18 leading-17\">Die Stiftung Zollverein hat f\u00fcr den Zeitraum vom 6. Dezember 2025 bis 6. Januar 2026 die R\u00fcckkehr der beliebten Eisbahn auf dem Gel\u00e4nde der Kokerei Zollverein angek\u00fcndigt. Die 150 Meter lange Eisfl\u00e4che f\u00fchrt Besucher entlang der historischen Koks\u00f6fen und Schornsteine.<\/p>\n<p class=\"text-18 leading-17\">Das Eisstockschie\u00dfen hat sich als feste Gr\u00f6\u00dfe f\u00fcr Firmenevents und Freundesgruppen etabliert. Die Teilnehmer ben\u00f6tigen festes Schuhwerk und erreichen den Bereich \u00fcber eine separate Treppe. Die Veranstalter empfehlen eine fr\u00fchzeitige Anmeldung f\u00fcr die 90-min\u00fctigen Einheiten.<\/p>\n<p class=\"text-18 leading-17\">Abends verwandelt eine Lichtinstallation die Eisbahn in eine stimmungsvolle Winterlandschaft. Besucher k\u00f6nnen sich an St\u00e4nden mit Hei\u00dfgetr\u00e4nken und Snacks st\u00e4rken.<\/p>\n<p class=\"text-18 leading-17\">Die Eisbahn steht allen Besuchern offen \u2013 von Anf\u00e4ngern bis zu Fortgeschrittenen. Die Fl\u00e4che ist barrierefrei gestaltet und f\u00fcr Rollst\u00fchle, Reha-Buggys und Gleithilfen zug\u00e4nglich. F\u00fcr Kinder stehen Hilfspinguine zur Verf\u00fcgung, die beim Eislaufen unterst\u00fctzen.<\/p>\n<p class=\"text-18 leading-17\">In der jeweils ersten Stunde der regul\u00e4ren Laufzeiten wird besondere R\u00fccksicht auf alle Teilnehmer genommen. Menschen mit Behinderungen k\u00f6nnen gemeinsam mit ihren Familien und Freunden die Eisbahn nutzen.<\/p>\n<p class=\"text-18 leading-17\">Schulklassen k\u00f6nnen einen Tag auf dem Eis verbringen und die ehemalige Kokerei erkunden. Anmeldungen nimmt die Stiftung unter eisbahn@zollverein.de entgegen.<\/p>\n<p class=\"text-18 leading-17\">Erwachsene zahlen f\u00fcr ein Tagesticket zehn Euro, Kinder sind mit acht Euro dabei. Familientickets kosten 23 Euro.<\/p>\n<p class=\"text-18 leading-17\">Erm\u00e4\u00dfigungen gelten f\u00fcr Kinder bis 14 Jahre, Sch\u00fcler, Studierende, Auszubildende sowie Empf\u00e4nger von ALG I und II. Auch Menschen mit Behinderungen ab einem Grad von 50 erhalten verg\u00fcnstigten Eintritt von 5 Euro. Mit dem Merkzeichen &#8222;B&#8220; im Ausweis erh\u00e4lt eine Begleitperson freien Eintritt. Ein Lichtbildnachweis ist vor Ort erforderlich.<\/p>\n","protected":false},"excerpt":{"rendered":"Wintervergn\u00fcgen auf Zollverein 150-Meter-Eisbahn \u00f6ffnet im Dezember wieder 17.10.2025 &#8211; 15:47 UhrLesedauer: 2 Min. Schlittschuh laufen auf Zollverein&hellip;\n","protected":false},"author":2,"featured_media":506189,"comment_status":"","ping_status":"","sticky":false,"template":"","format":"standard","meta":{"footnotes":""},"categories":[1834],"tags":[125302,125301,522,18298,2851,6914,3364,29,126374,3688,30,126375,76087,1209,176,3856,126041,126376,126377,8928,126373,6647],"class_list":{"0":"post-506188","1":"post","2":"type-post","3":"status-publish","4":"format-standard","5":"has-post-thumbnail","7":"category-essen","8":"tag-eisbahn","9":"tag-schlittschuhlaufen","10":"tag-522","11":"tag-altersgruppe","12":"tag-ausflugstipp","13":"tag-ausflugstipp-essen","14":"tag-de","15":"tag-deutschland","16":"tag-eislaufvergnuegen","17":"tag-essen","18":"tag-germany","19":"tag-kokerei-zollverein","20":"tag-koksofen","21":"tag-nordrhein-westfalen","22":"tag-nrw","23":"tag-ruhrgebiet","24":"tag-schlittschuh","25":"tag-schlittschuhbahn","26":"tag-schlittschuhfahren","27":"tag-stiftung","28":"tag-wintervergnuegen","29":"tag-zollverein"},"share_on_mastodon":{"url":"https:\/\/pubeurope.com\/@de\/115390372671512322","error":""},"_links":{"self":[{"href":"https:\/\/www.europesays.com\/de\/wp-json\/wp\/v2\/posts\/506188","targetHints":{"allow":["GET"]}}],"collection":[{"href":"https:\/\/www.europesays.com\/de\/wp-json\/wp\/v2\/posts"}],"about":[{"href":"https:\/\/www.europesays.com\/de\/wp-json\/wp\/v2\/types\/post"}],"author":[{"embeddable":true,"href":"https:\/\/www.europesays.com\/de\/wp-json\/wp\/v2\/users\/2"}],"replies":[{"embeddable":true,"href":"https:\/\/www.europesays.com\/de\/wp-json\/wp\/v2\/comments?post=506188"}],"version-history":[{"count":0,"href":"https:\/\/www.europesays.com\/de\/wp-json\/wp\/v2\/posts\/506188\/revisions"}],"wp:featuredmedia":[{"embeddable":true,"href":"https:\/\/www.europesays.com\/de\/wp-json\/wp\/v2\/media\/506189"}],"wp:attachment":[{"href":"https:\/\/www.europesays.com\/de\/wp-json\/wp\/v2\/media?parent=506188"}],"wp:term":[{"taxonomy":"category","embeddable":true,"href":"https:\/\/www.europesays.com\/de\/wp-json\/wp\/v2\/categories?post=506188"},{"taxonomy":"post_tag","embeddable":true,"href":"https:\/\/www.europesays.com\/de\/wp-json\/wp\/v2\/tags?post=506188"}],"curies":[{"name":"wp","href":"https:\/\/api.w.org\/{rel}","templated":true}]}}