{"id":506190,"date":"2025-10-17T16:08:23","date_gmt":"2025-10-17T16:08:23","guid":{"rendered":"https:\/\/www.europesays.com\/de\/506190\/"},"modified":"2025-10-17T16:08:23","modified_gmt":"2025-10-17T16:08:23","slug":"nobelpreistraeger-prof-stefan-w-hell-zu-gast-an-der-tu-dortmund","status":"publish","type":"post","link":"https:\/\/www.europesays.com\/de\/506190\/","title":{"rendered":"Nobelpreistr\u00e4ger Prof. Stefan W. Hell zu Gast an der TU Dortmund"},"content":{"rendered":"<p>\u201eNichts auf der Welt ist so m\u00e4chtig wie eine Idee, deren Zeit gekommen ist\u201c sagte einmal Victor Hugo. Der lebende Beweis f\u00fcr diesen Ausspruch ist Nobelpreistr\u00e4ger Stefan W. Hell, denn zu Beginn seiner wissenschaftlichen Karriere glaubte kaum jemand ernsthaft an seine Idee. Zu verwegen schien allein der Gedanke, den er verfolgte. Mit seiner Idee r\u00fcttelte er an etwas, das 120 Jahre lang als unumst\u00f6\u00dflich galt. Der deutsche Physiker Ernst Abbe zeigte 1873: Gleichartige Strukturen, die kleiner als 200 Nanometer gro\u00df sind, lassen sich mit einem Lichtmikroskop nicht mehr detailgenau abbilden. Diese Grenze wollte Hell aufbrechen.<\/p>\n<p>Dass er mit seiner Idee und seiner Forschung recht haben sollte, zeigte sich sp\u00e4testens im Jahr 2014, als er, zusammen mit den amerikanischen Forschern Eric Betzig und William Moerner, mit dem Nobelpreis f\u00fcr Chemie ausgezeichnet wurde. Dieser wurde ihm f\u00fcr die hochaufl\u00f6sende optische STED-Mikroskopie verliehen. Die STED (Stimulated Emission Depletion)-Technologie erm\u00f6glicht Abbildungen in einer Aufl\u00f6sung, die nicht mehr von der Beugungsgrenze des Lichts beschr\u00e4nkt wird. Die Grenze, die Ernst Abbe einst gezogen hatte, hatte Hell \u00fcberwunden.<\/p>\n<p>An den Vortrag schlie\u00dft sich eine Diskussionsrunde mit dem Publikum an. Eine Anmeldung zu der Veranstaltung ist bis zum 4. November m\u00f6glich.<\/p>\n<p><a href=\"https:\/\/www.tu-dortmund.de\/initialzuendung\/\" title=\"Anmeldung Initialz\u00fcndung\" class=\"deviant btn icon-btn btn-internal\" rel=\"nofollow noopener\" target=\"_blank\">Zur Anmeldung<\/a><\/p>\n<p><strong>Initialz\u00fcndung<\/strong><\/p>\n<p>Im Rahmen der von der Wilo-Foundation unterst\u00fctzten Reihe \u201eInitialz\u00fcndung\u201c werden renommierte\u00a0Wissen\u00adschaft\u00adler*innen aus aller Welt, die mit einem Nobelpreis ausgezeichnet wurden, an die TU Dortmund eingeladen. Zu Gast waren bisher Prof. Frances Arnold (Nobelpreis f\u00fcr Chemie 2018), Prof. Erwin Neher (Nobelpreis f\u00fcr Medizin 1991), Prof. Benjamin List (Nobelpreis f\u00fcr Chemie 2021), Prof. Reinhard Genzel (Nobelpreis f\u00fcr Physik 2020), Dr. Irina Scherbakowa (Friedensnobelpreis 2022 f\u00fcr die Menschenrechtsorganisation Memorial) und Prof. Klaus von Klitzing (Nobelpreis f\u00fcr Physik 1985).<\/p>\n<p><strong>Ansprechpartnerin f\u00fcr R\u00fcckfragen:<\/strong><\/p>\n","protected":false},"excerpt":{"rendered":"\u201eNichts auf der Welt ist so m\u00e4chtig wie eine Idee, deren Zeit gekommen ist\u201c sagte einmal Victor Hugo.&hellip;\n","protected":false},"author":2,"featured_media":506191,"comment_status":"","ping_status":"","sticky":false,"template":"","format":"standard","meta":{"footnotes":""},"categories":[1833],"tags":[5738,3364,29,217,30,89664,126380,126379,126381,57443,48510,1209,126378,126382,20239],"class_list":{"0":"post-506190","1":"post","2":"type-post","3":"status-publish","4":"format-standard","5":"has-post-thumbnail","7":"category-dortmund","8":"tag-chemie","9":"tag-de","10":"tag-deutschland","11":"tag-dortmund","12":"tag-germany","13":"tag-initialzuendung","14":"tag-max-planck-institut-fuer-medizinische-forschung","15":"tag-max-planck-institut-fuer-multidisziplinare-naturwissenschaften","16":"tag-mikroskopie","17":"tag-nobelpreis","18":"tag-nobelpreistraeger","19":"tag-nordrhein-westfalen","20":"tag-prof-stefan-w-hell","21":"tag-sted-mikroskopie","22":"tag-tu-dortmund"},"share_on_mastodon":{"url":"https:\/\/pubeurope.com\/@de\/115390375742425909","error":""},"_links":{"self":[{"href":"https:\/\/www.europesays.com\/de\/wp-json\/wp\/v2\/posts\/506190","targetHints":{"allow":["GET"]}}],"collection":[{"href":"https:\/\/www.europesays.com\/de\/wp-json\/wp\/v2\/posts"}],"about":[{"href":"https:\/\/www.europesays.com\/de\/wp-json\/wp\/v2\/types\/post"}],"author":[{"embeddable":true,"href":"https:\/\/www.europesays.com\/de\/wp-json\/wp\/v2\/users\/2"}],"replies":[{"embeddable":true,"href":"https:\/\/www.europesays.com\/de\/wp-json\/wp\/v2\/comments?post=506190"}],"version-history":[{"count":0,"href":"https:\/\/www.europesays.com\/de\/wp-json\/wp\/v2\/posts\/506190\/revisions"}],"wp:featuredmedia":[{"embeddable":true,"href":"https:\/\/www.europesays.com\/de\/wp-json\/wp\/v2\/media\/506191"}],"wp:attachment":[{"href":"https:\/\/www.europesays.com\/de\/wp-json\/wp\/v2\/media?parent=506190"}],"wp:term":[{"taxonomy":"category","embeddable":true,"href":"https:\/\/www.europesays.com\/de\/wp-json\/wp\/v2\/categories?post=506190"},{"taxonomy":"post_tag","embeddable":true,"href":"https:\/\/www.europesays.com\/de\/wp-json\/wp\/v2\/tags?post=506190"}],"curies":[{"name":"wp","href":"https:\/\/api.w.org\/{rel}","templated":true}]}}