{"id":506204,"date":"2025-10-17T16:15:13","date_gmt":"2025-10-17T16:15:13","guid":{"rendered":"https:\/\/www.europesays.com\/de\/506204\/"},"modified":"2025-10-17T16:15:13","modified_gmt":"2025-10-17T16:15:13","slug":"stuttgart21-buergerbegehren-organisatoren-sehen-das-soll-erreicht-stuttgart","status":"publish","type":"post","link":"https:\/\/www.europesays.com\/de\/506204\/","title":{"rendered":"Stuttgart21: B\u00fcrgerbegehren: Organisatoren sehen das Soll erreicht &#8211; Stuttgart"},"content":{"rendered":"<p>Das B\u00fcndnis gegen die Bebauung der bei Stuttgart21 freiwerdenden Gleisfl\u00e4chen hat 22 404 Unterschriften gesammelt. Ob das reicht, wird nun die Pr\u00fcfung durch die Stadt zeigen.<\/p>\n<p>Die Organisatoren eines B\u00fcrgerbegehrens, das die Bebauung der durch <a href=\"https:\/\/www.esslinger-zeitung.de\/thema\/Stuttgart_21\" title=\"Stuttgart 21\" class=\"art_thema\" rel=\"nofollow noopener\" target=\"_blank\">Stuttgart 21<\/a> freiwerdenden Gleisfl\u00e4chen verhindern soll, wollen sich nicht entmutigen lassen. Am Freitag haben sie weitere Unterschriften beim Statistischen Amt der Stadt Stuttgart abgegeben \u2013 und damit zwei Tage nach dem von der Stadt angenommenen Fristablauf. Die Initiatoren ziehen diese Sichtweise allerdings in Zweifel.<\/p>\n","protected":false},"excerpt":{"rendered":"Das B\u00fcndnis gegen die Bebauung der bei Stuttgart21 freiwerdenden Gleisfl\u00e4chen hat 22 404 Unterschriften gesammelt. Ob das reicht,&hellip;\n","protected":false},"author":2,"featured_media":506205,"comment_status":"","ping_status":"","sticky":false,"template":"","format":"standard","meta":{"footnotes":""},"categories":[1830],"tags":[1634,28779,3364,2030,29,30,6597,52718,1441,9634,601],"class_list":{"0":"post-506204","1":"post","2":"type-post","3":"status-publish","4":"format-standard","5":"has-post-thumbnail","7":"category-stuttgart","8":"tag-baden-wuerttemberg","9":"tag-buergerbegehren","10":"tag-de","11":"tag-deutsche-bahn","12":"tag-deutschland","13":"tag-germany","14":"tag-infografik","15":"tag-rosensteinviertel","16":"tag-stuttgart","17":"tag-stuttgart-21","18":"tag-verkehr"},"share_on_mastodon":{"url":"https:\/\/pubeurope.com\/@de\/115390403263348976","error":""},"_links":{"self":[{"href":"https:\/\/www.europesays.com\/de\/wp-json\/wp\/v2\/posts\/506204","targetHints":{"allow":["GET"]}}],"collection":[{"href":"https:\/\/www.europesays.com\/de\/wp-json\/wp\/v2\/posts"}],"about":[{"href":"https:\/\/www.europesays.com\/de\/wp-json\/wp\/v2\/types\/post"}],"author":[{"embeddable":true,"href":"https:\/\/www.europesays.com\/de\/wp-json\/wp\/v2\/users\/2"}],"replies":[{"embeddable":true,"href":"https:\/\/www.europesays.com\/de\/wp-json\/wp\/v2\/comments?post=506204"}],"version-history":[{"count":0,"href":"https:\/\/www.europesays.com\/de\/wp-json\/wp\/v2\/posts\/506204\/revisions"}],"wp:featuredmedia":[{"embeddable":true,"href":"https:\/\/www.europesays.com\/de\/wp-json\/wp\/v2\/media\/506205"}],"wp:attachment":[{"href":"https:\/\/www.europesays.com\/de\/wp-json\/wp\/v2\/media?parent=506204"}],"wp:term":[{"taxonomy":"category","embeddable":true,"href":"https:\/\/www.europesays.com\/de\/wp-json\/wp\/v2\/categories?post=506204"},{"taxonomy":"post_tag","embeddable":true,"href":"https:\/\/www.europesays.com\/de\/wp-json\/wp\/v2\/tags?post=506204"}],"curies":[{"name":"wp","href":"https:\/\/api.w.org\/{rel}","templated":true}]}}