{"id":506206,"date":"2025-10-17T16:16:12","date_gmt":"2025-10-17T16:16:12","guid":{"rendered":"https:\/\/www.europesays.com\/de\/506206\/"},"modified":"2025-10-17T16:16:12","modified_gmt":"2025-10-17T16:16:12","slug":"der-stille-rebell-der-maler-carl-schuch-wird-im-staedel-museum-als-meister-der-farbe-gefeiert-kultur","status":"publish","type":"post","link":"https:\/\/www.europesays.com\/de\/506206\/","title":{"rendered":"Der stille Rebell: Der Maler Carl Schuch wird im St\u00e4del Museum als Meister der Farbe gefeiert &#8211; Kultur"},"content":{"rendered":"<p>St\u00e4del-Direktor Philipp Demandt nennt ihn einen \u201eGeheimtipp\u201c. Und: \u201eSeine Malerei ist ein Fest f\u00fcr die Sinne, ein bet\u00f6rendes Wechselspiel aus Licht und Farbe.\u201c Demandt stellt ihn in eine Reihe mit K\u00fcnstlern wie Courbet, Manet oder C\u00e9zanne: Carl Schuch steht im Zentrum der faszinierenden Ausstellung des St\u00e4del Museums \u2013 eine Wiederentdeckung, die l\u00e4ngst \u00fcberf\u00e4llig ist.<\/p>\n<p>Und die zeigt, wie ebenb\u00fcrtig die Kunst Schuchs den<\/p>\n","protected":false},"excerpt":{"rendered":"St\u00e4del-Direktor Philipp Demandt nennt ihn einen \u201eGeheimtipp\u201c. Und: \u201eSeine Malerei ist ein Fest f\u00fcr die Sinne, ein bet\u00f6rendes&hellip;\n","protected":false},"author":2,"featured_media":506207,"comment_status":"","ping_status":"","sticky":false,"template":"","format":"standard","meta":{"footnotes":""},"categories":[1829],"tags":[29,2050,2051,10447,30,2052,2075],"class_list":{"0":"post-506206","1":"post","2":"type-post","3":"status-publish","4":"format-standard","5":"has-post-thumbnail","7":"category-frankfurt-am-main","8":"tag-deutschland","9":"tag-frankfurt","10":"tag-frankfurt-am-main","11":"tag-friolzheim","12":"tag-germany","13":"tag-hessen","14":"tag-kunst"},"share_on_mastodon":{"url":"https:\/\/pubeurope.com\/@de\/115390407221941674","error":""},"_links":{"self":[{"href":"https:\/\/www.europesays.com\/de\/wp-json\/wp\/v2\/posts\/506206","targetHints":{"allow":["GET"]}}],"collection":[{"href":"https:\/\/www.europesays.com\/de\/wp-json\/wp\/v2\/posts"}],"about":[{"href":"https:\/\/www.europesays.com\/de\/wp-json\/wp\/v2\/types\/post"}],"author":[{"embeddable":true,"href":"https:\/\/www.europesays.com\/de\/wp-json\/wp\/v2\/users\/2"}],"replies":[{"embeddable":true,"href":"https:\/\/www.europesays.com\/de\/wp-json\/wp\/v2\/comments?post=506206"}],"version-history":[{"count":0,"href":"https:\/\/www.europesays.com\/de\/wp-json\/wp\/v2\/posts\/506206\/revisions"}],"wp:featuredmedia":[{"embeddable":true,"href":"https:\/\/www.europesays.com\/de\/wp-json\/wp\/v2\/media\/506207"}],"wp:attachment":[{"href":"https:\/\/www.europesays.com\/de\/wp-json\/wp\/v2\/media?parent=506206"}],"wp:term":[{"taxonomy":"category","embeddable":true,"href":"https:\/\/www.europesays.com\/de\/wp-json\/wp\/v2\/categories?post=506206"},{"taxonomy":"post_tag","embeddable":true,"href":"https:\/\/www.europesays.com\/de\/wp-json\/wp\/v2\/tags?post=506206"}],"curies":[{"name":"wp","href":"https:\/\/api.w.org\/{rel}","templated":true}]}}