{"id":506208,"date":"2025-10-17T16:17:16","date_gmt":"2025-10-17T16:17:16","guid":{"rendered":"https:\/\/www.europesays.com\/de\/506208\/"},"modified":"2025-10-17T16:17:16","modified_gmt":"2025-10-17T16:17:16","slug":"stundenlange-schlangen-fuer-autogramme-und-selfies","status":"publish","type":"post","link":"https:\/\/www.europesays.com\/de\/506208\/","title":{"rendered":"Stundenlange Schlangen f\u00fcr Autogramme und Selfies"},"content":{"rendered":"<p>Frankfurter Buchmesse <\/p>\n<p>Vier Stunden Schlange f\u00fcr ein Selfie: Festhalle f\u00fcr Autogramme<\/p>\n<ul class=\"grid grid-flow-col gap-4\" aria-label=\"Autorenbilder\">\n<li class=\"leading-0\"><img data-tb-author-image=\"\"  loading=\"lazy\" src=\"https:\/\/www.europesays.com\/de\/wp-content\/uploads\/2025\/08\/oscar-fuchs.jpg\" alt=\"Oscar Fuchs\" title=\"Oscar Fuchs\" width=\"40\" height=\"40\" class=\"\" decoding=\"async\"\/><\/li>\n<\/ul>\n<p>17.10.2025 &#8211; 18:05 UhrLesedauer: 3 Min.<\/p>\n<p><a href=\"#focus-0\" class=\"transition-colors duration-200 block text-current relative\" data-sctrack=\"FocusGalleryImage.Reference\"><img fetchpriority=\"high\" data-testid=\"Opener.Image\" style=\"--lqipURL:url('https:\/\/images.t-online.de\/2025\/10\/fg0x9ndfxNMt\/20x0:2007x1129\/fit-in\/150x0\/filters:blur(25)\/zahlreiche-besucher-warten-auf-ein-autogramm-die-festhalle-wird-zum-meet-the-author-areal-auf-etwa-5600-quadratmetern-signieren-zahlreiche-autoren-buecher-oder-lassen-sich-mit-den-fans-fotografieren-die-buchmesse-erwartet-hier-rund-20000-menschen.jpg')\"   loading=\"eager\" src=\"https:\/\/www.europesays.com\/de\/wp-content\/uploads\/2025\/10\/zahlreiche-besucher-warten-auf-ein-autogramm-die-festhalle-wird-zum-meet-the-author-areal-auf-etwa-5.jpeg\" alt=\"77. Frankfurter Buchmesse - Autogramme in der Festhalle\" title=\"77. Frankfurter Buchmesse - Autogramme in der Festhalle\" width=\"2007\" height=\"1129\" class=\"bg-[url:var(--lqipURL)] bg-cover bg-center flex h-full w-full max-w-full\" decoding=\"async\"\/><img style=\"--width:32;--height:32\" loading=\"lazy\" src=\"https:\/\/frankfurt.t-online.de\/s\/paper\/_next\/static\/media\/zoom-in.f7dae02f.svg\" alt=\"Vergr\u00f6\u00dfern des Bildes\" title=\"Vergr\u00f6\u00dfern des Bildes\" class=\"block h-[calc(var(--height)_\/_16_*_1rem)] w-[calc(var(--width)_\/_16_*_1rem)] max-w-none absolute bottom-8 right-8 rounded-4 bg-snow p-8\" decoding=\"async\"\/><\/a><\/p>\n<p>Zahlreiche Besucher warten in der Festhalle auf ein Autogramm der Autorinnen Antonia Wesseling (links) und SenLinYu (rechts). (Quelle: Michael Brandt\/dpa\/dpa-bilder)<\/p>\n<p class=\"font-bold text-18 leading-17\">Erstmals richtet die Buchmesse die Festhalle als Ort f\u00fcr Selfies und Autogramme ein. So will sie dem Ansturm junger Leserinnen Raum geben und andere Hallen entlasten.<\/p>\n<p class=\"text-18 leading-17\">Es erinnert ein wenig ans Anstehen am Flughafen: Bis zu 15 Schlangen, die rund 50 Meter lang sind, fein s\u00e4uberlich mit Bodenmarkierungen abgetrennt. Hier geht es aber nicht um einen Security-Check \u2013 sondern um Selfies und Autogramme mit der Lieblingsautorin.<\/p>\n<p class=\"text-18 leading-17\">Und es sind vor allem Autorinnen und die Leserinnen, die sich hier gegen\u00fcberstehen. Hier pr\u00e4sentieren sich besonders popul\u00e4re Autorinnen <a class=\"transition-colors duration-200 cursor-pointer text-inherit no-underline text-salemsfur md:hover:text-magenta md:hover:border-magenta md:focus:text-magenta border-current border-b border-solid break-words\" href=\"https:\/\/frankfurt.t-online.de\/region\/frankfurt-am-main\/id_100916200\/frankfurter-buchmesse-alles-zu-tickets-stars-und-programm-2025.html\" data-sctrack=\"BodyAnchor\" target=\"_blank\" rel=\"noopener\">auf der Buchmesse<\/a>, die die Genres New und Young Adult und Romantasy bedienen. Daf\u00fcr gibt es ein enormes Interesse. Die Messe hatte 2023 schlie\u00dflich schlechte Erfahrungen mit einem Autogramm-Ansturm gemacht. Um \u00fcberf\u00fcllte Hallen zu vermeiden, gibt es in diesem Jahr erstmals diesen gesonderten Bereich, in dem die junge weibliche Zielgruppe auf ihre Stars trifft, den &#8222;Meet-the-Author&#8220;-Bereich.<\/p>\n<p class=\"text-18 leading-17\">Am Stand von SenLinYu sitzen Fans und warten schon vier Stunden, bevor die ber\u00fchmte Fan-Fiction-Autorin \u00fcberhaupt da ist. &#8222;Lieber sitze ich jetzt vier Stunden hier, als sp\u00e4ter&#8220;, sagt eine junge Leserin. &#8222;Als ich in die Halle reingekommen bin, dachte ich mir schon: wow&#8220;, sagt eine weitere Besucherin, die auf SenLinYu wartet. Ihr Buch &#8222;Alchemised&#8220;, das urspr\u00fcnglich im Internet als Harry-Potter-Fanfiction erschienen war, kam jetzt als eigenst\u00e4ndiger Roman raus. Innerhalb k\u00fcrzester Zeit entwickelte er sich zum neuen Favoriten der jungen Leserschaft.<\/p>\n<p class=\"text-18 leading-17\">Gro\u00df ist die Halle auf jeden Fall. Doch mit dem Charme der Buchmesse hat sie eher wenig zu tun: In der Mitte sind die Bahnen zu den Signiertischen aufgezeichnet, abgesperrt durch Flatterband. Am Rande der Halle gibt es eine kleine &#8222;Pop-up-B\u00fchne&#8220;, im hinteren Teil stehen als Werbung und Sitzgelegenheit ein paar M\u00f6bel eines gro\u00dfen schwedischen M\u00f6belhauses. Ansonsten hat die Halle nicht viel zu bieten. Es erinnert eben an die Massenabfertigung in einer Flughafenhalle, nur dass es hier Autogramme gibt.<\/p>\n<p class=\"text-18 leading-17\">Auf 5.600 Quadratmetern sind insgesamt 84 Autoren vertreten, die insgesamt 91 Stunden lang B\u00fccher signieren und sich mit Fans fotografieren lassen. Erwartet werden etwa 20.000 Besucher.<\/p>\n","protected":false},"excerpt":{"rendered":"Frankfurter Buchmesse Vier Stunden Schlange f\u00fcr ein Selfie: Festhalle f\u00fcr Autogramme 17.10.2025 &#8211; 18:05 UhrLesedauer: 3 Min. Zahlreiche&hellip;\n","protected":false},"author":2,"featured_media":506209,"comment_status":"","ping_status":"","sticky":false,"template":"","format":"standard","meta":{"footnotes":""},"categories":[1829],"tags":[3092,64481,70,29,7978,2050,2051,53122,30,2052,47,11242],"class_list":{"0":"post-506208","1":"post","2":"type-post","3":"status-publish","4":"format-standard","5":"has-post-thumbnail","7":"category-frankfurt-am-main","8":"tag-3092","9":"tag-autogramm","10":"tag-buchmesse","11":"tag-deutschland","12":"tag-festhalle","13":"tag-frankfurt","14":"tag-frankfurt-am-main","15":"tag-frankfurter-buchmesse","16":"tag-germany","17":"tag-hessen","18":"tag-messe","19":"tag-wesseling"},"share_on_mastodon":{"url":"https:\/\/pubeurope.com\/@de\/115390411920195888","error":""},"_links":{"self":[{"href":"https:\/\/www.europesays.com\/de\/wp-json\/wp\/v2\/posts\/506208","targetHints":{"allow":["GET"]}}],"collection":[{"href":"https:\/\/www.europesays.com\/de\/wp-json\/wp\/v2\/posts"}],"about":[{"href":"https:\/\/www.europesays.com\/de\/wp-json\/wp\/v2\/types\/post"}],"author":[{"embeddable":true,"href":"https:\/\/www.europesays.com\/de\/wp-json\/wp\/v2\/users\/2"}],"replies":[{"embeddable":true,"href":"https:\/\/www.europesays.com\/de\/wp-json\/wp\/v2\/comments?post=506208"}],"version-history":[{"count":0,"href":"https:\/\/www.europesays.com\/de\/wp-json\/wp\/v2\/posts\/506208\/revisions"}],"wp:featuredmedia":[{"embeddable":true,"href":"https:\/\/www.europesays.com\/de\/wp-json\/wp\/v2\/media\/506209"}],"wp:attachment":[{"href":"https:\/\/www.europesays.com\/de\/wp-json\/wp\/v2\/media?parent=506208"}],"wp:term":[{"taxonomy":"category","embeddable":true,"href":"https:\/\/www.europesays.com\/de\/wp-json\/wp\/v2\/categories?post=506208"},{"taxonomy":"post_tag","embeddable":true,"href":"https:\/\/www.europesays.com\/de\/wp-json\/wp\/v2\/tags?post=506208"}],"curies":[{"name":"wp","href":"https:\/\/api.w.org\/{rel}","templated":true}]}}