{"id":506212,"date":"2025-10-17T16:19:15","date_gmt":"2025-10-17T16:19:15","guid":{"rendered":"https:\/\/www.europesays.com\/de\/506212\/"},"modified":"2025-10-17T16:19:15","modified_gmt":"2025-10-17T16:19:15","slug":"wetter-koeln-atlantiktief-bringt-120-liter-regen","status":"publish","type":"post","link":"https:\/\/www.europesays.com\/de\/506212\/","title":{"rendered":"Wetter K\u00f6ln: Atlantiktief bringt 120 Liter Regen"},"content":{"rendered":"<p>Glatte Stra\u00dfen drohen <\/p>\n<p>Temperatursturz in K\u00f6ln und NRW erwartet &#8211; erster Schnee m\u00f6glich?<\/p>\n<p>17.10.2025 &#8211; 17:49 UhrLesedauer: 2 Min.<\/p>\n<p><a href=\"#focus-0\" class=\"transition-colors duration-200 block text-current relative\" data-sctrack=\"FocusGalleryImage.Reference\"><img fetchpriority=\"high\" data-testid=\"Opener.Image\" style=\"--lqipURL:url('https:\/\/images.t-online.de\/2025\/10\/ievN3wwvF0LA\/0x209:4000x2250\/fit-in\/150x0\/filters:blur(25)\/ein-schild-warnt-vor-schnee-auf-der-strasse-symbolbild-in-nordrhein-westfalen-koennte-bald-der-erste-schnee-des-herbstes-fallen-es-drohen-glatte-strassen.jpg')\"   loading=\"eager\" src=\"https:\/\/www.europesays.com\/de\/wp-content\/uploads\/2025\/10\/ein-schild-warnt-vor-schnee-auf-der-strasse-symbolbild-in-nordrhein-westfalen-koennte-bald-der-erste.jpeg\" alt=\"Ein Schild warnt vor Schnee auf der Stra\u00dfe (Symbolbild): In Nordrhein-Westfalen k\u00f6nnte bald der erste Schnee des Herbstes fallen. Es drohen glatte Stra\u00dfen.\" title=\"Ein Schild warnt vor Schnee auf der Stra\u00dfe (Symbolbild): In Nordrhein-Westfalen k\u00f6nnte bald der erste Schnee des Herbstes fallen. Es drohen glatte Stra\u00dfen.\" width=\"4000\" height=\"2250\" class=\"bg-[url:var(--lqipURL)] bg-cover bg-center flex h-full w-full max-w-full\" decoding=\"async\"\/><img style=\"--width:32;--height:32\" loading=\"lazy\" src=\"https:\/\/www.t-online.de\/s\/paper\/_next\/static\/media\/zoom-in.f7dae02f.svg\" alt=\"Vergr\u00f6\u00dfern des Bildes\" title=\"Vergr\u00f6\u00dfern des Bildes\" class=\"block h-[calc(var(--height)_\/_16_*_1rem)] w-[calc(var(--width)_\/_16_*_1rem)] max-w-none absolute bottom-8 right-8 rounded-4 bg-snow p-8\" decoding=\"async\"\/><\/a><\/p>\n<p>Ein Schild warnt vor Schnee auf der Stra\u00dfe (Symbolbild): In Nordrhein-Westfalen k\u00f6nnte bald der erste Schnee des Herbstes fallen. Es drohen glatte Stra\u00dfen. (Quelle: IMAGO\/Rene Traut)<\/p>\n<p class=\"font-bold text-18 leading-17\">Nach Regenschauern und Gewittern drohen eisige Temperaturen in K\u00f6ln und der Region. Dabei ist sogar Neuschnee m\u00f6glich.<\/p>\n<p class=\"text-18 leading-17\">Starke <a class=\"transition-colors duration-200 cursor-pointer text-inherit no-underline text-salemsfur md:hover:text-magenta md:hover:border-magenta md:focus:text-magenta border-current border-b border-solid break-words\" href=\"https:\/\/www.t-online.de\/region\/koeln\/id_100954942\/wetter-koeln-60-liter-regen-atlantik-sturm-bringt-frost-nach-nrw.html\" data-sctrack=\"BodyAnchor\" target=\"_blank\" rel=\"noopener\">Regenf\u00e4lle und ein Temperatursturz<\/a> erreichen in den kommenden Tagen <a class=\"transition-colors duration-200 cursor-pointer text-inherit no-underline text-salemsfur md:hover:text-magenta md:hover:border-magenta md:focus:text-magenta border-current border-b border-solid break-words\" href=\"https:\/\/www.t-online.de\/region\/koeln\/\" data-sctrack=\"BodyAnchor\" target=\"_blank\" rel=\"noopener\">K\u00f6ln<\/a> und Nordrhein-Westfalen. Die Langzeitprognosen einiger Wettermodelle erwarten ab kommender Woche Montag bis zum Ende des Monats teils fast 120 Liter Regen im K\u00f6lner Umland und bis zu 100 Liter im <a class=\"transition-colors duration-200 cursor-pointer text-inherit no-underline text-salemsfur md:hover:text-magenta md:hover:border-magenta md:focus:text-magenta border-current border-b border-solid break-words\" href=\"https:\/\/www.t-online.de\/region\/koeln\/id_100936684\/koeln-unwetter-bis-zu-115-liter-regen-bald-erster-frost-in-nrw.html\" data-sctrack=\"BodyAnchor\" target=\"_blank\" rel=\"noopener\">K\u00f6lner Stadtgebiet<\/a>. Hinzu kommt in h\u00f6heren Lagen m\u00f6glicherweise der erste Schnee des Jahres.<\/p>\n<p class=\"text-18 leading-17\">Ein atlantisches Sturmtief bringt bereits ab Montag (20. Oktober) neue Regenschauer nach K\u00f6ln und in die Region. Diese sollen in der kommenden Woche anhalten. Dadurch summiert sich die Regenmenge bis Ende Oktober auf mehr als 100 Liter. Das Wettermodell des Europ\u00e4ischen Zentrums f\u00fcr mittelfristige Wettervorhersage (ECMWF) und das US-Modell GFS sind sich dabei bei den Regenmengen nahezu einig.<\/p>\n<p>Video | In diesen Regionen k\u00fcndigen sich Minustemperaturen an<\/p>\n<p><img style=\"--width:32;--height:32\" loading=\"lazy\" src=\"https:\/\/www.t-online.de\/s\/paper\/_next\/static\/media\/loading-indicator-video.1f35d8de.svg\" alt=\"Video l\u00e4dt\" title=\"Video l\u00e4dt\" class=\"block h-[calc(var(--height)_\/_16_*_1rem)] w-[calc(var(--width)_\/_16_*_1rem)] max-w-none undefined\" decoding=\"async\"\/>Player wird geladenQuelle: Wetter.com<\/p>\n<p class=\"text-18 leading-17\">Beide gelten als verl\u00e4sslich, was <a class=\"transition-colors duration-200 cursor-pointer text-inherit no-underline text-salemsfur md:hover:text-magenta md:hover:border-magenta md:focus:text-magenta border-current border-b border-solid break-words\" href=\"https:\/\/www.t-online.de\/nachrichten\/panorama\/wetter\/id_100951888\/mix-aus-nebel-sonne-regen-keine-wetteraenderung-in-sicht.html\" data-sctrack=\"BodyAnchor\" target=\"_blank\" rel=\"noopener\">langfristige Wetterprognosen<\/a> angeht. Diese sind grunds\u00e4tzlich allerdings immer nur ein Ausblick auf die anstehende Wetterlage und haben speziell bei l\u00e4ngeren Vorhersagen noch eine gewisse Unsicherheit in der Prognose. Alle drei Modelle rechnen allerdings mit einem Temperaturabfall zum Ende der kommenden Woche.<\/p>\n<p class=\"text-18 leading-17\">Ab dann kann es auch vor allem in h\u00f6heren Lagen zu ersten Schneef\u00e4llen in diesem Herbst in Nordrhein-Westfalen kommen. Das ECMWF-Modell rechnet vor allem im Oberbergischen Kreis mit ersten Schneeschauern, in <a class=\"transition-colors duration-200 cursor-pointer text-inherit no-underline text-salemsfur md:hover:text-magenta md:hover:border-magenta md:focus:text-magenta border-current border-b border-solid break-words\" href=\"https:\/\/www.t-online.de\/themen\/wermelskirchen\/\" data-sctrack=\"BodyAnchor\" target=\"_blank\" rel=\"noopener\">Wermelskirchen<\/a> sind bis zu f\u00fcnf Zentimeter Neuschnee m\u00f6glich. In der Eifel dagegen sollen nur einige wenige Flocken herunterkommen.<\/p>\n","protected":false},"excerpt":{"rendered":"Glatte Stra\u00dfen drohen Temperatursturz in K\u00f6ln und NRW erwartet &#8211; erster Schnee m\u00f6glich? 17.10.2025 &#8211; 17:49 UhrLesedauer: 2&hellip;\n","protected":false},"author":2,"featured_media":506213,"comment_status":"","ping_status":"","sticky":false,"template":"","format":"standard","meta":{"footnotes":""},"categories":[1828],"tags":[29,9056,1418,2214,30,1420,126383,1209,33548,27551,13619,33547,4888,4028,2256,51242,5415,2255],"class_list":{"0":"post-506212","1":"post","2":"type-post","3":"status-publish","4":"format-standard","5":"has-post-thumbnail","7":"category-koeln","8":"tag-deutschland","9":"tag-dueren","10":"tag-eifel","11":"tag-euskirchen","12":"tag-germany","13":"tag-koeln","14":"tag-neuschnee","15":"tag-nordrhein-westfalen","16":"tag-oberbergischer-kreis","17":"tag-rhein-erft-kreis","18":"tag-rhein-sieg-kreis","19":"tag-rheinisch-bergischer-kreis","20":"tag-temperatursturz","21":"tag-unwetter","22":"tag-wetterausblick","23":"tag-wettermodell","24":"tag-wetterprognose","25":"tag-wettervorhersage"},"share_on_mastodon":{"url":"https:\/\/pubeurope.com\/@de\/115390419376375350","error":""},"_links":{"self":[{"href":"https:\/\/www.europesays.com\/de\/wp-json\/wp\/v2\/posts\/506212","targetHints":{"allow":["GET"]}}],"collection":[{"href":"https:\/\/www.europesays.com\/de\/wp-json\/wp\/v2\/posts"}],"about":[{"href":"https:\/\/www.europesays.com\/de\/wp-json\/wp\/v2\/types\/post"}],"author":[{"embeddable":true,"href":"https:\/\/www.europesays.com\/de\/wp-json\/wp\/v2\/users\/2"}],"replies":[{"embeddable":true,"href":"https:\/\/www.europesays.com\/de\/wp-json\/wp\/v2\/comments?post=506212"}],"version-history":[{"count":0,"href":"https:\/\/www.europesays.com\/de\/wp-json\/wp\/v2\/posts\/506212\/revisions"}],"wp:featuredmedia":[{"embeddable":true,"href":"https:\/\/www.europesays.com\/de\/wp-json\/wp\/v2\/media\/506213"}],"wp:attachment":[{"href":"https:\/\/www.europesays.com\/de\/wp-json\/wp\/v2\/media?parent=506212"}],"wp:term":[{"taxonomy":"category","embeddable":true,"href":"https:\/\/www.europesays.com\/de\/wp-json\/wp\/v2\/categories?post=506212"},{"taxonomy":"post_tag","embeddable":true,"href":"https:\/\/www.europesays.com\/de\/wp-json\/wp\/v2\/tags?post=506212"}],"curies":[{"name":"wp","href":"https:\/\/api.w.org\/{rel}","templated":true}]}}