{"id":506215,"date":"2025-10-17T16:21:13","date_gmt":"2025-10-17T16:21:13","guid":{"rendered":"https:\/\/www.europesays.com\/de\/506215\/"},"modified":"2025-10-17T16:21:13","modified_gmt":"2025-10-17T16:21:13","slug":"warum-sich-studenten-aus-hawaii-fuer-oberhaching-interessieren-landkreis-muenchen","status":"publish","type":"post","link":"https:\/\/www.europesays.com\/de\/506215\/","title":{"rendered":"Warum sich Studenten aus Hawaii f\u00fcr Oberhaching interessieren &#8211; Landkreis M\u00fcnchen"},"content":{"rendered":"<p class=\"css-c9fym5\" data-manual=\"teaserText\" data-schema-org-speakable=\"true\">Die Oberhachinger Ortsgestaltungssatzung ist weltweit bedeutend. Was sich Architektur-Studenten aus Hawaii von der Bauweise in Oberbayern abschauen k\u00f6nnen und welche Rolle Bier dabei spielt.<\/p>\n<p data-manual=\"author\" data-testid=\"byline\" class=\"css-1b049jz\">Kolumne von <a href=\"https:\/\/www.sueddeutsche.de\/autoren\/iris-hilberth-1.1408614\" rel=\"nofollow noopener\" target=\"_blank\">Iris Hilberth<\/a>, Oberhaching<\/p>\n<p data-manual=\"paragraph\" data-schema-org-speakable=\"true\" class=\"css-9njfp7\">Die Oberhachinger Ortsgestaltungssatzung z\u00e4hlt weltweit zur f\u00fchrenden Literatur aus dem Bereich Verwaltungsleitf\u00e4den. Es ist ein Standardwerk f\u00fcr jede Bauverwaltung, jedes Stadtplanungsb\u00fcro und ein Must-have f\u00fcr Architekturstudenten. Wer bislang immer noch gedacht hat, die darin detailliert beschriebene voralpenl\u00e4ndisch gepr\u00e4gte Bauweise w\u00e4re nur etwas f\u00fcr hiesige Breiten, der irrt gewaltig. <a href=\"https:\/\/www.sueddeutsche.de\/thema\/Oberhaching\" rel=\"nofollow noopener\" target=\"_blank\">Oberhaching<\/a> ist \u00fcberall. Bald sogar auf Hawaii.<\/p>\n","protected":false},"excerpt":{"rendered":"Die Oberhachinger Ortsgestaltungssatzung ist weltweit bedeutend. Was sich Architektur-Studenten aus Hawaii von der Bauweise in Oberbayern abschauen k\u00f6nnen&hellip;\n","protected":false},"author":2,"featured_media":506216,"comment_status":"","ping_status":"","sticky":false,"template":"","format":"standard","meta":{"footnotes":""},"categories":[1827],"tags":[772,29,30,2527,1268,2339,10024,149],"class_list":{"0":"post-506215","1":"post","2":"type-post","3":"status-publish","4":"format-standard","5":"has-post-thumbnail","7":"category-muenchen","8":"tag-bayern","9":"tag-deutschland","10":"tag-germany","11":"tag-landkreis-muenchen","12":"tag-muenchen","13":"tag-oberbayern","14":"tag-oberhaching","15":"tag-sueddeutsche-zeitung"},"share_on_mastodon":{"url":"https:\/\/pubeurope.com\/@de\/115390426916293779","error":""},"_links":{"self":[{"href":"https:\/\/www.europesays.com\/de\/wp-json\/wp\/v2\/posts\/506215","targetHints":{"allow":["GET"]}}],"collection":[{"href":"https:\/\/www.europesays.com\/de\/wp-json\/wp\/v2\/posts"}],"about":[{"href":"https:\/\/www.europesays.com\/de\/wp-json\/wp\/v2\/types\/post"}],"author":[{"embeddable":true,"href":"https:\/\/www.europesays.com\/de\/wp-json\/wp\/v2\/users\/2"}],"replies":[{"embeddable":true,"href":"https:\/\/www.europesays.com\/de\/wp-json\/wp\/v2\/comments?post=506215"}],"version-history":[{"count":0,"href":"https:\/\/www.europesays.com\/de\/wp-json\/wp\/v2\/posts\/506215\/revisions"}],"wp:featuredmedia":[{"embeddable":true,"href":"https:\/\/www.europesays.com\/de\/wp-json\/wp\/v2\/media\/506216"}],"wp:attachment":[{"href":"https:\/\/www.europesays.com\/de\/wp-json\/wp\/v2\/media?parent=506215"}],"wp:term":[{"taxonomy":"category","embeddable":true,"href":"https:\/\/www.europesays.com\/de\/wp-json\/wp\/v2\/categories?post=506215"},{"taxonomy":"post_tag","embeddable":true,"href":"https:\/\/www.europesays.com\/de\/wp-json\/wp\/v2\/tags?post=506215"}],"curies":[{"name":"wp","href":"https:\/\/api.w.org\/{rel}","templated":true}]}}