{"id":506219,"date":"2025-10-17T16:24:19","date_gmt":"2025-10-17T16:24:19","guid":{"rendered":"https:\/\/www.europesays.com\/de\/506219\/"},"modified":"2025-10-17T16:24:19","modified_gmt":"2025-10-17T16:24:19","slug":"berlin-brandenburg-mehr-baeume-fuer-berlin-geplant","status":"publish","type":"post","link":"https:\/\/www.europesays.com\/de\/506219\/","title":{"rendered":"Berlin &#038; Brandenburg: Mehr B\u00e4ume f\u00fcr Berlin geplant"},"content":{"rendered":"<p>                    Berlin &amp; Brandenburg<br \/>\n                Mehr B\u00e4ume f\u00fcr Berlin geplant<\/p>\n<p>\t\t\t\t              17.10.2025, 17:33 Uhr<\/p>\n<p><strong>Statt Volksentscheid nun ein Gesetz: CDU, SPD und die B\u00fcrgerinitiative ziehen beim Baumprogramm f\u00fcr Berlin jetzt an einem Strang. Wie viel Gr\u00fcn bekommt die Hauptstadt?<\/strong><\/p>\n<p>Berlin (dpa\/bb) &#8211; Berlin soll gr\u00fcner werden und in den kommenden 15 Jahren Hunderttausende zus\u00e4tzliche B\u00e4ume bekommen. Auf einen entsprechenden Gesetzentwurf verst\u00e4ndigten sich die Koalitionsfraktionen CDU und SPD mit Vertretern der B\u00fcrgerinitiative &#8222;BaumEntscheid&#8220;.\u00a0<\/p>\n<p>Der Entwurf, der noch am Abend im Hauptausschuss des Abgeordnetenhauses behandelt werden sollte, ist eng angelehnt an eine Vorlage der Initiative. Er soll am 3. November in einer Sondersitzung des Abgeordnetenhauses endg\u00fcltig beschlossen werden.\u00a0<\/p>\n<p>Initiative spricht von gro\u00dfem Erfolg<\/p>\n<p>Der B\u00fcrgerinitiative und den Regierungsfraktionen sei ein Schulterschluss gelungen, hie\u00df es am Nachmittag. Die Einigung auf ein Baumgesetz mache Berlin lebenswerter und solle die Stadt besser auf Hitze, D\u00fcrre und den Klimawandel vorbereiten. Der Mitinitiator der B\u00fcrgerinitiative, Heinrich Str\u00f6\u00dfenreuther, sprach von einem gro\u00dfen Erfolg f\u00fcr b\u00fcrgerschaftliches Engagement.\u00a0<\/p>\n<p>Das B\u00fcndnis strebte bisher einen Volksentscheid \u00fcber mehr Stadtgr\u00fcn und mehr Anpassung an den Klimawandel an. Zu den Zielen geh\u00f6ren unter anderem eine Million B\u00e4ume in Berlin bis 2040. Zum Vergleich: Heute gibt es laut CDU rund 440.000 Stadtb\u00e4ume, die Tendenz war zuletzt r\u00fcckl\u00e4ufig. Da nunmehr das Parlament den Gesetzentwurf der Initiative im Wesentlichen beschlie\u00dfen wird, ist der Volksentscheid vom Tisch.<\/p>\n<p>Hin und Her<\/p>\n<p>Der schwarz-rote Senat hatte den Entwurf, den die Initiative im Zuge eines Volksbegehrens mit einer Unterschriftensammlung auf den Weg gebracht hatte, mit Blick auf hohe Kosten abgelehnt. Die Koalitionsfraktionen im Abgeordnetenhaus waren dieser Linie indes nicht gefolgt. Sie hatten zun\u00e4chst einen eigenen Gesetzentwurf in Aussicht gestellt, waren dann aber doch auf den Gesetzentwurf der Initiative aufgesprungen.\u00a0<\/p>\n<p>Noch offene Detailfragen waren in den vergangenen Tagen zwischen Koalition und Initiative gekl\u00e4rt worden. Noch w\u00e4hrend der Sitzung des Hauptausschusses liefen nach dpa-Informationen hinter den Kulissen letzte Gespr\u00e4che.\u00a0<\/p>\n<p>Das geplante Baumprogramm soll \u00fcber 15 Jahre verteilt um die 3 Milliarden Euro kosten. Die Kostensch\u00e4tzung wurde zun\u00e4chst als &#8222;rechnerische Gr\u00f6\u00dfe&#8220; bezeichnet. Laut Regierungsfraktionen ist es eine Idee, auch Geld aus dem vom Bund bereitgestellten Sonderverm\u00f6gen zu nutzen. Ein wissenschaftlicher Beirat &#8211; auch Kontrollrat genannt &#8211; soll unter anderem regelm\u00e4\u00dfig Gutachten zur Umsetzung des Baumgesetzes erstellen.<\/p>\n<p>Frist l\u00e4uft ab\u00a0<\/p>\n<p>Der Termin f\u00fcr die Sondersitzung des Abgeordnetenhauses am 3. November hat mit dem Ablauf einer gesetzlich vorgegebenen Frist zu tun, innerhalb derer sich das Parlament zu dem Gesetzentwurf der Baum-Initiative verhalten muss. Die regul\u00e4re Plenarsitzung am 6. November w\u00e4re daf\u00fcr zu sp\u00e4t.<\/p>\n","protected":false},"excerpt":{"rendered":"Berlin &amp; Brandenburg Mehr B\u00e4ume f\u00fcr Berlin geplant 17.10.2025, 17:33 Uhr Statt Volksentscheid nun ein Gesetz: CDU, SPD&hellip;\n","protected":false},"author":2,"featured_media":506220,"comment_status":"","ping_status":"","sticky":false,"template":"","format":"standard","meta":{"footnotes":""},"categories":[1816],"tags":[1960,1958,1959,1957,9180,296,1956,1890,29,30,7473],"class_list":{"0":"post-506219","1":"post","2":"type-post","3":"status-publish","4":"format-standard","5":"has-post-thumbnail","7":"category-brandenburg","8":"tag-aktuelle-nachrichten-aus-berlin-und-brandenburg","9":"tag-aktuelle-nachrichten-aus-brandenburg","10":"tag-aktuelle-news-aus-berlin-und-brandenburg","11":"tag-aktuelle-news-aus-brandenburg","12":"tag-baeume","13":"tag-berlin","14":"tag-berlin-und-brandenburg","15":"tag-brandenburg","16":"tag-deutschland","17":"tag-germany","18":"tag-mehr"},"share_on_mastodon":{"url":"https:\/\/pubeurope.com\/@de\/115390438876912674","error":""},"_links":{"self":[{"href":"https:\/\/www.europesays.com\/de\/wp-json\/wp\/v2\/posts\/506219","targetHints":{"allow":["GET"]}}],"collection":[{"href":"https:\/\/www.europesays.com\/de\/wp-json\/wp\/v2\/posts"}],"about":[{"href":"https:\/\/www.europesays.com\/de\/wp-json\/wp\/v2\/types\/post"}],"author":[{"embeddable":true,"href":"https:\/\/www.europesays.com\/de\/wp-json\/wp\/v2\/users\/2"}],"replies":[{"embeddable":true,"href":"https:\/\/www.europesays.com\/de\/wp-json\/wp\/v2\/comments?post=506219"}],"version-history":[{"count":0,"href":"https:\/\/www.europesays.com\/de\/wp-json\/wp\/v2\/posts\/506219\/revisions"}],"wp:featuredmedia":[{"embeddable":true,"href":"https:\/\/www.europesays.com\/de\/wp-json\/wp\/v2\/media\/506220"}],"wp:attachment":[{"href":"https:\/\/www.europesays.com\/de\/wp-json\/wp\/v2\/media?parent=506219"}],"wp:term":[{"taxonomy":"category","embeddable":true,"href":"https:\/\/www.europesays.com\/de\/wp-json\/wp\/v2\/categories?post=506219"},{"taxonomy":"post_tag","embeddable":true,"href":"https:\/\/www.europesays.com\/de\/wp-json\/wp\/v2\/tags?post=506219"}],"curies":[{"name":"wp","href":"https:\/\/api.w.org\/{rel}","templated":true}]}}