{"id":506225,"date":"2025-10-17T16:27:12","date_gmt":"2025-10-17T16:27:12","guid":{"rendered":"https:\/\/www.europesays.com\/de\/506225\/"},"modified":"2025-10-17T16:27:12","modified_gmt":"2025-10-17T16:27:12","slug":"berlin-und-ankara-mehr-kooperation-bei-krisenbewaeltigung","status":"publish","type":"post","link":"https:\/\/www.europesays.com\/de\/506225\/","title":{"rendered":"Berlin und Ankara: Mehr Kooperation bei Krisenbew\u00e4ltigung"},"content":{"rendered":"<p class=\"tracking-tight font-semibold text-base\" q:key=\"O8_0\">Die Zusammenarbeit zwischen Deutschland und der T\u00fcrkei im Kampf gegen Kriege und Krisen soll intensiviert werden.<\/p>\n<p><img onload=\"this.style.backgroundColor = ''\" loading=\"eager\" fetchpriority=\"high\" decoding=\"sync\" height=\"450\" alt=\"Johann Wadephul (Deutschland) und Hakan Fidan (T\u00fcrkei)\" width=\"900\"  style=\"aspect-ratio:2;object-fit:cover;background-color:#50384D\"  src=\"https:\/\/www.europesays.com\/de\/wp-content\/uploads\/2025\/10\/johann-wadephul-deutschland-und-hakan-fidan-turkei.jpg\" class=\"rounded-xl mx-auto\" on:load=\"q-DJ8QvbLR.js#s_pVFDuJsFGxQ\"\/>Die Aussenminister Johann Wadephul (Deutschland) und Hakan Fidan (T\u00fcrkei) in Ankara: Beide L\u00e4nder betonen ihre Kooperation bei Friedenspl\u00e4nen und Krisenbew\u00e4ltigung. &#8211; keystone<\/p>\n<p preventdefault:click=\"\" lang=\"de\" class=\"text-base hyphens-auto\" on:click=\"q-DZWt_kAh.js#s_Dola2XqN0FU[0 1]\" q:key=\"YR_0\" q:id=\"8g\">Deutschland und die T\u00fcrkei wollen ihre Kooperation im <a href=\"https:\/\/www.nau.ch\/news\/europa\/merz-kundigt-aktionsplan-gegen-hybriden-krieg-an-67055178\" rel=\"nofollow noopener\" target=\"_blank\">Kampf gegen die Kriege<\/a> und Krisen vor allem im Gazastreifen, aber auch in der Ukraine und Syrien verst\u00e4rken. \u00abIch glaube, dass gerade das Zusammenwirken zwischen der T\u00fcrkei und der Bundesrepublik Deutschland hier einen entscheidenden Beitrag f\u00fcr die Zukunft liefern kann\u00bb, sagte Aussenminister Johann Wadephul (CDU) beim Treffen mit seinem t\u00fcrkischen Kollegen Hakan Fidan in der Hauptstadt Ankara vor allem mit Blick auf den Gaza-Friedensplan der US-<a href=\"https:\/\/www.nau.ch\/politik\/regierung\" rel=\"nofollow noopener\" target=\"_blank\">Regierung<\/a>.<\/p>\n<p preventdefault:click=\"\" lang=\"de\" class=\"text-base hyphens-auto\" on:click=\"q-DZWt_kAh.js#s_Dola2XqN0FU[0 1]\" q:key=\"YR_0\" q:id=\"8i\">Das Engagement der T\u00fcrkei f\u00fcr den Friedensplan und ihr Einfluss auf die islamistische <a href=\"https:\/\/www.nau.ch\/politik\/hamas\" rel=\"nofollow noopener\" target=\"_blank\">Hamas<\/a> sei sehr wertvoll gewesen, sagte Wadephul. Er und Fidan h\u00e4tten auch in den vergangenen Tagen, in denen viele praktische Probleme aufgetaucht seien, eng zusammengearbeitet. \u00abIch kann mich vollst\u00e4ndig darauf verlassen, dass die T\u00fcrkei hier eine konstruktive Rolle spielt.\u00bb<\/p>\n<p>Ankara bereit zur Beteiligung an Friedensmissionen<\/p>\n<p preventdefault:click=\"\" lang=\"de\" class=\"text-base hyphens-auto\" on:click=\"q-DZWt_kAh.js#s_Dola2XqN0FU[0 1]\" q:key=\"YR_0\" q:id=\"8k\">Fidan betonte, Ankara sei bereit, sich an den Friedenstruppen und anderen Missionen zur Umsetzung des Friedensplans zu beteiligen, aber Details seien noch offen. So habe die <a href=\"https:\/\/www.nau.ch\/politik\/hamas\" rel=\"nofollow noopener\" target=\"_blank\">Hamas<\/a> beispielsweise keine Mittel, um noch vermisste Leichen von israelischen Geiseln zu bergen.<\/p>\n<p preventdefault:click=\"\" lang=\"de\" class=\"text-base hyphens-auto\" on:click=\"q-DZWt_kAh.js#s_Dola2XqN0FU[0 1]\" q:key=\"YR_0\" q:id=\"8m\">Wadephul sagte der T\u00fcrkei Unterst\u00fctzung auf dem Weg in die <a href=\"https:\/\/www.nau.ch\/politik\/europaische-union\" rel=\"nofollow noopener\" target=\"_blank\">Europ\u00e4ische Union<\/a> zu \u2013 vorausgesetzt, die <a href=\"https:\/\/www.nau.ch\/politik\/regierung\" rel=\"nofollow noopener\" target=\"_blank\">Regierung<\/a> in Ankara gehe Reformen etwa im Bereich der <a href=\"https:\/\/www.nau.ch\/news\/menschenrechte\" rel=\"nofollow noopener\" target=\"_blank\">Menschenrechte<\/a> an. \u00abF\u00fcr mich ist entscheidend, dass ich den Willen erkenne, dass die T\u00fcrkei ernsthaft in Richtung Europ\u00e4ischer Union sich bewegen will.\u00bb<\/p>\n<p preventdefault:click=\"\" lang=\"de\" class=\"text-base hyphens-auto\" on:click=\"q-DZWt_kAh.js#s_Dola2XqN0FU[0 1]\" q:key=\"YR_0\" q:id=\"8o\">Dieser Weg werde nicht leicht und sei nicht innerhalb von wenigen Tagen oder Wochen oder Monaten zu absolvieren. Es brauche aber auch Offenheit und Aufgeschlossenheit aufseiten der <a href=\"https:\/\/www.nau.ch\/news\/eu\" rel=\"nofollow noopener\" target=\"_blank\">EU<\/a>. \u00abIch glaube, Deutschland kann da eine partnerschaftliche und positive Rolle einnehmen.\u00bb<\/p>\n<p preventdefault:click=\"\" lang=\"de\" class=\"text-base hyphens-auto\" on:click=\"q-DZWt_kAh.js#s_Dola2XqN0FU[0 1]\" q:key=\"YR_0\" q:id=\"8q\">Fidan sagte, die <a href=\"https:\/\/www.nau.ch\/news\/eu\" rel=\"nofollow noopener\" target=\"_blank\">EU<\/a>-L\u00e4nder und die T\u00fcrkei atmeten die gleiche Luft \u2013 nur gemeinsam werde man zu einer \u00abSupermacht\u00bb. Von Deutschland erwarte sein Land Unterst\u00fctzung bei Themen wie der Zollunion und der Visafreiheit.<\/p>\n","protected":false},"excerpt":{"rendered":"Die Zusammenarbeit zwischen Deutschland und der T\u00fcrkei im Kampf gegen Kriege und Krisen soll intensiviert werden. Die Aussenminister&hellip;\n","protected":false},"author":2,"featured_media":506226,"comment_status":"","ping_status":"","sticky":false,"template":"","format":"standard","meta":{"footnotes":""},"categories":[1825],"tags":[296,29,126384,126386,126385,125768,30,126387],"class_list":{"0":"post-506225","1":"post","2":"type-post","3":"status-publish","4":"format-standard","5":"has-post-thumbnail","7":"category-berlin","8":"tag-berlin","9":"tag-deutschland","10":"tag-deutschland-tuerkei-zusammenarbeit","11":"tag-eu-reformprozess-tuerkei","12":"tag-friedensmission-beteiligung-ankaras","13":"tag-gaza-friedensplan","14":"tag-germany","15":"tag-zollunion-visafreiheitsunterstuetzung"},"share_on_mastodon":{"url":"https:\/\/pubeurope.com\/@de\/115390451104018781","error":""},"_links":{"self":[{"href":"https:\/\/www.europesays.com\/de\/wp-json\/wp\/v2\/posts\/506225","targetHints":{"allow":["GET"]}}],"collection":[{"href":"https:\/\/www.europesays.com\/de\/wp-json\/wp\/v2\/posts"}],"about":[{"href":"https:\/\/www.europesays.com\/de\/wp-json\/wp\/v2\/types\/post"}],"author":[{"embeddable":true,"href":"https:\/\/www.europesays.com\/de\/wp-json\/wp\/v2\/users\/2"}],"replies":[{"embeddable":true,"href":"https:\/\/www.europesays.com\/de\/wp-json\/wp\/v2\/comments?post=506225"}],"version-history":[{"count":0,"href":"https:\/\/www.europesays.com\/de\/wp-json\/wp\/v2\/posts\/506225\/revisions"}],"wp:featuredmedia":[{"embeddable":true,"href":"https:\/\/www.europesays.com\/de\/wp-json\/wp\/v2\/media\/506226"}],"wp:attachment":[{"href":"https:\/\/www.europesays.com\/de\/wp-json\/wp\/v2\/media?parent=506225"}],"wp:term":[{"taxonomy":"category","embeddable":true,"href":"https:\/\/www.europesays.com\/de\/wp-json\/wp\/v2\/categories?post=506225"},{"taxonomy":"post_tag","embeddable":true,"href":"https:\/\/www.europesays.com\/de\/wp-json\/wp\/v2\/tags?post=506225"}],"curies":[{"name":"wp","href":"https:\/\/api.w.org\/{rel}","templated":true}]}}