{"id":506227,"date":"2025-10-17T16:28:10","date_gmt":"2025-10-17T16:28:10","guid":{"rendered":"https:\/\/www.europesays.com\/de\/506227\/"},"modified":"2025-10-17T16:28:10","modified_gmt":"2025-10-17T16:28:10","slug":"neue-liebe-fuer-milla-berlin-tag-nacht-fans-wuerden-sich-freuen","status":"publish","type":"post","link":"https:\/\/www.europesays.com\/de\/506227\/","title":{"rendered":"Neue Liebe f\u00fcr Milla?\u00a0Berlin \u2013 Tag &#038; Nacht-Fans w\u00fcrden sich freuen"},"content":{"rendered":"<p>F\u00fcr <a data-ga-on=\"click,auxclick,contextmenu\" data-ga-event-category=\"Article\" data-ga-event-action=\"Internal Link Text\" data-ga-event-label=\"Click\" title=\"Berlin \u2013 Tag &amp; Nacht\" href=\"https:\/\/www.moviepilot.de\/serie\/berlin-tag-und-nacht\" class=\"sc-6a922024-0 dZMhco mp_article_parsed_internal_link\" target=\"_blank\" rel=\"noopener\">Berlin \u2013 Tag &amp; Nacht<\/a>-Fans ist es nichts Neues, wenn sich ihre Lieblingspaare<br \/>\npl\u00f6tzlich trennen oder sich unverhofft neue Beziehungen entwickeln. Aktuell<br \/>\ngeht es in der Daily-Soap drunter und dr\u00fcber, doch Fans sehen einen Lichtblick:<br \/>\nWelches neue Berlin \u2013 Tag &amp; Nacht-P\u00e4rchen <b>die Zuschauer:innen besonders feiern,<br \/>\nk\u00f6nnt ihr hier nachlesen. <\/b><\/p>\n<p>Berlin \u2013 Tag<br \/>\n&amp; Nacht: Das passiert bei Milla und Karim<\/p>\n<p>Gerade erst<br \/>\nmussten die Berlin \u2013 Tag &amp; Nacht-Fans eine schwere Trennung verkraften:<br \/>\nMilla und Mike entschieden sich, nach einem Seitensprung von Mike, ihre Ehe zu<br \/>\nbeenden. Mike ging daraufhin eine Beziehung mit Sara ein, mit der er Milla auch<br \/>\nbetrogen hat. <b>Milla hingegen f\u00e4llt in eine Art Krise <\/b>und schmei\u00dft sich in ihren<br \/>\nArbeitsalltag im Nachtleben. Dabei vergn\u00fcgt sie sich vor allem mit einem<br \/>\nj\u00fcngeren Mann. Doch der interessiert die Powerfrau bald nicht mehr. <\/p>\n<p>Milla<br \/>\nkonzentriert sich voll auf ihren Job, bekommt Mike und Saras Beziehung aber<br \/>\nimmer wieder vor unter die Nase gerieben, was sie unterbewusst besch\u00e4ftigt. Auf<br \/>\nder Arbeit f\u00e4ngt Karim \u2013 Saras Sohn \u2013 an, Milla sch\u00f6ne Augen zu machen. Die nimmt<br \/>\ndas erstmal so hin, erkennt aber immer mehr, dass ihr Karims Avancen gefallen<br \/>\nund sie sich gesehen f\u00fchlt. Die beiden kommen sich n\u00e4her und so kommt es, wie<br \/>\nes kommen muss: <b>In Millas B\u00fcro fallen sie \u00fcbereinander her. <\/b>Was f\u00fcr Milla nur<br \/>\nein einmaliger Ausrutscher war, war f\u00fcr Karim mehr. Er bildet sich ein, dass er<br \/>\ntats\u00e4chlich in Milla verliebt ist. <\/p>\n<p>Durch einen<br \/>\nZufall bekommt Sara von dem Techtelmechtel mit und geht sofort auf Milla los.<br \/>\nSie wirft ihr vor, <b>nur mit ihrem 18-j\u00e4hrigen Sohn geschlafen zu haben, um sich<br \/>\nan ihr zu r\u00e4chen. <\/b>Eine Ohrfeige untermauert Saras Wut auf Milla. Die versichert<br \/>\nihr, dass es nichts mit Rache zu tun habe.<\/p>\n<p>Fans feiern<br \/>\ndie neue Konstellation<\/p>\n<p>Den Zuschauer:innen<br \/>\nscheint die Verbindung zwischen Milla und Karim besser zu gefallen als Sara.<br \/>\nAuf dem offiziellen Instagram-Account zur Sendung schreiben Fans: <\/p>\n<ul>\n<li>&#8222;Irgendwie<br \/>\npassen beide gut zusammen.&#8220;<\/li>\n<li>&#8222;Irgendwie<br \/>\nein <b>s\u00fc\u00dfes Paar.<\/b>&#8222;<\/li>\n<li>&#8222;<b>Ich finde<br \/>\ndie beiden gut.<\/b> Besser als Mike und Sara.&#8220;<\/li>\n<\/ul>\n<p>Dennoch<br \/>\nwerfen Fans Milla Berechnung vor und sie sind der Meinung, dass es sich bei ihr<br \/>\num einen Rache-Akt handle. Au\u00dferdem haben die meisten User:innen Mitleid mit Karim, denn sie<br \/>\nsind sicher, dass <b>der Sch\u00fcler Gef\u00fchle f\u00fcr seine Chefin hat<\/b>, sie aber nur ein<br \/>\nOne-Night-Stand wollte.<\/p>\n","protected":false},"excerpt":{"rendered":"F\u00fcr Berlin \u2013 Tag &amp; Nacht-Fans ist es nichts Neues, wenn sich ihre Lieblingspaare pl\u00f6tzlich trennen oder sich&hellip;\n","protected":false},"author":2,"featured_media":506228,"comment_status":"","ping_status":"","sticky":false,"template":"","format":"standard","meta":{"footnotes":""},"categories":[1825],"tags":[296,29,30,8321,640,19899,60582],"class_list":{"0":"post-506227","1":"post","2":"type-post","3":"status-publish","4":"format-standard","5":"has-post-thumbnail","7":"category-berlin","8":"tag-berlin","9":"tag-deutschland","10":"tag-germany","11":"tag-liebe","12":"tag-rtl","13":"tag-rtl-zwei","14":"tag-tv-produktion"},"share_on_mastodon":{"url":"https:\/\/pubeurope.com\/@de\/115390454447965560","error":""},"_links":{"self":[{"href":"https:\/\/www.europesays.com\/de\/wp-json\/wp\/v2\/posts\/506227","targetHints":{"allow":["GET"]}}],"collection":[{"href":"https:\/\/www.europesays.com\/de\/wp-json\/wp\/v2\/posts"}],"about":[{"href":"https:\/\/www.europesays.com\/de\/wp-json\/wp\/v2\/types\/post"}],"author":[{"embeddable":true,"href":"https:\/\/www.europesays.com\/de\/wp-json\/wp\/v2\/users\/2"}],"replies":[{"embeddable":true,"href":"https:\/\/www.europesays.com\/de\/wp-json\/wp\/v2\/comments?post=506227"}],"version-history":[{"count":0,"href":"https:\/\/www.europesays.com\/de\/wp-json\/wp\/v2\/posts\/506227\/revisions"}],"wp:featuredmedia":[{"embeddable":true,"href":"https:\/\/www.europesays.com\/de\/wp-json\/wp\/v2\/media\/506228"}],"wp:attachment":[{"href":"https:\/\/www.europesays.com\/de\/wp-json\/wp\/v2\/media?parent=506227"}],"wp:term":[{"taxonomy":"category","embeddable":true,"href":"https:\/\/www.europesays.com\/de\/wp-json\/wp\/v2\/categories?post=506227"},{"taxonomy":"post_tag","embeddable":true,"href":"https:\/\/www.europesays.com\/de\/wp-json\/wp\/v2\/tags?post=506227"}],"curies":[{"name":"wp","href":"https:\/\/api.w.org\/{rel}","templated":true}]}}