{"id":506238,"date":"2025-10-17T16:34:12","date_gmt":"2025-10-17T16:34:12","guid":{"rendered":"https:\/\/www.europesays.com\/de\/506238\/"},"modified":"2025-10-17T16:34:12","modified_gmt":"2025-10-17T16:34:12","slug":"wilde-disko-party-fuer-ue-65-jaehrige-am-saarbruecker-osthafen","status":"publish","type":"post","link":"https:\/\/www.europesays.com\/de\/506238\/","title":{"rendered":"&#8222;Wilde Disko-Party&#8220; f\u00fcr \u00dc-65-J\u00e4hrige am Saarbr\u00fccker Osthafen"},"content":{"rendered":"<p>Zur Lieblingsmusik abtanzen, bis die F\u00fc\u00dfe schmerzen \u2013 das geht zwar in jedem Alter, doch die typischen Clubveranstaltungen werden in der Regel eher nicht von Menschen im Seniorenalter besucht. Am Osthafen soll sich das jetzt \u00e4ndern.<\/p>\n<p>Der Kulturverein Sektor Heimat l\u00e4dt heute von 17.00 bis 23.00 Uhr zu einer Disko f\u00fcr Junggebliebene ab 65 Jahren am Saarbr\u00fccker Osthafen ein. Der &#8222;Club65&#8220; schlie\u00dft allerdings niemanden aus, sodass auch J\u00fcngere hineingelassen werden \u2013 allerdings nur in Begleitung eines Menschen \u00fcber 65, wie die Organisatoren vorab erkl\u00e4rten. <\/p>\n<p>Der DJ w\u00e4hle Musik aus den 70er sowie 80er Jahren aus und mache ab und zu Exkurse in die Jetztzeit. Was den Eintritt angehe, k\u00f6nne jede und jeder selbst entscheiden, wie viel er oder sie zahle, hie\u00df es. <\/p>\n<p>                          Wilde Disko-Party f\u00fcr Junggebliebene in Saarbr\u00fccken<\/p>\n<p>Die Idee zu dem &#8222;Club65&#8220; ist den Angaben zufolge aus dem generations\u00fcbergreifenden Projekt &#8222;Intergeneration&#8220; hervorgegangen. Im April dieses Jahres hatte der Sektor Heimat zur Teilnahme aufgerufen. &#8222;Gesucht wurden Personen im Alter von 65 bis 99 Jahren, die Lust und Zeit haben, sich aktiv zu beteiligen&#8220;, erl\u00e4uterten die Organisatoren. <\/p>\n<p>Knapp 130 Menschen h\u00e4tten sich gemeldet und Interesse f\u00fcr das Projekt und die einzelnen Aktivit\u00e4ten ge\u00e4u\u00dfert. In den vergangenen sieben Monaten h\u00e4tten die Teilnehmerinnen und Teilnehmer an Veranstaltungen rund um den Saarbr\u00fccker Osthafen wie etwa Pflanzenwanderungen, Yoga, Urban-Art-Lehrstunden oder Tanzworkshops teilgenommen. <\/p>\n<p>Immer wieder sei dabei von den Teilnehmern des Projekts der Wunsch nach einer Tanzveranstaltung ge\u00e4u\u00dfert worden, sagte Marion Touze, Sprecherin von Sektor Heimat, dem SR. &#8222;Sie sagten uns, Menschen \u00fcber 65 h\u00e4tten einfach zu selten die M\u00f6glichkeit, richtig zu tanzen und zu feiern.&#8220; So sei man auf die Idee gekommen, &#8222;eine wilde Party mit \u00e4lteren Menschen zu organisieren&#8220;.<\/p>\n<p>                          &#8222;Intergeneration&#8220; wird im Saarland gef\u00f6rdert<\/p>\n<p>Das saarl\u00e4ndische Ministerium f\u00fcr Arbeit, Soziales, Frauen und Gesundheit sowie der Seniorenbeirat der Landeshauptstadt Saarbr\u00fccken f\u00f6rdern den Angaben zufolge &#8222;Intergeneration&#8220;. Zudem gebe es Sponsoren. Die Aktivit\u00e4ten seien gemeinsam mit regionalen Partnerinnen und Partnern umgesetzt worden. <\/p>\n<p>Das Projekt ziele darauf ab, &#8222;die Teilhabe am kulturellen, urbanen Leben zu f\u00f6rdern, der Abgrenzung und sozialer Isolation entgegenzuwirken, und einen kollaborativen, intergenerationellen Wissenstransfer zu erm\u00f6glichen&#8220;.\u00a0<\/p>\n<p>Wer sich vorab \u00fcber die geplante Party informieren m\u00f6chte, Fragen hat oder sich anmelden m\u00f6chte, kann dies unter E-Mail: <a href=\"https:\/\/www.sr.de\/sr\/home\/nachrichten\/panorama\/mailto:ichbindabei@kulturgut-ost.de\" title=\"Email: Kulturgut Ost\" target=\"_blank\" rel=\"noopener\">ichbindabei@kulturgut-ost.de<\/a> tun. Notwendig ist die Anmeldung f\u00fcr den Abend aber nicht.<\/p>\n","protected":false},"excerpt":{"rendered":"Zur Lieblingsmusik abtanzen, bis die F\u00fc\u00dfe schmerzen \u2013 das geht zwar in jedem Alter, doch die typischen Clubveranstaltungen&hellip;\n","protected":false},"author":2,"featured_media":506239,"comment_status":"","ping_status":"","sticky":false,"template":"","format":"standard","meta":{"footnotes":""},"categories":[1772],"tags":[29,5895,214,30,1779,810,39348,2450,6583,215],"class_list":{"0":"post-506238","1":"post","2":"type-post","3":"status-publish","4":"format-standard","5":"has-post-thumbnail","7":"category-musik","8":"tag-deutschland","9":"tag-disko","10":"tag-entertainment","11":"tag-germany","12":"tag-music","13":"tag-musik","14":"tag-osthafen","15":"tag-party","16":"tag-senioren","17":"tag-unterhaltung"},"share_on_mastodon":{"url":"https:\/\/pubeurope.com\/@de\/115390478703885010","error":""},"_links":{"self":[{"href":"https:\/\/www.europesays.com\/de\/wp-json\/wp\/v2\/posts\/506238","targetHints":{"allow":["GET"]}}],"collection":[{"href":"https:\/\/www.europesays.com\/de\/wp-json\/wp\/v2\/posts"}],"about":[{"href":"https:\/\/www.europesays.com\/de\/wp-json\/wp\/v2\/types\/post"}],"author":[{"embeddable":true,"href":"https:\/\/www.europesays.com\/de\/wp-json\/wp\/v2\/users\/2"}],"replies":[{"embeddable":true,"href":"https:\/\/www.europesays.com\/de\/wp-json\/wp\/v2\/comments?post=506238"}],"version-history":[{"count":0,"href":"https:\/\/www.europesays.com\/de\/wp-json\/wp\/v2\/posts\/506238\/revisions"}],"wp:featuredmedia":[{"embeddable":true,"href":"https:\/\/www.europesays.com\/de\/wp-json\/wp\/v2\/media\/506239"}],"wp:attachment":[{"href":"https:\/\/www.europesays.com\/de\/wp-json\/wp\/v2\/media?parent=506238"}],"wp:term":[{"taxonomy":"category","embeddable":true,"href":"https:\/\/www.europesays.com\/de\/wp-json\/wp\/v2\/categories?post=506238"},{"taxonomy":"post_tag","embeddable":true,"href":"https:\/\/www.europesays.com\/de\/wp-json\/wp\/v2\/tags?post=506238"}],"curies":[{"name":"wp","href":"https:\/\/api.w.org\/{rel}","templated":true}]}}