{"id":506244,"date":"2025-10-17T16:37:15","date_gmt":"2025-10-17T16:37:15","guid":{"rendered":"https:\/\/www.europesays.com\/de\/506244\/"},"modified":"2025-10-17T16:37:15","modified_gmt":"2025-10-17T16:37:15","slug":"fc-bayern-sepp-maier-gibt-uli-hoeness-ratschlag-hoer-auf","status":"publish","type":"post","link":"https:\/\/www.europesays.com\/de\/506244\/","title":{"rendered":"FC Bayern | Sepp Maier gibt Uli Hoene\u00df Ratschlag: &#8222;H\u00f6r auf&#8220;"},"content":{"rendered":"<p>17.10.2025 &#8211; 16:45 UhrLesedauer: 1 Min.<\/p>\n<p><a href=\"#focus-0\" class=\"transition-colors duration-200 block text-current relative\" data-sctrack=\"FocusGalleryImage.Reference\"><img fetchpriority=\"high\" data-testid=\"Opener.Image\" style=\"--lqipURL:url('https:\/\/images.t-online.de\/2025\/10\/xwqb7VqM82ER\/0x280:4000x2250\/fit-in\/150x0\/filters:blur(25)\/bayern-ehrenpraesident-hoeness-der-73-jaehrige-meldet-sich-regelmaessig-oeffentlich-zu-wort.jpg')\"   loading=\"eager\" src=\"https:\/\/www.europesays.com\/de\/wp-content\/uploads\/2025\/10\/bayern-ehrenpraesident-hoeness-der-73-jaehrige-meldet-sich-regelmaessig-oeffentlich-zu-wort.jpg\" alt=\"Bayern-Ehrenpr\u00e4sident Hoene\u00df: Der 73-J\u00e4hrige meldet sich regelm\u00e4\u00dfig \u00f6ffentlich zu Wort.\" title=\"Bayern-Ehrenpr\u00e4sident Hoene\u00df: Der 73-J\u00e4hrige meldet sich regelm\u00e4\u00dfig \u00f6ffentlich zu Wort.\" width=\"4000\" height=\"2250\" class=\"bg-[url:var(--lqipURL)] bg-cover bg-center flex h-full w-full max-w-full\" decoding=\"async\"\/><img style=\"--width:32;--height:32\" loading=\"lazy\" src=\"https:\/\/www.t-online.de\/s\/paper\/_next\/static\/media\/zoom-in.f7dae02f.svg\" alt=\"Vergr\u00f6\u00dfern des Bildes\" title=\"Vergr\u00f6\u00dfern des Bildes\" class=\"block h-[calc(var(--height)_\/_16_*_1rem)] w-[calc(var(--width)_\/_16_*_1rem)] max-w-none absolute bottom-8 right-8 rounded-4 bg-snow p-8\" decoding=\"async\"\/><\/a><\/p>\n<p>Bayern-Ehrenpr\u00e4sident Hoene\u00df: Der 73-J\u00e4hrige meldet sich regelm\u00e4\u00dfig \u00f6ffentlich zu Wort. (Quelle: IMAGO\/Mladen Lackovic\/imago-images-bilder)<\/p>\n<p class=\"font-bold text-18 leading-17\">Noch immer ist Uli Hoene\u00df&#8216; einflussreiche Stimme beim deutschen Rekordmeister. Ein langj\u00e4hriger Weggef\u00e4hrte gibt ihm aber nun einen unmissverst\u00e4ndlichen Rat \u2013 und erkl\u00e4rt, warum.<\/p>\n<p class=\"text-18 leading-17\">Sepp Maier hat deutliche Worte f\u00fcr seinen langj\u00e4hrigen Weggef\u00e4hrten <a class=\"transition-colors duration-200 cursor-pointer text-inherit no-underline text-salemsfur md:hover:text-magenta md:hover:border-magenta md:focus:text-magenta border-current border-b border-solid break-words\" href=\"https:\/\/www.t-online.de\/themen\/uli-hoeness\/\" data-sctrack=\"BodyAnchor\" target=\"_blank\" rel=\"noopener\">Uli Hoene\u00df<\/a> gefunden. Bei einer Veranstaltung der &#8222;Allg\u00e4uer Zeitung&#8220; in Nesselwang empfahl der fr\u00fchere Nationaltorh\u00fcter dem 73-J\u00e4hrigen, sich vom <a class=\"transition-colors duration-200 cursor-pointer text-inherit no-underline text-salemsfur md:hover:text-magenta md:hover:border-magenta md:focus:text-magenta border-current border-b border-solid break-words\" href=\"https:\/\/www.t-online.de\/themen\/fc-bayern-muenchen\/\" data-sctrack=\"BodyAnchor\" target=\"_blank\" rel=\"noopener\">FC Bayern<\/a> zur\u00fcckzuziehen.<\/p>\n<p class=\"text-18 leading-17\">&#8222;Uli, wenn ich dir einen Rat geben darf, h\u00f6r auf&#8220;, sagte Maier laut einem Bericht des Blattes vom Freitag. Der 81-J\u00e4hrige kritisierte, Hoene\u00df k\u00f6nne nicht loslassen und mische sich weiterhin in s\u00e4mtliche Themen rund um den Klub ein. &#8222;Ich wei\u00df nicht, ob er sich damit einen Gefallen tut&#8220;, erkl\u00e4rte Maier.<\/p>\n<p class=\"text-18 leading-17\">Die beiden ehemaligen Spieler feierten gemeinsam gro\u00dfe Erfolge, darunter den Weltmeistertitel 1974 sowie mehrere Titel mit dem FC Bayern. Nach seinem Karriereende war Hoene\u00df jahrzehntelang als Manager des Klubs t\u00e4tig, sp\u00e4ter als Pr\u00e4sident. Seit 2019 ist er Ehrenpr\u00e4sident und sitzt im Aufsichtsrat des Rekordmeisters.<\/p>\n","protected":false},"excerpt":{"rendered":"17.10.2025 &#8211; 16:45 UhrLesedauer: 1 Min. Bayern-Ehrenpr\u00e4sident Hoene\u00df: Der 73-J\u00e4hrige meldet sich regelm\u00e4\u00dfig \u00f6ffentlich zu Wort. (Quelle: IMAGO\/Mladen&hellip;\n","protected":false},"author":2,"featured_media":506245,"comment_status":"","ping_status":"","sticky":false,"template":"","format":"standard","meta":{"footnotes":""},"categories":[136],"tags":[722,772,29,458,30,126389,36156,265,2182],"class_list":{"0":"post-506244","1":"post","2":"type-post","3":"status-publish","4":"format-standard","5":"has-post-thumbnail","7":"category-sport","8":"tag-722","9":"tag-bayern","10":"tag-deutschland","11":"tag-fc-bayern-muenchen","12":"tag-germany","13":"tag-nesselwang","14":"tag-sepp-maier","15":"tag-sport","16":"tag-uli-hoeness"},"share_on_mastodon":{"url":"https:\/\/pubeurope.com\/@de\/115390490064671096","error":""},"_links":{"self":[{"href":"https:\/\/www.europesays.com\/de\/wp-json\/wp\/v2\/posts\/506244","targetHints":{"allow":["GET"]}}],"collection":[{"href":"https:\/\/www.europesays.com\/de\/wp-json\/wp\/v2\/posts"}],"about":[{"href":"https:\/\/www.europesays.com\/de\/wp-json\/wp\/v2\/types\/post"}],"author":[{"embeddable":true,"href":"https:\/\/www.europesays.com\/de\/wp-json\/wp\/v2\/users\/2"}],"replies":[{"embeddable":true,"href":"https:\/\/www.europesays.com\/de\/wp-json\/wp\/v2\/comments?post=506244"}],"version-history":[{"count":0,"href":"https:\/\/www.europesays.com\/de\/wp-json\/wp\/v2\/posts\/506244\/revisions"}],"wp:featuredmedia":[{"embeddable":true,"href":"https:\/\/www.europesays.com\/de\/wp-json\/wp\/v2\/media\/506245"}],"wp:attachment":[{"href":"https:\/\/www.europesays.com\/de\/wp-json\/wp\/v2\/media?parent=506244"}],"wp:term":[{"taxonomy":"category","embeddable":true,"href":"https:\/\/www.europesays.com\/de\/wp-json\/wp\/v2\/categories?post=506244"},{"taxonomy":"post_tag","embeddable":true,"href":"https:\/\/www.europesays.com\/de\/wp-json\/wp\/v2\/tags?post=506244"}],"curies":[{"name":"wp","href":"https:\/\/api.w.org\/{rel}","templated":true}]}}