{"id":506250,"date":"2025-10-17T16:40:15","date_gmt":"2025-10-17T16:40:15","guid":{"rendered":"https:\/\/www.europesays.com\/de\/506250\/"},"modified":"2025-10-17T16:40:15","modified_gmt":"2025-10-17T16:40:15","slug":"lidl-deutschland-schafft-preisunterschiede-in-filialen-ab","status":"publish","type":"post","link":"https:\/\/www.europesays.com\/de\/506250\/","title":{"rendered":"Lidl Deutschland schafft Preisunterschiede in Filialen ab"},"content":{"rendered":"<p><img decoding=\"async\" src=\"https:\/\/www.europesays.com\/de\/wp-content\/uploads\/2025\/10\/5703173700258580.webp\" fetchpriority=\"high\" width=\"2000\" height=\"1333\" alt=\"Lidl, Supermarkt, Discounter, Lebensmittelhandel, Preiswert, Einkaufen, Filiale, \u00d6ffnungszeiten, Markenzeichen, Logo, Konsum, Einzelhandel, Rabattaktionen, Kundenservice, Nachhaltigkeit, Solaranlagen, ...\" data-image-id=\"5703173700258580\" class=\"watson-snippet__image bg-grey-10 block h-auto w-full \"\/><\/p>\n<p>Ein bekanntes Symbol kann im Urlaub im In- wie Ausland beruhigend wirken. Bild: imago images \/ STEINSIEK.CH<\/p>\n<p>Good News<\/p>\n<p>Beim Einkaufen muss man ein wachsames Auge haben. Oft \u00e4ndern sich Preise innerhalb weniger Tage und man zahlt ordentlich drauf. Auch je nach Region variieren die Preise, selbst wenn der Supermarkt der gleiche bleibt. Lidl will das jetzt \u00e4ndern. <\/p>\n<p>17.10.2025, 17:2217.10.2025, 17:22<\/p>\n<p><img decoding=\"async\" src=\"https:\/\/www.europesays.com\/de\/wp-content\/uploads\/2025\/07\/6309647592888203.webp\" alt=\"Nathalie Trappe\" width=\"50\" height=\"50\" loading=\"lazy\" class=\"h-auto w-14 rounded-full\"\/><\/p>\n<p>Folgen<\/p>\n<p class=\"watson-snippet__text my-6 text-[16px] lg:text-[18px] leading-normal md:w-3\/5\">Mit Superm\u00e4rkten verh\u00e4lt es sich ja ein bisschen wie mit dem Lieblingsb\u00e4cker: Man k\u00f6nnte die mit K\u00e4se \u00fcberzogene Brezel sicherlich auch 100 Meter weiter kaufen \u2013 aber der Mensch ist ein Gewohnheitstier und so hat man das Gef\u00fchl, nur beim Stammladen schmeckt die Lauge wirklich so, wie man sie haben m\u00f6chte.<\/p>\n<p class=\"watson-snippet__text my-6 text-[16px] lg:text-[18px] leading-normal md:w-3\/5\">Kein Wunder also, dass viele Deutsche sich im Urlaub freuen, wenn sie ihren Lieblingssupermarkt nicht missen m\u00fcssen (im Gegensatz zum Stammb\u00e4cker). Nicht nur haben Discounter wie Lidl und Aldi im europ\u00e4ischen Ausland Filialen \u2013 auch innerhalb Deutschlands k\u00f6nnen sich Verbraucher:innen auf Konstanz bei den Lieblingsprodukten einstellen. Einziges Problem: der Preis.<\/p>\n<p>Lidl \u00fcbernimmt Preisstrategie aus dem Ausland<\/p>\n<p class=\"watson-snippet__text my-6 text-[16px] lg:text-[18px] leading-normal md:w-3\/5\"><strong>Denn zwischen K\u00fcste und Alpen sowie zwischen Gro\u00dfstadt und Provinz gibt es sp\u00fcrbare Unterschiede, selbst wenn man seinen Stammsupermarkt w\u00e4hlt. <\/strong>W\u00e4hrend viele Kund:innen das erst beim Blick auf den Kassenzettel merken, steckt dahinter kein Zufall, sondern eine Reaktion auf regionale Bedingungen. Discounter-Riese Lidl will damit jetzt allerdings Schluss machen. <\/p>\n<p class=\"watson-snippet__text my-6 text-[16px] lg:text-[18px] leading-normal md:w-3\/5\">Wie die <a target=\"_blank\" rel=\"nofollow noopener\" href=\"https:\/\/www.lebensmittelzeitung.net\/handel\/nachrichten\/strategiewechsel-lidl-schafft-die-preisschienen-ab-187226\">&#8222;Lebensmittelzeitung&#8220;<\/a> (LZ) berichtet, gilt dort nun der Grundsatz der einheitlichen Preise. Diesen wendet das Unternehmen bereits im Ausland an: In Frankreich etwa kosten die Produkte in jedem Markt gleich viel. <\/p>\n<p class=\"watson-snippet__text my-6 text-[16px] lg:text-[18px] leading-normal md:w-3\/5\">In Deutschland hingegen agieren die insgesamt 39 Regionalgesellschaften bisher relativ unabh\u00e4ngig voneinander. <strong>Dabei orientiert sich das Unternehmen am &#8222;Aldi-\u00c4quator&#8220;, wie ihn die &#8222;LZ&#8220; nennt. <\/strong>Lidl passt sich jeweils an die Preise der Konkurrenz bei Aldi Nord und Aldi S\u00fcd an. <\/p>\n<p>Erstmals deutschlandweit einheitliche Preise beim Discounter<\/p>\n<p class=\"watson-snippet__text my-6 text-[16px] lg:text-[18px] leading-normal md:w-3\/5\">Mit der \u00c4nderung bringt der Discounter nun mehr Transparenz in die eigene Preispolitik. Erst k\u00fcrzlich machte der Chef der verantwortlichen Schwartz-Gruppe, Friedrich Fuchs, klar, dass zufriedene Kund:innen einer der wichtigsten Grunds\u00e4tze f\u00fcr die Marke seien. <\/p>\n<p class=\"watson-snippet__text my-6 text-[16px] lg:text-[18px] leading-normal md:w-3\/5\"><strong>Den Recherchen der &#8222;LZ&#8220; zufolge d\u00fcrfte die Neuerung Lidl einen dreistelligen Millionenbetrag kosten.<\/strong> Da die Preisunterschiede eben oft auch regionale Gr\u00fcnde haben, muss das Unternehmen die Unterschiede aus der eigenen Tasche zahlen. <\/p>\n<p class=\"watson-snippet__text my-6 text-[16px] lg:text-[18px] leading-normal md:w-3\/5\">&#8222;Wenn Sie in die Superm\u00e4rkte der Konkurrenz gehen, zahlen Sie teilweise in Hamburg mehr als in Saarbr\u00fccken. Bei uns ist das anders&#8220;, betont Fuchs im Gespr\u00e4ch mit der <a target=\"_blank\" rel=\"nofollow noopener\" href=\"https:\/\/www.faz.net\/aktuell\/wirtschaft\/unternehmen\/lidl-chef-im-gespraech-wir-wollen-den-guenstigsten-preis-bestimmen-accg-110720426.html\">&#8222;Frankfurter Allgemeinen Zeitung&#8220;<\/a>. Mit dem Schritt will sich Lidl also vor allem von der Konkurrenz abheben. <\/p>\n<p class=\"watson-snippet__text my-6 text-[16px] lg:text-[18px] leading-normal md:w-3\/5\"><strong>Auch Supermarkt-Riese Kaufland orientiert sich bislang an den Aldi-Preisen, Edeka f\u00e4hrt ebenfalls unterschiedliche Preisschienen in den einzelnen Regionen. <\/strong><\/p>\n<p class=\"watson-snippet__text my-6 text-[16px] lg:text-[18px] leading-normal md:w-3\/5\">Sp\u00fcrbare Effekte d\u00fcrfte die Neuerung f\u00fcr Verbraucher:innen vorerst nicht haben. Lidl versucht mit dem Schritt aber ein weiteres Signal zu senden, dass man sich aktiv um die eigenen Kund:innen sorgt. <\/p>\n<p class=\"watson-snippet__text my-6 text-[16px] lg:text-[18px] leading-normal md:w-3\/5\">Erst vor einigen Monaten warb der Discounter in einer Marketingkampagne damit, dass 500 Artikel dauerhaft reduziert w\u00fcrden. Expert:innen zweifelten diese Zahl zwar an. F\u00fcr Aufmerksamkeit d\u00fcrfte die Aussage dennoch gesorgt haben. <\/p>\n","protected":false},"excerpt":{"rendered":"Ein bekanntes Symbol kann im Urlaub im In- wie Ausland beruhigend wirken. Bild: imago images \/ STEINSIEK.CH Good&hellip;\n","protected":false},"author":2,"featured_media":506251,"comment_status":"","ping_status":"","sticky":false,"template":"","format":"standard","meta":{"footnotes":""},"categories":[134],"tags":[175,170,169,29,30,171,174,173,172],"class_list":{"0":"post-506250","1":"post","2":"type-post","3":"status-publish","4":"format-standard","5":"has-post-thumbnail","7":"category-unternehmen-maerkte","8":"tag-business","9":"tag-companies","10":"tag-companies-markets","11":"tag-deutschland","12":"tag-germany","13":"tag-markets","14":"tag-maerkte","15":"tag-unternehmen","16":"tag-unternehmen-maerkte"},"share_on_mastodon":{"url":"https:\/\/pubeurope.com\/@de\/115390502285253425","error":""},"_links":{"self":[{"href":"https:\/\/www.europesays.com\/de\/wp-json\/wp\/v2\/posts\/506250","targetHints":{"allow":["GET"]}}],"collection":[{"href":"https:\/\/www.europesays.com\/de\/wp-json\/wp\/v2\/posts"}],"about":[{"href":"https:\/\/www.europesays.com\/de\/wp-json\/wp\/v2\/types\/post"}],"author":[{"embeddable":true,"href":"https:\/\/www.europesays.com\/de\/wp-json\/wp\/v2\/users\/2"}],"replies":[{"embeddable":true,"href":"https:\/\/www.europesays.com\/de\/wp-json\/wp\/v2\/comments?post=506250"}],"version-history":[{"count":0,"href":"https:\/\/www.europesays.com\/de\/wp-json\/wp\/v2\/posts\/506250\/revisions"}],"wp:featuredmedia":[{"embeddable":true,"href":"https:\/\/www.europesays.com\/de\/wp-json\/wp\/v2\/media\/506251"}],"wp:attachment":[{"href":"https:\/\/www.europesays.com\/de\/wp-json\/wp\/v2\/media?parent=506250"}],"wp:term":[{"taxonomy":"category","embeddable":true,"href":"https:\/\/www.europesays.com\/de\/wp-json\/wp\/v2\/categories?post=506250"},{"taxonomy":"post_tag","embeddable":true,"href":"https:\/\/www.europesays.com\/de\/wp-json\/wp\/v2\/tags?post=506250"}],"curies":[{"name":"wp","href":"https:\/\/api.w.org\/{rel}","templated":true}]}}