{"id":506254,"date":"2025-10-17T16:42:11","date_gmt":"2025-10-17T16:42:11","guid":{"rendered":"https:\/\/www.europesays.com\/de\/506254\/"},"modified":"2025-10-17T16:42:11","modified_gmt":"2025-10-17T16:42:11","slug":"explosion-in-dietzenbach-betroffene-gruenen-politikerin-geschockt-hessenschau-de-3","status":"publish","type":"post","link":"https:\/\/www.europesays.com\/de\/506254\/","title":{"rendered":"Explosion in Dietzenbach: Betroffene Gr\u00fcnen-Politikerin &#8222;geschockt&#8220; | hessenschau.de"},"content":{"rendered":"<p>An der Haust\u00fcr einer Gr\u00fcnen-Politikerin aus Dietzenbach hat es eine Explosion gegeben. Sie sei &#8222;geschockt&#8220; und m\u00fcsse nun damit leben, dass wom\u00f6glich ein Anschlag auf sie ver\u00fcbt wurde, sagte die Betroffene. Der Staatsschutz ermittelt.<\/p>\n<p><img decoding=\"async\"  loading=\"auto\" fetchpriority=\"high\"  src=\"data:image\/gif;base64,R0lGODlhAQABAIAAAP\/\/\/wAAACH5BAEAAAAALAAAAAABAAEAAAICRAEAOw==\" alt=\"Foto einer Haust\u00fcr, bei welcher Glasfenster durch eine Explosion gesplittert sind.\" class=\"w-full\"\/><\/p>\n<p>An dieser Haust\u00fcr in Dietzenbach explodierte ein Gegenstand &#8211; die Polizei ermittelt<br \/>\nBild \u00a9  hr \/ Saskia Klingelschmitt                                                            <\/p>\n<p>                    Videobeitrag                             <\/p>\n<p>Video<\/p>\n<p>02:03 Min.|16.10.25, 19:30 Uhr|hessenschau                                                                    <\/p>\n<p><a href=\"https:\/\/www.hessenschau.de\/tv-sendung\/explosion-an-haustuer-von-gruenen-politikerin-in-dietzenbach,video-216496.html\" class=\"ds-link js-load  hover:underline hover:!decoration-1 text-link dark:text-link-dark ds-link block \" rel=\"nofollow noopener\" target=\"_blank\"><\/p>\n<p>Explosion an Haust\u00fcr von Gr\u00fcnen-Politikerin in Dietzenbach<\/p>\n<p><\/a><\/p>\n<p><img decoding=\"async\"  loading=\"lazy\"  src=\"data:image\/gif;base64,R0lGODlhAQABAIAAAP\/\/\/wAAACH5BAEAAAAALAAAAAABAAEAAAICRAEAOw==\" alt=\"hs1645_16102025\" class=\"w-full\"\/><\/p>\n<p>Video                        <\/p>\n<p>\nBild \u00a9  hessenschau.de                                <\/p>\n<p>Ende des Videobeitrags <\/p>\n<p class=\"hrds-copytext__paragraph mt-4 sm:mt-5 text-lg leading-normal sm480:text-xl lg:leading-7.5 dark:text-text-dark\">Der Staatsschutz ermittelt nach einer Explosion an der Haust\u00fcr der Gr\u00fcnen-Politikerin Edeltraud Chawla in Dietzenbach (Offenbach). Das Motiv sei weiterhin unklar, es werde in alle Richtungen ermittelt, sagte ein Sprecher des Landeskriminalamtes am Freitag.<\/p>\n<p class=\"hrds-copytext__paragraph mt-4 sm:mt-5 text-lg leading-normal sm480:text-xl lg:leading-7.5 dark:text-text-dark\">Gegen 0.30 Uhr gab es in der Nacht zum Donnerstag eine Explosion, eine Scheibe der Haust\u00fcr wurde zerst\u00f6rt. Ein politisches Motiv schlie\u00dfen die Ermittler nicht aus.<\/p>\n<p>Videobeitrag                             <\/p>\n<p>Video<\/p>\n<p>01:03 Min.|hessenschau.de                                                                    <\/p>\n<p><a href=\"https:\/\/www.hessenschau.de\/videos\/anschlag-auf-chawla-in-dietzenbach,chawla-anschlag-dietzenbach-104.html\" class=\"ds-link js-load  hover:underline hover:!decoration-1 text-link dark:text-link-dark ds-link block \" rel=\"nofollow noopener\" target=\"_blank\"><\/p>\n<p>Mutma\u00dflicher Anschlag auf Haus von Gr\u00fcnen-Politikerin<\/p>\n<p><\/a><\/p>\n<p><img decoding=\"async\"  loading=\"lazy\"  src=\"data:image\/gif;base64,R0lGODlhAQABAIAAAP\/\/\/wAAACH5BAEAAAAALAAAAAABAAEAAAICRAEAOw==\" alt=\"Blick geht auf eine besch\u00e4digte Haust\u00fcr mit einem zerst\u00f6rten Glas.\" class=\"w-full\"\/><\/p>\n<p>Video<br \/>\nEnde des Videobeitrags <\/p>\n<p class=\"hrds-copytext__paragraph mt-4 sm:mt-5 text-lg leading-normal sm480:text-xl lg:leading-7.5 dark:text-text-dark\">Chawla wohnt in dem Haus mit ihrer Familie. Zum Zeitpunkt der Explosion sa\u00df sie mit ihrem Mann auf dem Sofa, ihr Sohn war in seinem Zimmer und sei durch den lauten Knall ebenfalls aufgeschreckt worden, berichtete sie am Donnerstag dem hr.<\/p>\n<p>Chawla: &#8222;Ich bin ziemlich geschockt&#8220;<\/p>\n<p class=\"hrds-copytext__paragraph mt-4 sm:mt-5 text-lg leading-normal sm480:text-xl lg:leading-7.5 dark:text-text-dark\">&#8222;Ich bin ziemlich geschockt, habe kaum geschlafen&#8220;, sagte sie. Sie m\u00fcsse nun wohl damit leben, dass jemand einen Anschlag auf sie und ihre Familie versucht hat. Chawla ist Co-Fraktionssprecherin der Gr\u00fcnen in Dietzenbach.<\/p>\n<p class=\"hrds-copytext__paragraph mt-4 sm:mt-5 text-lg leading-normal sm480:text-xl lg:leading-7.5 dark:text-text-dark\">Ihr Mann sei nach der Explosion rausgegangen, w\u00e4hrend sie den Notruf w\u00e4hlte. Der Knall war auch in der Nachbarschaft zu h\u00f6ren, bei der Polizei gingen mehrere Notrufe ein.<\/p>\n<p>Politikerin r\u00e4tselt \u00fcber Hintergrund<\/p>\n<p class=\"hrds-copytext__paragraph mt-4 sm:mt-5 text-lg leading-normal sm480:text-xl lg:leading-7.5 dark:text-text-dark\">Chawla ist erst seit vier Jahren in der Politik. Ein allgemeines Gr\u00fcnen-Bashing habe sie nat\u00fcrlich mitbekommen, aber in ihrem Umfeld in der Partei und in Dietzenbach habe sie von Anfeindungen bisher nichts geh\u00f6rt.<\/p>\n<p>Audiobeitrag                             <\/p>\n<p>Audio<\/p>\n<p>00:21 Min.|16.10.25|Saskia Klingelschmitt                                                                    <\/p>\n<p>Bild \u00a9  picture alliance\/dpa | Marijan Murat|<a href=\"https:\/\/www.hessenschau.de\/panorama\/explosion-an-haustuer-von-gruenen-politikerin,audio-112832.html\" class=\"ds-link js-load  hover:underline hover:!decoration-1 text-link dark:text-link-dark \" rel=\"nofollow noopener\" target=\"_blank\"><br \/>\nzur Audio-Einzelseite<br \/>\n<\/a>                                            <\/p>\n<p>Ende des Audiobeitrags <\/p>\n<p class=\"hrds-copytext__paragraph mt-4 sm:mt-5 text-lg leading-normal sm480:text-xl lg:leading-7.5 dark:text-text-dark\">Sie hat keinen Anhaltspunkt, was der Hintergrund des Angriffs auf sie und ihre Familie sein k\u00f6nnte: &#8222;Jetzt haben wir einen abgesperrten Eingangsbereich, einen Tatort&#8220;, sagte sie.<\/p>\n<p>Ursache der Explosion noch unklar<\/p>\n<p class=\"hrds-copytext__paragraph mt-4 sm:mt-5 text-lg leading-normal sm480:text-xl lg:leading-7.5 dark:text-text-dark\">Laut Polizei sind am Eingang Schmauchspuren gefunden worden, die auf eine Detonation hindeuten. Das T\u00fcrblatt sei &#8222;erheblich besch\u00e4digt&#8220; worden. Ob durch einen gr\u00f6\u00dferen B\u00f6ller oder etwas anderes, sei noch unklar. Die Polizei geht davon aus, dass der Gegenstand dort befestigt wurde. Der Schaden liege bei mehreren tausend Euro.<\/p>\n<p><img decoding=\"async\"  loading=\"lazy\"  src=\"data:image\/gif;base64,R0lGODlhAQABAIAAAP\/\/\/wAAACH5BAEAAAAALAAAAAABAAEAAAICRAEAOw==\" alt=\"Zerborstene Scheibe an wei\u00dfer Haust\u00fcr\" class=\"w-full\"\/><\/p>\n<p>Spuren der Explosion an der T\u00fcr in Dietzenbach<br \/>\nBild \u00a9  Saskia Klingelschmitt (hr)                                                            <\/p>\n<p class=\"hrds-copytext__paragraph mt-4 sm:mt-5 text-lg leading-normal sm480:text-xl lg:leading-7.5 dark:text-text-dark\">Nach dem Knall sei eine Person auf dem Gehweg weggerannt, so die Ermittler. Au\u00dferdem sei eine zweite Person gesehen worden. Ein wei\u00dfer SUV sei beobachtet worden, der aus dem Wohngebiet wegfuhr. Auch hier pr\u00fcft die Polizei einen Zusammenhang mit der Tat.<\/p>\n<p>Bringen Videoaufnahmen Hinweise?<\/p>\n<p class=\"hrds-copytext__paragraph mt-4 sm:mt-5 text-lg leading-normal sm480:text-xl lg:leading-7.5 dark:text-text-dark\">Neben der Spurensicherung seien zahlreiche Befragungen durchgef\u00fchrt worden, teilte das LKA mit. Zudem w\u00fcrden vorhandene Videoaufnahmen ausgewertet. Anwohner, die selbst \u00fcber eine Video\u00fcberwachungsanlage verf\u00fcgen, sollen sich bei der Polizei melden.<\/p>\n<p class=\"hrds-copytext__paragraph mt-4 sm:mt-5 text-lg leading-normal sm480:text-xl lg:leading-7.5 dark:text-text-dark\">Auch ein Polizeihubschrauber kam zum Einsatz. Von den T\u00e4tern gibt es bisher aber keine Spur. LKA und Polizei ermitteln wegen des Verdachts des Herbeif\u00fchrens einer Sprengstoffexplosion. Die Ermittler hoffen nun auf weitere Zeugen.<\/p>\n<p>Gr\u00fcne: Angriff auf freiheitlich-demokratische Grundordnung<\/p>\n<p class=\"hrds-copytext__paragraph mt-4 sm:mt-5 text-lg leading-normal sm480:text-xl lg:leading-7.5 dark:text-text-dark\">Die Landtagsfraktion der Gr\u00fcnen und die Partei verurteilten den mutma\u00dflichen Angriff. Attacken auf Politikerinnen und Politiker d\u00fcrften in einer Demokratie keinen Platz haben.<\/p>\n<p class=\"hrds-copytext__paragraph mt-4 sm:mt-5 text-lg leading-normal sm480:text-xl lg:leading-7.5 dark:text-text-dark\">Wer Gewalt gegen demokratisch gew\u00e4hlte Politiker aus\u00fcbe, &#8222;greift unsere freiheitlich-demokratische Grundordnung an&#8220;, hei\u00dft es in einer Stellungnahme vom Donnerstag. &#8222;Wir m\u00fcssen gemeinsam daf\u00fcr sorgen, dass sie ihre Arbeit ohne Angst vor \u00dcbergriffen leisten k\u00f6nnen.&#8220;<\/p>\n<p>Innenminister Poseck: &#8222;Gef\u00e4hrliche Tat&#8220;<\/p>\n<p class=\"hrds-copytext__paragraph mt-4 sm:mt-5 text-lg leading-normal sm480:text-xl lg:leading-7.5 dark:text-text-dark\">Auch Innenminister Roman Poseck (CDU) \u00e4u\u00dferte sich am Donnerstag zu dem Vorfall. Es handele sich um eine &#8222;gef\u00e4hrliche Tat, bei der gl\u00fccklicherweise niemand verletzt wurde&#8220;, sagte er.<\/p>\n<p class=\"hrds-copytext__paragraph mt-4 sm:mt-5 text-lg leading-normal sm480:text-xl lg:leading-7.5 dark:text-text-dark\">Da zu den Hintergr\u00fcnden und zum Motiv noch nichts bekannt sei, rate er von Spekulationen ab. &#8222;Die Polizei nimmt die Tat sehr ernst&#8220;, sagte Poseck.<\/p>\n<p>AfD: &#8222;Ohne Wenn und Aber zu verurteilen&#8220;<\/p>\n<p class=\"hrds-copytext__paragraph mt-4 sm:mt-5 text-lg leading-normal sm480:text-xl lg:leading-7.5 dark:text-text-dark\">AfD-Fraktionschef Robert Lambrou teilte mit, seine Fraktion verurteile den Anschlag auf das Sch\u00e4rfste. &#8222;Gewalt ist in der politischen Auseinandersetzung ohne Wenn und Aber zu verurteilen, egal von wem sie ausgeht, egal wen sie trifft&#8220;, sagte er. Wer dazu greife, m\u00fcsse mit allen Mitteln des Rechtsstaats zur Verantwortung gezogen werden.<\/p>\n<p>\nRedaktion:<br \/>\n<a href=\"https:\/\/www.hessenschau.de\/redaktion\/onlinesonja-suess,sonja-suess-100.html\" class=\"ds-link js-load  text-link dark:text-link-dark hover:underline \" rel=\"nofollow noopener\" target=\"_blank\">Sonja S\u00fc\u00df<\/a>        <\/p>\n<p>\nSendung:<br \/>\nhr-fernsehen, hessenschau,<\/p>\n<p>16.10.25, 19:30 Uhr<\/p>\n<p>Quelle: hessenschau.de\/Saskia Klingelschmitt<\/p>\n<p>\nVer\u00f6ffentlicht am 16.10.25 um 08:41 Uhr<\/p>\n","protected":false},"excerpt":{"rendered":"An der Haust\u00fcr einer Gr\u00fcnen-Politikerin aus Dietzenbach hat es eine Explosion gegeben. Sie sei &#8222;geschockt&#8220; und m\u00fcsse nun&hellip;\n","protected":false},"author":2,"featured_media":506010,"comment_status":"","ping_status":"","sticky":false,"template":"","format":"standard","meta":{"footnotes":""},"categories":[2],"tags":[29,30,13,14,15,12,10,8,9,11],"class_list":{"0":"post-506254","1":"post","2":"type-post","3":"status-publish","4":"format-standard","5":"has-post-thumbnail","7":"category-deutschland","8":"tag-deutschland","9":"tag-germany","10":"tag-headlines","11":"tag-nachrichten","12":"tag-news","13":"tag-schlagzeilen","14":"tag-top-news","15":"tag-top-meldungen","16":"tag-topmeldungen","17":"tag-topnews"},"share_on_mastodon":{"url":"https:\/\/pubeurope.com\/@de\/115390509485297841","error":""},"_links":{"self":[{"href":"https:\/\/www.europesays.com\/de\/wp-json\/wp\/v2\/posts\/506254","targetHints":{"allow":["GET"]}}],"collection":[{"href":"https:\/\/www.europesays.com\/de\/wp-json\/wp\/v2\/posts"}],"about":[{"href":"https:\/\/www.europesays.com\/de\/wp-json\/wp\/v2\/types\/post"}],"author":[{"embeddable":true,"href":"https:\/\/www.europesays.com\/de\/wp-json\/wp\/v2\/users\/2"}],"replies":[{"embeddable":true,"href":"https:\/\/www.europesays.com\/de\/wp-json\/wp\/v2\/comments?post=506254"}],"version-history":[{"count":0,"href":"https:\/\/www.europesays.com\/de\/wp-json\/wp\/v2\/posts\/506254\/revisions"}],"wp:featuredmedia":[{"embeddable":true,"href":"https:\/\/www.europesays.com\/de\/wp-json\/wp\/v2\/media\/506010"}],"wp:attachment":[{"href":"https:\/\/www.europesays.com\/de\/wp-json\/wp\/v2\/media?parent=506254"}],"wp:term":[{"taxonomy":"category","embeddable":true,"href":"https:\/\/www.europesays.com\/de\/wp-json\/wp\/v2\/categories?post=506254"},{"taxonomy":"post_tag","embeddable":true,"href":"https:\/\/www.europesays.com\/de\/wp-json\/wp\/v2\/tags?post=506254"}],"curies":[{"name":"wp","href":"https:\/\/api.w.org\/{rel}","templated":true}]}}