{"id":506269,"date":"2025-10-17T16:51:34","date_gmt":"2025-10-17T16:51:34","guid":{"rendered":"https:\/\/www.europesays.com\/de\/506269\/"},"modified":"2025-10-17T16:51:34","modified_gmt":"2025-10-17T16:51:34","slug":"53-jaehriger-in-wiesbaden-angegriffen-rhein-main-verlag","status":"publish","type":"post","link":"https:\/\/www.europesays.com\/de\/506269\/","title":{"rendered":"53-J\u00e4hriger in Wiesbaden angegriffen &#8211; Rhein Main Verlag"},"content":{"rendered":"<p>&#13;<br \/>\n        &#13;<br \/>\n&#13;<br \/>\n        &#13;<\/p>\n<p>            <a href=\"https:\/\/www.europesays.com\/de\/wp-content\/uploads\/2025\/07\/dan-burton-nRW4I8kuyd8-unsplash.jpg\" data-caption=\"(Symbolbild: Dan Burton auf Unsplash)\"><img loading=\"lazy\" decoding=\"async\" width=\"696\" height=\"464\" class=\"entry-thumb td-modal-image\" src=\"data:image\/svg+xml,%3Csvg%20xmlns=\" http:=\"\" data-lazy- data-lazy- alt=\"\" title=\"Gewalt, Polizei rmv\" data-lazy-src=\"https:\/\/www.europesays.com\/de\/wp-content\/uploads\/2025\/07\/dan-burton-nRW4I8kuyd8-unsplash.jpg\"\/><\/a>(Symbolbild: Dan Burton auf Unsplash)<\/p>\n<p>Am gestrigen Donnerstagabend (16.) gegen 20.30 Uhr griff ein Unbekannter einen Anwohner der Frankenstra\u00dfe in Wiesbaden an.<\/p>\n<p>W\u00e4hrend der Mann seine Wohnungst\u00fcr aufschloss, soll sich der T\u00e4ter von hinten angen\u00e4hert und den 53-J\u00e4hrigen ins Gesicht geschlagen haben. Nach Drohung mit der Polizei, fl\u00fcchtete der Angreifer. Bei dem T\u00e4ter soll es sich um einen 20 bis 25 Jahre alten Mann gehandelt haben. Er soll 185 Zentimeter gro\u00df und zum Tatzeitpunkt mit einem bunten Schlauchschal bekleidet gewesen sein, mit welchem er sein Gesicht bis zur Nase bedeckte.<\/p>\n<p>Das 1. Polizeirevier hat die Ermittlungen aufgenommen und nimmt Hinweise unter der Telefonnummer (0611) 345-2140 entgegen.<\/p>\n<p>(Text: PM PP Westhessen)<\/p>\n<p><a href=\"https:\/\/www.rheinmainverlag.de\/author\/ahessberger\/\" target=\"_blank\" rel=\"noopener\"><img loading=\"lazy\" decoding=\"async\" src=\"data:image\/svg+xml,%3Csvg%20xmlns=\" http:=\"\" width=\"200\" height=\"200\" alt=\"\" itemprop=\"image\" data-lazy-src=\"https:\/\/www.europesays.com\/de\/wp-content\/uploads\/2025\/04\/Katja_Hessberger.jpg\"\/><\/a><\/p>\n<p>\u2026 erschlie\u00dft sich ihre Welt, indem sie viel Zeit in der Natur verbringt. Bei langen Fahrradtouren und sch\u00f6ne Wanderungen tankt sie Kraft. Lokale Themen sind ihre Welt. Sowohl in den Printprodukten als auch online informiert sie am liebsten \u00fcber Polizeiberichte, Tiergeschichten und Umweltthemen. Absolute Lieblingsbesch\u00e4ftigung in der Adventszeit: Pl\u00e4tzchen backen.<br \/>Mag: Tiere | Backen | Lokale Geschichten<\/p>\n<p>Set your Author Custom HTML Tab Content on your <a href=\"https:\/\/www.rheinmainverlag.de\/wp-admin\/profile.php#sabox-custom-job-title\" target=\"_blank\" class=\"clickable\" rel=\"noopener\">Profile page<\/a><\/p>\n<p>        &#13;<br \/>\n&#13;<br \/>\n        &#13;<br \/>\n                        &#13;<br \/>\n            &#13;<br \/>\n&#13;<br \/>\n                                                        &#13;<br \/>\n&#13;<\/p>\n","protected":false},"excerpt":{"rendered":"&#13; &#13; &#13; &#13; (Symbolbild: Dan Burton auf Unsplash) Am gestrigen Donnerstagabend (16.) gegen 20.30 Uhr griff ein&hellip;\n","protected":false},"author":2,"featured_media":261218,"comment_status":"","ping_status":"","sticky":false,"template":"","format":"standard","meta":{"footnotes":""},"categories":[1847],"tags":[3364,29,548,663,3934,30,13,2052,14,15,12,4544],"class_list":{"0":"post-506269","1":"post","2":"type-post","3":"status-publish","4":"format-standard","5":"has-post-thumbnail","7":"category-wiesbaden","8":"tag-de","9":"tag-deutschland","10":"tag-eu","11":"tag-europa","12":"tag-europe","13":"tag-germany","14":"tag-headlines","15":"tag-hessen","16":"tag-nachrichten","17":"tag-news","18":"tag-schlagzeilen","19":"tag-wiesbaden"},"share_on_mastodon":{"url":"https:\/\/pubeurope.com\/@de\/115390544934642124","error":""},"_links":{"self":[{"href":"https:\/\/www.europesays.com\/de\/wp-json\/wp\/v2\/posts\/506269","targetHints":{"allow":["GET"]}}],"collection":[{"href":"https:\/\/www.europesays.com\/de\/wp-json\/wp\/v2\/posts"}],"about":[{"href":"https:\/\/www.europesays.com\/de\/wp-json\/wp\/v2\/types\/post"}],"author":[{"embeddable":true,"href":"https:\/\/www.europesays.com\/de\/wp-json\/wp\/v2\/users\/2"}],"replies":[{"embeddable":true,"href":"https:\/\/www.europesays.com\/de\/wp-json\/wp\/v2\/comments?post=506269"}],"version-history":[{"count":0,"href":"https:\/\/www.europesays.com\/de\/wp-json\/wp\/v2\/posts\/506269\/revisions"}],"wp:featuredmedia":[{"embeddable":true,"href":"https:\/\/www.europesays.com\/de\/wp-json\/wp\/v2\/media\/261218"}],"wp:attachment":[{"href":"https:\/\/www.europesays.com\/de\/wp-json\/wp\/v2\/media?parent=506269"}],"wp:term":[{"taxonomy":"category","embeddable":true,"href":"https:\/\/www.europesays.com\/de\/wp-json\/wp\/v2\/categories?post=506269"},{"taxonomy":"post_tag","embeddable":true,"href":"https:\/\/www.europesays.com\/de\/wp-json\/wp\/v2\/tags?post=506269"}],"curies":[{"name":"wp","href":"https:\/\/api.w.org\/{rel}","templated":true}]}}