{"id":506272,"date":"2025-10-17T16:53:12","date_gmt":"2025-10-17T16:53:12","guid":{"rendered":"https:\/\/www.europesays.com\/de\/506272\/"},"modified":"2025-10-17T16:53:12","modified_gmt":"2025-10-17T16:53:12","slug":"mannheim-auto-aufgefahren-und-geflohen-polizeiberichte-aus-rhein-neckar-odenwald","status":"publish","type":"post","link":"https:\/\/www.europesays.com\/de\/506272\/","title":{"rendered":"Mannheim: Auto\u00a0aufgefahren und geflohen &#8211; Polizeiberichte aus Rhein-Neckar-Odenwald"},"content":{"rendered":"<p>Mannheim. (pol\/kph) Am Donnerstagnachmittag hat\u00a0ein unbekannter Zweiradfahrer einen Auffahrunfall verursacht und ist geflohen. Nach Angaben der Polizei hielt die gesch\u00e4digte Hyundai-Fahrerin gegen 14.30 Uhr auf dem Luisenring an einer Ampel, als ihr der Unbekannte mit einem motorisierten Zweirad hinten\u00a0auffuhr. Verletzt wurde niemand.<\/p>\n<p>Wegen des hohen Verkehrsaufkommens sollen sie vereinbart haben, zur weiteren Kl\u00e4rung in die Unterm\u00fchlstra\u00dfe zu fahren. Der Zweiradfahrer sei ihr zun\u00e4chst gefolgt. Doch zur Unfallaufnahme kam es nicht: Der Unbekannte floh \u00fcber eine Linksabbiegerspur auf die Bundesstra\u00dfe B44 in Richtung Ludwigshafen.<\/p>\n<p>Der 30-J\u00e4hrigen ist ein Sachschaden von etwa 500 Euro entstanden. Die Polizei sucht nach dem T\u00e4ter.<\/p>\n<p>Er soll zwischen 1,65 und 1,70\u00a0Meter gro\u00df sein, gebr\u00e4unte Haut und einen rotstichigen, dunkelblonden Drei-Tage-Bart haben. Seine K\u00f6rperfigur wird als schlank beschrieben. Er habe einen schwarzen Hoodie mit schwarzen B\u00e4ndeln getragen und sei ohne Schutzhelm unterwegs gewesen. Sein Alter wird auf 25 bis 30 Jahre gesch\u00e4tzt.<\/p>\n<p>Wer Hinweise hat, kann sich unter 0621\/33010 beim Polizeirevier Mannheim-Neckarstadt melden.<\/p>\n","protected":false},"excerpt":{"rendered":"Mannheim. (pol\/kph) Am Donnerstagnachmittag hat\u00a0ein unbekannter Zweiradfahrer einen Auffahrunfall verursacht und ist geflohen. Nach Angaben der Polizei hielt&hellip;\n","protected":false},"author":2,"featured_media":506273,"comment_status":"","ping_status":"","sticky":false,"template":"","format":"standard","meta":{"footnotes":""},"categories":[1845],"tags":[1634,3364,29,548,663,3934,30,13,2096,14,15,17343,12],"class_list":{"0":"post-506272","1":"post","2":"type-post","3":"status-publish","4":"format-standard","5":"has-post-thumbnail","7":"category-mannheim","8":"tag-baden-wuerttemberg","9":"tag-de","10":"tag-deutschland","11":"tag-eu","12":"tag-europa","13":"tag-europe","14":"tag-germany","15":"tag-headlines","16":"tag-mannheim","17":"tag-nachrichten","18":"tag-news","19":"tag-polizei-blaulicht-heidelberg-mannheim-rhein-neckar-metropolregion-sinsheim-kraichgau-neckarodenwald-odenwald-bauland-heilbronn","20":"tag-schlagzeilen"},"share_on_mastodon":{"url":"https:\/\/pubeurope.com\/@de\/115390552852536061","error":""},"_links":{"self":[{"href":"https:\/\/www.europesays.com\/de\/wp-json\/wp\/v2\/posts\/506272","targetHints":{"allow":["GET"]}}],"collection":[{"href":"https:\/\/www.europesays.com\/de\/wp-json\/wp\/v2\/posts"}],"about":[{"href":"https:\/\/www.europesays.com\/de\/wp-json\/wp\/v2\/types\/post"}],"author":[{"embeddable":true,"href":"https:\/\/www.europesays.com\/de\/wp-json\/wp\/v2\/users\/2"}],"replies":[{"embeddable":true,"href":"https:\/\/www.europesays.com\/de\/wp-json\/wp\/v2\/comments?post=506272"}],"version-history":[{"count":0,"href":"https:\/\/www.europesays.com\/de\/wp-json\/wp\/v2\/posts\/506272\/revisions"}],"wp:featuredmedia":[{"embeddable":true,"href":"https:\/\/www.europesays.com\/de\/wp-json\/wp\/v2\/media\/506273"}],"wp:attachment":[{"href":"https:\/\/www.europesays.com\/de\/wp-json\/wp\/v2\/media?parent=506272"}],"wp:term":[{"taxonomy":"category","embeddable":true,"href":"https:\/\/www.europesays.com\/de\/wp-json\/wp\/v2\/categories?post=506272"},{"taxonomy":"post_tag","embeddable":true,"href":"https:\/\/www.europesays.com\/de\/wp-json\/wp\/v2\/tags?post=506272"}],"curies":[{"name":"wp","href":"https:\/\/api.w.org\/{rel}","templated":true}]}}