{"id":506295,"date":"2025-10-17T17:06:11","date_gmt":"2025-10-17T17:06:11","guid":{"rendered":"https:\/\/www.europesays.com\/de\/506295\/"},"modified":"2025-10-17T17:06:11","modified_gmt":"2025-10-17T17:06:11","slug":"trump-und-religion-sz-de","status":"publish","type":"post","link":"https:\/\/www.europesays.com\/de\/506295\/","title":{"rendered":"Trump und Religion &#8211; SZ.de"},"content":{"rendered":"\n<p>17. Oktober 2025 | Lesezeit: 7 Min.<\/p>\n<p>Donald Trump ist bislang nicht als besonders nachdenklicher Mensch aufgefallen, doch am Sonntag, an Bord der Air Force One, da \u00fcberkam es ihn. \u201eIch denke nicht, dass es irgendetwas gibt, das mich in den Himmel bringt\u201c, sagte Trump mit einem beinahe sympathischen Grinsen \u2013 nicht mal die Waffenruhe in Gaza. Es war ein seltener Moment der Wahrhaftigkeit, und es war der Moment, in dem Trump eine Hoffnung fahren lie\u00df. Der US-Pr\u00e4sident hatte stets sehr transparent benannt, welchen Lohn er sich f\u00fcr seine diplomatischen Bem\u00fchungen f\u00fcr den Nahen Osten und die Ukraine vorstellen k\u00f6nnte: den Nobelpreis und einen Platz im Himmel. Der Nobelpreis ist noch drin.<\/p>\n","protected":false},"excerpt":{"rendered":"17. Oktober 2025 | Lesezeit: 7 Min. Donald Trump ist bislang nicht als besonders nachdenklicher Mensch aufgefallen, doch&hellip;\n","protected":false},"author":2,"featured_media":506296,"comment_status":"","ping_status":"","sticky":false,"template":"","format":"standard","meta":{"footnotes":""},"categories":[3977],"tags":[331,332,108969,106,2989,13,68040,14,15,575,3877,12,113,4017,4018,4016,3940,64,4019,4020],"class_list":{"0":"post-506295","1":"post","2":"type-post","3":"status-publish","4":"format-standard","5":"has-post-thumbnail","7":"category-usa","8":"tag-aktuelle-nachrichten","9":"tag-aktuelle-news","10":"tag-charlie-kirk","11":"tag-donald-trump","12":"tag-geschichte","13":"tag-headlines","14":"tag-maga","15":"tag-nachrichten","16":"tag-news","17":"tag-religion","18":"tag-sddeutsche-zeitung","19":"tag-schlagzeilen","20":"tag-trump","21":"tag-united-states","22":"tag-united-states-of-america","23":"tag-us","24":"tag-us-regierung","25":"tag-usa","26":"tag-vereinigte-staaten","27":"tag-vereinigte-staaten-von-amerika"},"share_on_mastodon":{"url":"https:\/\/pubeurope.com\/@de\/115390603925847493","error":""},"_links":{"self":[{"href":"https:\/\/www.europesays.com\/de\/wp-json\/wp\/v2\/posts\/506295","targetHints":{"allow":["GET"]}}],"collection":[{"href":"https:\/\/www.europesays.com\/de\/wp-json\/wp\/v2\/posts"}],"about":[{"href":"https:\/\/www.europesays.com\/de\/wp-json\/wp\/v2\/types\/post"}],"author":[{"embeddable":true,"href":"https:\/\/www.europesays.com\/de\/wp-json\/wp\/v2\/users\/2"}],"replies":[{"embeddable":true,"href":"https:\/\/www.europesays.com\/de\/wp-json\/wp\/v2\/comments?post=506295"}],"version-history":[{"count":0,"href":"https:\/\/www.europesays.com\/de\/wp-json\/wp\/v2\/posts\/506295\/revisions"}],"wp:featuredmedia":[{"embeddable":true,"href":"https:\/\/www.europesays.com\/de\/wp-json\/wp\/v2\/media\/506296"}],"wp:attachment":[{"href":"https:\/\/www.europesays.com\/de\/wp-json\/wp\/v2\/media?parent=506295"}],"wp:term":[{"taxonomy":"category","embeddable":true,"href":"https:\/\/www.europesays.com\/de\/wp-json\/wp\/v2\/categories?post=506295"},{"taxonomy":"post_tag","embeddable":true,"href":"https:\/\/www.europesays.com\/de\/wp-json\/wp\/v2\/tags?post=506295"}],"curies":[{"name":"wp","href":"https:\/\/api.w.org\/{rel}","templated":true}]}}