{"id":506303,"date":"2025-10-17T17:10:20","date_gmt":"2025-10-17T17:10:20","guid":{"rendered":"https:\/\/www.europesays.com\/de\/506303\/"},"modified":"2025-10-17T17:10:20","modified_gmt":"2025-10-17T17:10:20","slug":"diese-europaeische-altstadt-erobert-platz-1","status":"publish","type":"post","link":"https:\/\/www.europesays.com\/de\/506303\/","title":{"rendered":"Diese europ\u00e4ische Altstadt erobert Platz 1"},"content":{"rendered":"<p>Historische Viertel <\/p>\n<p>Rangliste: Deutsche Altstadt unter den sch\u00f6nsten der Welt<\/p>\n<p>Aktualisiert am 17.10.2025 &#8211; 15:36 UhrLesedauer: 4 Min.<\/p>\n<p><a href=\"#focus-0\" class=\"transition-colors duration-200 block text-current relative\" data-sctrack=\"FocusGalleryImage.Reference\"><img fetchpriority=\"high\" data-testid=\"Opener.Image\" style=\"--lqipURL:url('https:\/\/images.t-online.de\/2025\/09\/Gnjnqg07C6JX\/0x14:4000x2250\/fit-in\/150x0\/filters:blur(25)\/im-abendlicht-die-steinerne-bruecke-fuehrt-ueber-die-donau-in-die-regensburger-altstadt-mit-dom.jpg')\"   loading=\"eager\" src=\"https:\/\/www.europesays.com\/de\/wp-content\/uploads\/2025\/10\/im-abendlicht-die-steinerne-bruecke-fuehrt-ueber-die-donau-in-die-regensburger-altstadt-mit-dom.jpg\" alt=\"Im Abendlicht: Die Steinerne Br\u00fccke f\u00fchrt \u00fcber die Donau in die Regensburger Altstadt mit Dom.\" title=\"Im Abendlicht: Die Steinerne Br\u00fccke f\u00fchrt \u00fcber die Donau in die Regensburger Altstadt mit Dom.\" width=\"4000\" height=\"2250\" class=\"bg-[url:var(--lqipURL)] bg-cover bg-center flex h-full w-full max-w-full\" decoding=\"async\"\/><img style=\"--width:32;--height:32\" loading=\"lazy\" src=\"https:\/\/www.t-online.de\/s\/paper\/_next\/static\/media\/zoom-in.f7dae02f.svg\" alt=\"Vergr\u00f6\u00dfern des Bildes\" title=\"Vergr\u00f6\u00dfern des Bildes\" class=\"block h-[calc(var(--height)_\/_16_*_1rem)] w-[calc(var(--width)_\/_16_*_1rem)] max-w-none absolute bottom-8 right-8 rounded-4 bg-snow p-8\" decoding=\"async\"\/><\/a><\/p>\n<p>Im Abendlicht: Die Steinerne Br\u00fccke f\u00fchrt \u00fcber die Donau in die Regensburger Altstadt mit Dom. (Quelle: imageBROKER\/Martin Siepmann, via www.imago-images.de)<\/p>\n<p class=\"font-bold text-18 leading-17\">Ob mittelalterliches Kopfsteinpflaster oder orientalische Gassen: Historische Stadtkerne zeigen, wie unterschiedlich die Geschichte in aller Welt geschrieben wurde. In einem neuen Ranking stechen f\u00fcnf St\u00e4dte besonders hervor.<\/p>\n<p class=\"text-18 leading-17\">Wer durch alte Stadtviertel spaziert, bewegt sich nicht nur durch enge Gassen, sondern auch durch die Vergangenheit. Geb\u00e4ude aus vergangenen Jahrhunderten, Pl\u00e4tze mit Patina und der Duft von M\u00e4rkten oder Gark\u00fcchen erz\u00e4hlen von Handel, Macht und Alltag. Eine internationale Rangliste des Reiseanbieters Tourlane hat jetzt die sch\u00f6nsten Altst\u00e4dte der Welt gek\u00fcrt und dabei auf \u00fcberraschende Kriterien gesetzt. Neben Sch\u00f6nheit z\u00e4hlten auch Alter, Fu\u00dfg\u00e4ngerfreundlichkeit, Tourpreise und die Instagram-Beliebtheit.<\/p>\n<p class=\"text-18 leading-17\">Die Auswahl trafen Reiseexperten anhand kulturhistorischer Bedeutung, erg\u00e4nzt durch objektive Daten. Bewertet wurden 65 St\u00e4dte aus f\u00fcnf Weltregionen. Am h\u00f6chsten gewichtet wurde dabei, wie gut sich eine Altstadt zu Fu\u00df erkunden l\u00e4sst. Hinzu kamen das Alter der Stadt, die Kosten einer typischen Stadtf\u00fchrung sowie die Zahl der Instagram-Posts mit dem Stadt-Hashtag.<\/p>\n<p class=\"text-18 leading-17\">Die Top-Pl\u00e4tze des Rankings zeigen, wie unterschiedlich Altst\u00e4dte aussehen und was sie verbindet: Geschichte, Erlebnisse und Atmosph\u00e4re.<\/p>\n<p class=\"text-18 leading-17\"><strong class=\"font-bold\">Krakau<\/strong> in <a class=\"transition-colors duration-200 cursor-pointer text-inherit no-underline text-salemsfur md:hover:text-magenta md:hover:border-magenta md:focus:text-magenta border-current border-b border-solid break-words\" href=\"https:\/\/www.t-online.de\/themen\/polen\/\" data-sctrack=\"BodyAnchor\" target=\"_blank\" rel=\"noopener\">Polen<\/a> belegt in der Tourlane-Rangliste Platz 1 in Europa vor Neapel und Regensburg. Besonders beeindruckend: Die Altstadt l\u00e4sst sich fast vollst\u00e4ndig zu Fu\u00df erkunden. Vom Hauptmarkt mit seinen historischen Tuchhallen geht es nur wenige Schritte zur Marienkirche. Weiter f\u00fchrt der Weg durch kleine Gassen hinauf zum Wawel-Schloss. Pl\u00e4tze, Tore und Innenh\u00f6fe erz\u00e4hlen auf engstem Raum vom kulturellen Reichtum der Stadt.<\/p>\n<p class=\"text-18 leading-17\">Den zweiten Platz nimmt <strong class=\"font-bold\">Neapel<\/strong> ein, laut Experten vor allem wegen der unverwechselbaren Atmosph\u00e4re der italienischen Stadt am Golf von Neapel. Die Spaccanapoli, eine schmale Stra\u00dfe durch das Herz der Altstadt, f\u00fchrt vorbei an prachtvollen Kirchen, traditionellen Pizzerien und alten Handwerksst\u00e4tten. Das Stra\u00dfenbild verbindet Essen, Alltag und Geschichte zu einem stimmungsvollen Ganzen.<\/p>\n<p class=\"text-18 leading-17\">Auf Platz drei folgt Regensburg in Bayern: Die Stadt an der Donau punktet mit kompakten Wegen, die Geschichte auf Schritt und Tritt erlebbar machen. Besucher \u00fcberqueren die Steinerne Br\u00fccke aus dem 12. Jahrhundert und gelangen direkt in den historischen Stadtkern. Dort reihen sich das Alte Rathaus, der gotische Dom St. Peter und die Porta Praetoria, ein r\u00f6misches Tor aus dem Jahr 179, dicht aneinander.<\/p>\n","protected":false},"excerpt":{"rendered":"Historische Viertel Rangliste: Deutsche Altstadt unter den sch\u00f6nsten der Welt Aktualisiert am 17.10.2025 &#8211; 15:36 UhrLesedauer: 4 Min.&hellip;\n","protected":false},"author":2,"featured_media":506304,"comment_status":"","ping_status":"","sticky":false,"template":"","format":"standard","meta":{"footnotes":""},"categories":[3933],"tags":[27811,522,331,332,1624,42545,548,663,158,3934,3935,126395,6784,26430,13,152,54856,33264,56718,3876,14,20537,15,3917,12946,12,126394,33101,126393,19574,20303,10649],"class_list":{"0":"post-506303","1":"post","2":"type-post","3":"status-publish","4":"format-standard","5":"has-post-thumbnail","7":"category-eu","8":"tag-stadtkern","9":"tag-522","10":"tag-aktuelle-nachrichten","11":"tag-aktuelle-news","12":"tag-asien","13":"tag-donau","14":"tag-eu","15":"tag-europa","16":"tag-europaeische-union","17":"tag-europe","18":"tag-european-union","19":"tag-fes","20":"tag-florida","21":"tag-fussballmeisterschaft","22":"tag-headlines","23":"tag-instagram","24":"tag-kopfsteinpflaster","25":"tag-krakau","26":"tag-kyoto","27":"tag-marokko","28":"tag-nachrichten","29":"tag-neapel","30":"tag-news","31":"tag-polen","32":"tag-regensburg","33":"tag-schlagzeilen","34":"tag-sousse","35":"tag-ssc-neapel","36":"tag-st-augustine","37":"tag-stadtfuehrung","38":"tag-tunesien","39":"tag-vietnam"},"share_on_mastodon":{"url":"https:\/\/pubeurope.com\/@de\/115390620465270950","error":""},"_links":{"self":[{"href":"https:\/\/www.europesays.com\/de\/wp-json\/wp\/v2\/posts\/506303","targetHints":{"allow":["GET"]}}],"collection":[{"href":"https:\/\/www.europesays.com\/de\/wp-json\/wp\/v2\/posts"}],"about":[{"href":"https:\/\/www.europesays.com\/de\/wp-json\/wp\/v2\/types\/post"}],"author":[{"embeddable":true,"href":"https:\/\/www.europesays.com\/de\/wp-json\/wp\/v2\/users\/2"}],"replies":[{"embeddable":true,"href":"https:\/\/www.europesays.com\/de\/wp-json\/wp\/v2\/comments?post=506303"}],"version-history":[{"count":0,"href":"https:\/\/www.europesays.com\/de\/wp-json\/wp\/v2\/posts\/506303\/revisions"}],"wp:featuredmedia":[{"embeddable":true,"href":"https:\/\/www.europesays.com\/de\/wp-json\/wp\/v2\/media\/506304"}],"wp:attachment":[{"href":"https:\/\/www.europesays.com\/de\/wp-json\/wp\/v2\/media?parent=506303"}],"wp:term":[{"taxonomy":"category","embeddable":true,"href":"https:\/\/www.europesays.com\/de\/wp-json\/wp\/v2\/categories?post=506303"},{"taxonomy":"post_tag","embeddable":true,"href":"https:\/\/www.europesays.com\/de\/wp-json\/wp\/v2\/tags?post=506303"}],"curies":[{"name":"wp","href":"https:\/\/api.w.org\/{rel}","templated":true}]}}