{"id":506309,"date":"2025-10-17T17:13:11","date_gmt":"2025-10-17T17:13:11","guid":{"rendered":"https:\/\/www.europesays.com\/de\/506309\/"},"modified":"2025-10-17T17:13:11","modified_gmt":"2025-10-17T17:13:11","slug":"konzerte-verdammt-ich-lieb-dich-matthias-reim-auf-jubilaeumstour-deutschland-welt","status":"publish","type":"post","link":"https:\/\/www.europesays.com\/de\/506309\/","title":{"rendered":"Konzerte: \u00abVerdammt ich lieb&#8216; dich\u00bb \u2013 Matthias Reim auf Jubil\u00e4umstour &#8211; Deutschland &#038; Welt"},"content":{"rendered":"<p class=\"teaser\">Vor 35 Jahren st\u00fcrmte Matthias Reim mit \u00abVerdammt ich lieb&#8216; dich\u00bb die Charts. Im kommenden Jahr m\u00f6chte der Schlagers\u00e4nger das Jubil\u00e4um seines Hits und seines Deb\u00fctalbums auf gro\u00dfer B\u00fchne feiern.<\/p>\n<p>Dresden (dpa) \u2013 Vor 35 Jahren landete Matthias Reim mit \u00abVerdammt ich lieb&#8216; dich\u00bb einen Riesen-Hit, aus diesem Anlass geht der Popmusiker 2026 auf Jubil\u00e4umstour. Los geht es am 23. Mai in der Freilichtb\u00fchne Junge Garde in Dresden, hei\u00dft es in einer Ank\u00fcndigung. Bis zum 30. Dezember kommenden Jahres werde der 67 Jahre alte Schlagers\u00e4nger durch Deutschland touren. Der Titel der Tour lautet \u00abMatthias Reim \u2013 35 Jahre \u201eVerdammt ich lieb&#8216; dich\u201c\u00bb. <\/p>\n<p>Stationen sind 2026 unter anderem die Parkb\u00fchne in Leipzig (1. August), die Barclays Arena in Hamburg (3. Oktober), die Lanxess Arena in K\u00f6ln (4. Oktober) sowie die Uber Arena in Berlin (28. Dezember).<\/p>\n<p>Fans d\u00fcrfen sich auf alle Songs des Deb\u00fctalbums freuen<\/p>\n<p>35 Jahre sei es her, dass Reim mit \u00abVerdammt, ich lieb&#8216; dich\u00bb und seinem Deb\u00fctalbum \u00abREIM\u00bb das Fundament f\u00fcr seine einzigartig erfolgreiche Karriere legte, teilten die Veranstalter weiter mit. Sein Deb\u00fct habe sich seither mehr als 1,5 Millionen Mal verkauft. Die Fans d\u00fcrften sich auf alle zehn Songs des Albums freuen, die in voller L\u00e4nge und in derselben Reihenfolge wie auf dem Deb\u00fct gespielt werden.<\/p>\n<p>Der 67-J\u00e4hrige, der auf ein bewegtes Leben mit H\u00f6hen und Tiefen zur\u00fcckblickt, lebt aktuell am Bodensee. 1990 wurde Reim mit seinem Hit \u00abVerdammt, ich lieb&#8216; dich\u00bb zum Star. Zu seinen weiteren erfolgreichen Songs geh\u00f6ren etwa \u00abDu bist mein Gl\u00fcck\u00bb und \u00abIch hab&#8216; getr\u00e4umt von dir\u00bb. Auf der Instagram-Seite des Musikers hei\u00dft es zu der geplanten Tour: \u00abLasst uns gemeinsam eine unvergessliche Zeit haben!\u00bb<\/p>\n<p>\u00a9 dpa-infocom, dpa:251017-930-176128\/1<\/p>\n","protected":false},"excerpt":{"rendered":"Vor 35 Jahren st\u00fcrmte Matthias Reim mit \u00abVerdammt ich lieb&#8216; dich\u00bb die Charts. Im kommenden Jahr m\u00f6chte der&hellip;\n","protected":false},"author":2,"featured_media":506310,"comment_status":"","ping_status":"","sticky":false,"template":"","format":"standard","meta":{"footnotes":""},"categories":[2],"tags":[331,3924,332,3922,3364,29,2386,30,13,80,4823,14,3923,15,3921,12],"class_list":{"0":"post-506309","1":"post","2":"type-post","3":"status-publish","4":"format-standard","5":"has-post-thumbnail","7":"category-deutschland","8":"tag-aktuelle-nachrichten","9":"tag-aktuelle-nachrichten-aus-deutschland","10":"tag-aktuelle-news","11":"tag-aktuelle-news-aus-deutschland","12":"tag-de","13":"tag-deutschland","14":"tag-dresden","15":"tag-germany","16":"tag-headlines","17":"tag-kultur","18":"tag-meldung","19":"tag-nachrichten","20":"tag-nachrichten-aus-deutschland","21":"tag-news","22":"tag-news-aus-deutschland","23":"tag-schlagzeilen"},"share_on_mastodon":{"url":"https:\/\/pubeurope.com\/@de\/115390631526671082","error":""},"_links":{"self":[{"href":"https:\/\/www.europesays.com\/de\/wp-json\/wp\/v2\/posts\/506309","targetHints":{"allow":["GET"]}}],"collection":[{"href":"https:\/\/www.europesays.com\/de\/wp-json\/wp\/v2\/posts"}],"about":[{"href":"https:\/\/www.europesays.com\/de\/wp-json\/wp\/v2\/types\/post"}],"author":[{"embeddable":true,"href":"https:\/\/www.europesays.com\/de\/wp-json\/wp\/v2\/users\/2"}],"replies":[{"embeddable":true,"href":"https:\/\/www.europesays.com\/de\/wp-json\/wp\/v2\/comments?post=506309"}],"version-history":[{"count":0,"href":"https:\/\/www.europesays.com\/de\/wp-json\/wp\/v2\/posts\/506309\/revisions"}],"wp:featuredmedia":[{"embeddable":true,"href":"https:\/\/www.europesays.com\/de\/wp-json\/wp\/v2\/media\/506310"}],"wp:attachment":[{"href":"https:\/\/www.europesays.com\/de\/wp-json\/wp\/v2\/media?parent=506309"}],"wp:term":[{"taxonomy":"category","embeddable":true,"href":"https:\/\/www.europesays.com\/de\/wp-json\/wp\/v2\/categories?post=506309"},{"taxonomy":"post_tag","embeddable":true,"href":"https:\/\/www.europesays.com\/de\/wp-json\/wp\/v2\/tags?post=506309"}],"curies":[{"name":"wp","href":"https:\/\/api.w.org\/{rel}","templated":true}]}}