{"id":506317,"date":"2025-10-17T17:17:12","date_gmt":"2025-10-17T17:17:12","guid":{"rendered":"https:\/\/www.europesays.com\/de\/506317\/"},"modified":"2025-10-17T17:17:12","modified_gmt":"2025-10-17T17:17:12","slug":"paedophiler-vor-gericht-in-duisburg","status":"publish","type":"post","link":"https:\/\/www.europesays.com\/de\/506317\/","title":{"rendered":"P\u00e4dophiler vor Gericht in Duisburg"},"content":{"rendered":"<p>Er nennt Zw\u00f6lfj\u00e4hrige \u201esexy, geile Traumfrau\u201cP\u00e4dophiler vor Gericht in Duisburg &#8211; 51-J\u00e4hriger f\u00e4llt auf Scheinprofil rein17. Oktober 2025 um 18:34 Uhr<\/p>\n<p>von <strong>Antonia Sch\u00fctter<\/strong><\/p>\n<p class=\"AnnotatedMarkup_paragraph__IUT9l\">Ein 51-J\u00e4hriger muss sich seit Freitag (17.10.) unter anderem wegen versuchten sexuellen Missbrauchs von Kindern vor dem Landgericht Duisburg verantworten. Er soll intime Fotos und Nachrichten an ein Scheinprofil eines Zw\u00f6lfj\u00e4hrigen verschickt haben.<\/p>\n<p>Er nennt Zw\u00f6lfj\u00e4hrige \u201eSexy, geile Traumfrau\u201c<\/p>\n<p class=\"AnnotatedMarkup_paragraph__IUT9l\">W\u00e4hrend des Prozesses wurden auch Details aus den Chatverl\u00e4ufen des Angeklagten vorgelesen. Dabei hat Gerhard V. eine vermeintlich Zw\u00f6lfj\u00e4hrige mehrfach aufgefordert sich auszuziehen und ihm dann Bilder von ihrem Intimbereich zu schicken. Er sprach das Kind mit \u201esexy, geile Traumfrau\u201c an. Unter anderem deshalb muss sich der 51-J\u00e4hrige vor dem Landgericht Duisburg verantworten.<\/p>\n<p>Angeklagter vorbestraft<\/p>\n<p class=\"AnnotatedMarkup_paragraph__IUT9l\">Gerhard V. war schon mehrmals in Haft &#8211; wegen Vergewaltigung von Kindern. Erstmals vergriff er sich an seiner damals achtj\u00e4hrigen Schwester. Dieses Jahr glaubte er, dass er \u00fcber Facebook mit einer Zw\u00f6lfj\u00e4hrigen schreibt. Aber die gab es gar nicht. Dahinter verborgte sich Bj\u00f6rn Scholz. Er erstellt Scheinprofile, um Leute wie den Angeklagten zu \u00fcberf\u00fchren. Er hat damals Anzeige gegen Gerhard V. erstattet. F\u00fcr ihn auff\u00e4llig: Der Angeklagte hatte viele junge Leute als Freunde bei Facebook.<\/p>\n<p>Anzeige:<\/p>\n<p>Empfehlungen unserer Partner<\/p>\n<p>Besitz von Kinderpornos<\/p>\n<p class=\"AnnotatedMarkup_paragraph__IUT9l\">Nach der Festnahme im Februar stellen die Beamten vier Datentr\u00e4ger mit Kinderpornos bei Gerhard V. sicher. Darauf: Videos, teils von Kleinkindern. Der 51-J\u00e4hrige muss mit einer Freiheitsstrafe von bis zu elf Jahren rechnen. Das Urteil wird Ende Oktober erwartet.<\/p>\n","protected":false},"excerpt":{"rendered":"Er nennt Zw\u00f6lfj\u00e4hrige \u201esexy, geile Traumfrau\u201cP\u00e4dophiler vor Gericht in Duisburg &#8211; 51-J\u00e4hriger f\u00e4llt auf Scheinprofil rein17. Oktober 2025&hellip;\n","protected":false},"author":2,"featured_media":506318,"comment_status":"","ping_status":"","sticky":false,"template":"","format":"standard","meta":{"footnotes":""},"categories":[1838],"tags":[3364,29,3715,2690,30,5827,5828,1209,126396,47931,1269,5830,5829,5825,5826,5824,55793],"class_list":{"0":"post-506317","1":"post","2":"type-post","3":"status-publish","4":"format-standard","5":"has-post-thumbnail","7":"category-duisburg","8":"tag-de","9":"tag-deutschland","10":"tag-duisburg","11":"tag-gericht","12":"tag-germany","13":"tag-nachrichten-nrw","14":"tag-news-nrw","15":"tag-nordrhein-westfalen","16":"tag-paedophile","17":"tag-paedophilie","18":"tag-prozess","19":"tag-regionale-nachrichten-nrw","20":"tag-rtl-nachrichten-nrw","21":"tag-rtl-nrw","22":"tag-rtl-regional","23":"tag-rtl-west","24":"tag-rtl-west-archiv"},"share_on_mastodon":{"url":"https:\/\/pubeurope.com\/@de\/115390647231885443","error":""},"_links":{"self":[{"href":"https:\/\/www.europesays.com\/de\/wp-json\/wp\/v2\/posts\/506317","targetHints":{"allow":["GET"]}}],"collection":[{"href":"https:\/\/www.europesays.com\/de\/wp-json\/wp\/v2\/posts"}],"about":[{"href":"https:\/\/www.europesays.com\/de\/wp-json\/wp\/v2\/types\/post"}],"author":[{"embeddable":true,"href":"https:\/\/www.europesays.com\/de\/wp-json\/wp\/v2\/users\/2"}],"replies":[{"embeddable":true,"href":"https:\/\/www.europesays.com\/de\/wp-json\/wp\/v2\/comments?post=506317"}],"version-history":[{"count":0,"href":"https:\/\/www.europesays.com\/de\/wp-json\/wp\/v2\/posts\/506317\/revisions"}],"wp:featuredmedia":[{"embeddable":true,"href":"https:\/\/www.europesays.com\/de\/wp-json\/wp\/v2\/media\/506318"}],"wp:attachment":[{"href":"https:\/\/www.europesays.com\/de\/wp-json\/wp\/v2\/media?parent=506317"}],"wp:term":[{"taxonomy":"category","embeddable":true,"href":"https:\/\/www.europesays.com\/de\/wp-json\/wp\/v2\/categories?post=506317"},{"taxonomy":"post_tag","embeddable":true,"href":"https:\/\/www.europesays.com\/de\/wp-json\/wp\/v2\/tags?post=506317"}],"curies":[{"name":"wp","href":"https:\/\/api.w.org\/{rel}","templated":true}]}}