{"id":506323,"date":"2025-10-17T17:20:28","date_gmt":"2025-10-17T17:20:28","guid":{"rendered":"https:\/\/www.europesays.com\/de\/506323\/"},"modified":"2025-10-17T17:20:28","modified_gmt":"2025-10-17T17:20:28","slug":"niedersachsen-vielen-asylprojekten-droht-laut-fluechtlingsrat-aus","status":"publish","type":"post","link":"https:\/\/www.europesays.com\/de\/506323\/","title":{"rendered":"Niedersachsen: Vielen Asylprojekten droht laut Fl\u00fcchtlingsrat Aus"},"content":{"rendered":"<p>        <img decoding=\"async\" src=\"https:\/\/www.europesays.com\/de\/wp-content\/uploads\/2025\/10\/flucht-248.webp\" alt=\"Gefl\u00fcchtete verlassen die Landesaufnahmebeh\u00f6rde Niedersachsen am Standort Braunschweig.\" title=\"Gefl\u00fcchtete verlassen die Landesaufnahmebeh\u00f6rde Niedersachsen am Standort Braunschweig. | Julian Stratenschulte\/dpa\" class=\"responsive\"\/><\/p>\n<p>\n            Stand: 17.10.2025 17:44 Uhr<\/p>\n<p class=\"preface\">Der Bund plant laut dem Fl\u00fcchtlingsrat Niedersachsen, mit dem Asyl-, Migrations- und Integrationsfonds (AMIF) keine Asylprojekte mehr zu f\u00f6rdern. Fl\u00fcchtlingsrat und Sozialverb\u00e4nde warnen vor den Folgen.<\/p>\n<p class=\"\">Vielen Projekten &#8211; und damit &#8222;etablierten und wirkungsvollen Unterst\u00fctzungsstrukturen&#8220; &#8211; droht demnach das Aus. Vom Land fordern die Verb\u00e4nde nun, existenzbedrohte Projekte f\u00fcr die Integration von Asylsuchenden zu finanzieren. Sollten die Projekte wegbrechen, sei das &#8222;hochskandal\u00f6s&#8220;, sagte Kerstin Tack, Vorsitzende der Landesarbeitsgemeinschaft der Freien Wohlfahrtspflege, am Freitag in Hannover. Bei betroffenen Projekten handele es sich besonders um Angebote f\u00fcr Schutzsuchende wie Frauen, queere Gefl\u00fcchtete, Menschen mit Behinderungen und Minderj\u00e4hrige. Darunter sind auch die Frauenzentren der f\u00fcnf Erstaufnahmestellen Friedland, Bramsche, Braunschweig, Oldenburg und Osnabr\u00fcck.<\/p>\n<p>    &#8222;So viele wie m\u00f6glich retten&#8220;<\/p>\n<p class=\"\">Rund neun Millionen Euro stehen laut Tack dem Land Niedersachsen aus Bundesmitteln f\u00fcr Asylfragen in den beiden n\u00e4chsten Jahren zur Verf\u00fcgung. Verb\u00e4nde appellierten, damit zumindest einen Teil der Projekte fortzuf\u00fchren. &#8222;Wir m\u00f6chten das Land bitten, sich nach seinen M\u00f6glichkeiten zu engagieren und so viel wie m\u00f6glich zu retten&#8220;, sagte Tack.<\/p>\n<p>    Fl\u00fcchtlingsrat sieht Ende der Willkommenskultur<\/p>\n<p class=\"\">Kai Weber, Gesch\u00e4ftsf\u00fchrer des Fl\u00fcchtlingsrats, sprach zudem davon, dass von einer Willkommenskultur fr\u00fcherer Jahre in der Asylpolitik wenig geblieben sei. Statt einer offenen Haltung erlebe man heute eine Politik, &#8222;die versucht, Gefl\u00fcchtete m\u00f6glichst an den Grenzen abzuwehren und gar nicht erst ins Land zu lassen&#8220;.<\/p>\n<p>        <img decoding=\"async\" src=\"https:\/\/www.europesays.com\/de\/wp-content\/uploads\/2025\/10\/ehrenamt778.webp\" alt=\"F\u00fcr Menschen in Not sind die Tafeln wichtige Anlaufstellen.\" title=\"F\u00fcr Menschen in Not sind die Tafeln wichtige Anlaufstellen. | picture alliance\/dpa, Felix K\u00e4stle\" class=\"responsive\" loading=\"lazy\"\/><\/p>\n<p>Pro Stunde sollen Gefl\u00fcchtete 80 Cent erhalten. Der Beschluss geht auf einen Antrag von CDU und FDP zur\u00fcck.<\/p>\n<p>        <img decoding=\"async\" src=\"https:\/\/www.europesays.com\/de\/wp-content\/uploads\/2025\/10\/gadebusch-100.webp\" alt=\"In Gadebusch wurde eine neue Container-Gemeinschaftsunterkunft f\u00fcr Gefl\u00fcchtete errichtet.\" title=\"In Gadebusch wurde eine neue Container-Gemeinschaftsunterkunft f\u00fcr Gefl\u00fcchtete errichtet. | Christoph Woest\" class=\"responsive\" loading=\"lazy\"\/><\/p>\n<p>Niedersachsens Innenministerium prognostiziert 7.200 Schutzsuchende bis zum Fr\u00fchjahr 2026. Der Landkreistag hofft auf Reformen.<\/p>\n<p>        <img decoding=\"async\" src=\"https:\/\/www.europesays.com\/de\/wp-content\/uploads\/2025\/10\/ausbildungsmarkt122.webp\" alt=\"Ein Auszubildender eines Elektroinstallationsbetriebes wirft mit aufgerollten Kabel und einem Akkuschrauber einen Schatten.\" title=\"Ein Auszubildender eines Elektroinstallationsbetriebes wirft mit aufgerollten Kabel und einem Akkuschrauber einen Schatten. | picture alliance\/dpa, Julian Stratenschulte\" class=\"responsive\" loading=\"lazy\"\/><\/p>\n<p>&#8222;Start Guides&#8220; wird bis 2030 fortgesetzt. Das Programm unterst\u00fctzt Zugewanderte etwa beim Einstieg in den Arbeitsmarkt.<\/p>\n","protected":false},"excerpt":{"rendered":"Stand: 17.10.2025 17:44 Uhr Der Bund plant laut dem Fl\u00fcchtlingsrat Niedersachsen, mit dem Asyl-, Migrations- und Integrationsfonds (AMIF)&hellip;\n","protected":false},"author":2,"featured_media":506324,"comment_status":"","ping_status":"","sticky":false,"template":"","format":"standard","meta":{"footnotes":""},"categories":[1836],"tags":[533,3364,29,5249,82418,12241,30,46,1411,13883],"class_list":{"0":"post-506323","1":"post","2":"type-post","3":"status-publish","4":"format-standard","5":"has-post-thumbnail","7":"category-hannover","8":"tag-asyl","9":"tag-de","10":"tag-deutschland","11":"tag-fluechtlinge","12":"tag-fluechtlingsrat","13":"tag-gefluechtete","14":"tag-germany","15":"tag-hannover","16":"tag-niedersachsen","17":"tag-projekte"},"share_on_mastodon":{"url":"https:\/\/pubeurope.com\/@de\/115390659232688867","error":""},"_links":{"self":[{"href":"https:\/\/www.europesays.com\/de\/wp-json\/wp\/v2\/posts\/506323","targetHints":{"allow":["GET"]}}],"collection":[{"href":"https:\/\/www.europesays.com\/de\/wp-json\/wp\/v2\/posts"}],"about":[{"href":"https:\/\/www.europesays.com\/de\/wp-json\/wp\/v2\/types\/post"}],"author":[{"embeddable":true,"href":"https:\/\/www.europesays.com\/de\/wp-json\/wp\/v2\/users\/2"}],"replies":[{"embeddable":true,"href":"https:\/\/www.europesays.com\/de\/wp-json\/wp\/v2\/comments?post=506323"}],"version-history":[{"count":0,"href":"https:\/\/www.europesays.com\/de\/wp-json\/wp\/v2\/posts\/506323\/revisions"}],"wp:featuredmedia":[{"embeddable":true,"href":"https:\/\/www.europesays.com\/de\/wp-json\/wp\/v2\/media\/506324"}],"wp:attachment":[{"href":"https:\/\/www.europesays.com\/de\/wp-json\/wp\/v2\/media?parent=506323"}],"wp:term":[{"taxonomy":"category","embeddable":true,"href":"https:\/\/www.europesays.com\/de\/wp-json\/wp\/v2\/categories?post=506323"},{"taxonomy":"post_tag","embeddable":true,"href":"https:\/\/www.europesays.com\/de\/wp-json\/wp\/v2\/tags?post=506323"}],"curies":[{"name":"wp","href":"https:\/\/api.w.org\/{rel}","templated":true}]}}