{"id":506361,"date":"2025-10-17T17:41:12","date_gmt":"2025-10-17T17:41:12","guid":{"rendered":"https:\/\/www.europesays.com\/de\/506361\/"},"modified":"2025-10-17T17:41:12","modified_gmt":"2025-10-17T17:41:12","slug":"harald-schmidt-und-volker-heissmann-im-residenztheater-muenchen-kultur","status":"publish","type":"post","link":"https:\/\/www.europesays.com\/de\/506361\/","title":{"rendered":"Harald Schmidt und Volker Hei\u00dfmann im Residenztheater M\u00fcnchen &#8211; Kultur"},"content":{"rendered":"<p data-manual=\"paragraph\" data-schema-org-speakable=\"true\" class=\"css-9njfp7\">Es ist das unersch\u00fctterliche Selbstbewusstsein des Showmoderators, mit dem <a href=\"https:\/\/www.sueddeutsche.de\/thema\/Harald_Schmidt\" target=\"_blank\" rel=\"noopener\">Harald Schmidt<\/a> auf die B\u00fchne wippt. Mit dem Zeigefinger zielt er kumpelhaft ins Publikum, als w\u00fcrde er hier und dort einzelne Leute ausmachen, formt dann mit den H\u00e4nden ein Herz und buhlt damit um das der Zuschauer. Gesten, die inzwischen auch jeder Showpolitiker draufhat, dazu da, ein Gemeinschaftsgef\u00fchl zu erzeugen.<\/p>\n","protected":false},"excerpt":{"rendered":"Es ist das unersch\u00fctterliche Selbstbewusstsein des Showmoderators, mit dem Harald Schmidt auf die B\u00fchne wippt. Mit dem Zeigefinger&hellip;\n","protected":false},"author":2,"featured_media":506362,"comment_status":"","ping_status":"","sticky":false,"template":"","format":"standard","meta":{"footnotes":""},"categories":[1827],"tags":[772,29,30,23414,80,1268,149,94],"class_list":{"0":"post-506361","1":"post","2":"type-post","3":"status-publish","4":"format-standard","5":"has-post-thumbnail","7":"category-muenchen","8":"tag-bayern","9":"tag-deutschland","10":"tag-germany","11":"tag-harald-schmidt","12":"tag-kultur","13":"tag-muenchen","14":"tag-sueddeutsche-zeitung","15":"tag-theater"},"share_on_mastodon":{"url":"https:\/\/pubeurope.com\/@de\/115390741575333838","error":""},"_links":{"self":[{"href":"https:\/\/www.europesays.com\/de\/wp-json\/wp\/v2\/posts\/506361","targetHints":{"allow":["GET"]}}],"collection":[{"href":"https:\/\/www.europesays.com\/de\/wp-json\/wp\/v2\/posts"}],"about":[{"href":"https:\/\/www.europesays.com\/de\/wp-json\/wp\/v2\/types\/post"}],"author":[{"embeddable":true,"href":"https:\/\/www.europesays.com\/de\/wp-json\/wp\/v2\/users\/2"}],"replies":[{"embeddable":true,"href":"https:\/\/www.europesays.com\/de\/wp-json\/wp\/v2\/comments?post=506361"}],"version-history":[{"count":0,"href":"https:\/\/www.europesays.com\/de\/wp-json\/wp\/v2\/posts\/506361\/revisions"}],"wp:featuredmedia":[{"embeddable":true,"href":"https:\/\/www.europesays.com\/de\/wp-json\/wp\/v2\/media\/506362"}],"wp:attachment":[{"href":"https:\/\/www.europesays.com\/de\/wp-json\/wp\/v2\/media?parent=506361"}],"wp:term":[{"taxonomy":"category","embeddable":true,"href":"https:\/\/www.europesays.com\/de\/wp-json\/wp\/v2\/categories?post=506361"},{"taxonomy":"post_tag","embeddable":true,"href":"https:\/\/www.europesays.com\/de\/wp-json\/wp\/v2\/tags?post=506361"}],"curies":[{"name":"wp","href":"https:\/\/api.w.org\/{rel}","templated":true}]}}