{"id":506363,"date":"2025-10-17T17:42:17","date_gmt":"2025-10-17T17:42:17","guid":{"rendered":"https:\/\/www.europesays.com\/de\/506363\/"},"modified":"2025-10-17T17:42:17","modified_gmt":"2025-10-17T17:42:17","slug":"radfahrer-aufgepasst-elbtunnel-mehrere-tage-gesperrt-2","status":"publish","type":"post","link":"https:\/\/www.europesays.com\/de\/506363\/","title":{"rendered":"Radfahrer aufgepasst: Elbtunnel mehrere Tage gesperrt"},"content":{"rendered":"<p>&#13;<br \/>\n            Hamburg. Der alte Elbtunnel in St. Pauli wird wegen Sanierungsarbeiten geschlossen. Zun\u00e4chst wird der Tunnel heute abend von 22.00 Uhr an bis morgen fr\u00fch um 5.00 Uhr dicht gemacht, weil Vorbereitungen f\u00fcr Sanierungsarbeiten getroffen werden, wie der Hamburger Hafen mitteilte. <\/p>\n<p>Von Montagmorgen (20. Oktober) um 5.30 Uhr bis zum darauffolgenden Freitag um 15.00 Uhr wird der Elbtunnel dann erneut voll gesperrt. Grund daf\u00fcr sind Ma\u00dfnahmen f\u00fcr den Einbau der westlichen Treppenanlage und die Installation eines neuen Wartungsgangs. <\/p>\n<p>Zum Ende des Monats vom 27. bis 29. Oktober ist der Tunnel dann ein paar N\u00e4chte f\u00fcr die Nachbereitung geschlossen. Der Radverkehr werde w\u00e4hrend den Sperrungen \u00fcber die Freihafenelbbr\u00fccke umgeleitet. <\/p>\n","protected":false},"excerpt":{"rendered":"&#13; Hamburg. Der alte Elbtunnel in St. Pauli wird wegen Sanierungsarbeiten geschlossen. Zun\u00e4chst wird der Tunnel heute abend&hellip;\n","protected":false},"author":2,"featured_media":506364,"comment_status":"","ping_status":"","sticky":false,"template":"","format":"standard","meta":{"footnotes":""},"categories":[1826],"tags":[29,30,692,9326,601],"class_list":{"0":"post-506363","1":"post","2":"type-post","3":"status-publish","4":"format-standard","5":"has-post-thumbnail","7":"category-hamburg","8":"tag-deutschland","9":"tag-germany","10":"tag-hamburg","11":"tag-updateme","12":"tag-verkehr"},"share_on_mastodon":{"url":"https:\/\/pubeurope.com\/@de\/115390745568253962","error":""},"_links":{"self":[{"href":"https:\/\/www.europesays.com\/de\/wp-json\/wp\/v2\/posts\/506363","targetHints":{"allow":["GET"]}}],"collection":[{"href":"https:\/\/www.europesays.com\/de\/wp-json\/wp\/v2\/posts"}],"about":[{"href":"https:\/\/www.europesays.com\/de\/wp-json\/wp\/v2\/types\/post"}],"author":[{"embeddable":true,"href":"https:\/\/www.europesays.com\/de\/wp-json\/wp\/v2\/users\/2"}],"replies":[{"embeddable":true,"href":"https:\/\/www.europesays.com\/de\/wp-json\/wp\/v2\/comments?post=506363"}],"version-history":[{"count":0,"href":"https:\/\/www.europesays.com\/de\/wp-json\/wp\/v2\/posts\/506363\/revisions"}],"wp:featuredmedia":[{"embeddable":true,"href":"https:\/\/www.europesays.com\/de\/wp-json\/wp\/v2\/media\/506364"}],"wp:attachment":[{"href":"https:\/\/www.europesays.com\/de\/wp-json\/wp\/v2\/media?parent=506363"}],"wp:term":[{"taxonomy":"category","embeddable":true,"href":"https:\/\/www.europesays.com\/de\/wp-json\/wp\/v2\/categories?post=506363"},{"taxonomy":"post_tag","embeddable":true,"href":"https:\/\/www.europesays.com\/de\/wp-json\/wp\/v2\/tags?post=506363"}],"curies":[{"name":"wp","href":"https:\/\/api.w.org\/{rel}","templated":true}]}}