{"id":506383,"date":"2025-10-17T17:52:12","date_gmt":"2025-10-17T17:52:12","guid":{"rendered":"https:\/\/www.europesays.com\/de\/506383\/"},"modified":"2025-10-17T17:52:12","modified_gmt":"2025-10-17T17:52:12","slug":"splitter-vom-3-tag-der-frankfurter-buchmesse-2025","status":"publish","type":"post","link":"https:\/\/www.europesays.com\/de\/506383\/","title":{"rendered":"Splitter vom 3. Tag der Frankfurter Buchmesse 2025"},"content":{"rendered":"<p class=\"p1 sm:p1-medium items-start pb-[20px]\" data-selector=\"body-paragraph\" data-external-selector=\"body-elements-paragraph\" data-v-f16c667d=\"\" data-v-439309db=\"\">\u201eSuch dir deinen book boyfriend aus!\u201d Zur Auswahl stehen auf der Werbetafel der 158 Jahre alten Braunschweiger Buchhandlung Graff in der \u201eNew Adult\u201c-Halle zwei Comicfiguren mit sehr gro\u00dfen Augen, muskul\u00f6ser Brust und strubbeligen Haare. Von der Idee des \u201ebook boyfriend\u201c hat Laura Verena Stein zum ersten Mal vor zwei Jahren geh\u00f6rt, erz\u00e4hlt sie. Am Stand von \u201eTintenSchwan\u201c spricht sie am Tag mindestens zweihundert Menschen an. \u201eTintenSchwan\u201c vertreibt die romantische historische Fantasy von Autorin Ann-Kathrin Wasle.<\/p>\n<p class=\"p1 sm:p1-medium items-start pb-[20px]\" data-selector=\"body-paragraph\" data-external-selector=\"body-elements-paragraph\" data-v-f16c667d=\"\" data-v-439309db=\"\">So ein \u201ebook boyfriend\u201c sei eine besonders anziehende Figur, sagt Stein. Junge Frauen k\u00f6nnten so auch ausprobieren, was sie sich von einem Mann w\u00fcnschten. Nun sind die M\u00e4nner in romantischen Genre-Werken ja nicht immer die friedlichsten \u2013 doch das macht nichts, meint auch Messebesucherin Sofia Antoneli. Das \u201eToxische\u201c am \u201ebook boyfriend\u201c passt ja schlie\u00dflich zur Trope \u201eDurch die richtige Frau kann er ein anderer werden\u201c. (fste.)<\/p>\n<p>Frank Witzel l\u00f6ffelt aus<\/p>\n<p class=\"p1 sm:p1-medium items-start pb-[20px]\" data-selector=\"body-paragraph\" data-external-selector=\"body-elements-paragraph\" data-v-f16c667d=\"\" data-v-439309db=\"\">L\u00f6se Dein Problem! Wie geht das? Als Erstes musst du es genau formulieren. Klammer auf: Kann sein, dass es, das Problem, dann schon verschwunden ist. Oder sich jedenfalls ganz anders darstellt, als es in einer ersten Vorspiegelung aussah. Mit anderen, mit <a class=\"rtr-entity\" data-rtr-entity=\"Frank Witzel\" data-rtr-id=\"73bf426f3636c3c9a243f893c91c7d915ae0606e\" data-rtr-score=\"46.16142656030033\" data-rtr-etype=\"person\" href=\"https:\/\/www.faz.net\/aktuell\/rhein-main\/thema\/frank-witzel\" title=\"Frank Witzel\" rel=\"nofollow noopener\" target=\"_blank\">Frank Witzels<\/a> Worten: Nicht alles, was man sich eingebrockt hat, muss man ausl\u00f6ffeln. Denn kann sein, man l\u00f6ffelt und l\u00f6ffelt und l\u00f6ffelt, und der Brocken wird doch nicht weniger, weil er ein anderer ist als jener, f\u00fcr den ihn der L\u00f6ffler h\u00e4lt.<\/p>\n<p class=\"p1 sm:p1-medium items-start pb-[20px]\" data-selector=\"body-paragraph\" data-external-selector=\"body-elements-paragraph\" data-v-f16c667d=\"\" data-v-439309db=\"\">Man sieht schon: Witzels achtzig kleine Konkretismen in seinem neuen Buch \u201eKomplexe Strukturen\u201c (darunter jene des \u201eEinbrockens\u201c) sind wahlweise Grotesken oder Traumbilder, immer aber sch\u00e4rfen sie die Erkenntnis \u2013 wie hier diese: es als ein Problem zu erkennen, \u201eAntworten auf nicht genau ausformulierte Fragen zu pr\u00e4sentieren\u201c. Also bitte nicht schludrig l\u00f6ffeln, sondern den Brocken zerbr\u00f6ckeln. (gey.)<\/p>\n<p>In der Propaganda-H\u00f6lle<\/p>\n<p class=\"p1 sm:p1-medium items-start pb-[20px]\" data-selector=\"body-paragraph\" data-external-selector=\"body-elements-paragraph\" data-v-f16c667d=\"\" data-v-439309db=\"\">Die Free-Palestine-Bewegung ist mit alten Plakaten und Parolen gekommen und posiert vor den Messeeing\u00e4ngen, als h\u00e4tte es die vorl\u00e4ufig positive Entwicklung der letzten Woche nicht gegeben. M\u00fcsste sie nicht genau jetzt das Ende der Hamas-Terrorherrschaft fordern? Es w\u00fcrde immerhin helfen, sie als solidarische Bewegung f\u00fcr ein freies Pal\u00e4stina ernst zu nehmen. Drinnen in den Hallen f\u00e4llt ein Streifzug entlang der St\u00e4nde der linken britischen Verlage \u00e4hnlich ern\u00fcchternd aus.<\/p>\n<p class=\"p1 sm:p1-medium items-start pb-[20px]\" data-selector=\"body-paragraph\" data-external-selector=\"body-elements-paragraph\" data-v-f16c667d=\"\" data-v-439309db=\"\">Differenzierte Perspektiven zum Nahostkonflikt findet man hier auf Anhieb nicht. Aber unz\u00e4hlige B\u00fccher mit rei\u00dferischen Titeln wie \u201eGaza: The Story of a Geno\u00adcide\u201c, \u201eThe Destruction of Palestine is the Destruction of the Earth\u201c, \u201eThe Gaza Catastrophe: The Genocide in World-Histo\u00adrical Perspective\u201c. Die Vehemenz, auch des ausgelegten Infomaterials, kann leicht glauben machen, der Nahostkonflikt w\u00fcrde an diesen St\u00e4nden gel\u00f6st. Beruhigend ist einzig, dass dem nicht so ist. (tam.)<\/p>\n<p>Ratlos im Wald der Welt<\/p>\n<p class=\"p1 sm:p1-medium items-start pb-[20px]\" data-selector=\"body-paragraph\" data-external-selector=\"body-elements-paragraph\" data-v-f16c667d=\"\" data-v-439309db=\"\">Wer auf die Buchmesse geht, um wiederzufinden, was er schon kennt, wird sich fast \u00fcberall aufgehoben f\u00fchlen, zumal in Halle 1.2, die dem New-Adult-Kosmos gewidmet ist. Anders ist es in der Halle 4.1 mit den vielen Verlagen und L\u00e4nderst\u00e4nden aus aller Welt, in denen Jahr f\u00fcr Jahr neue Teilnehmer auftauchen, mit je eigenen buch\u00e4sthetischen Vorstellungen im Gep\u00e4ck, die sich in ihren B\u00fcchern spiegeln.<\/p>\n<p class=\"p1 sm:p1-medium items-start pb-[20px]\" data-selector=\"body-paragraph\" data-external-selector=\"body-elements-paragraph\" data-v-f16c667d=\"\" data-v-439309db=\"\">Am gro\u00dfen ukrainischen Stand nimmt \u201eChild Roland\u201c von Vladyslav Yerko nur einen Platz an der Regalwand ein, aber wer k\u00f6nnte an dem Buch mit den englischen Rittergeschichten vorbeilaufen, dessen Cover einen jungen Mann in schimmernder R\u00fcstung zeigt, die Haare geflochten und in der Hand ein Kleeblatt? Bl\u00e4ttert man im Buch, ist der Abglanz von Ikonenmalerei un\u00fcbersehbar, die Z\u00fcge der Protagonisten aber in der erratischen ritterlichen Welt sind ernst, oft ratlos. Unsere Zeitgenossen, hier wie dort. (spre.)<\/p>\n","protected":false},"excerpt":{"rendered":"\u201eSuch dir deinen book boyfriend aus!\u201d Zur Auswahl stehen auf der Werbetafel der 158 Jahre alten Braunschweiger Buchhandlung&hellip;\n","protected":false},"author":2,"featured_media":506384,"comment_status":"","ping_status":"","sticky":false,"template":"","format":"standard","meta":{"footnotes":""},"categories":[1774],"tags":[1784,1785,29,214,30,215],"class_list":{"0":"post-506383","1":"post","2":"type-post","3":"status-publish","4":"format-standard","5":"has-post-thumbnail","7":"category-buecher","8":"tag-books","9":"tag-buecher","10":"tag-deutschland","11":"tag-entertainment","12":"tag-germany","13":"tag-unterhaltung"},"share_on_mastodon":{"url":"https:\/\/pubeurope.com\/@de\/115390785037945044","error":""},"_links":{"self":[{"href":"https:\/\/www.europesays.com\/de\/wp-json\/wp\/v2\/posts\/506383","targetHints":{"allow":["GET"]}}],"collection":[{"href":"https:\/\/www.europesays.com\/de\/wp-json\/wp\/v2\/posts"}],"about":[{"href":"https:\/\/www.europesays.com\/de\/wp-json\/wp\/v2\/types\/post"}],"author":[{"embeddable":true,"href":"https:\/\/www.europesays.com\/de\/wp-json\/wp\/v2\/users\/2"}],"replies":[{"embeddable":true,"href":"https:\/\/www.europesays.com\/de\/wp-json\/wp\/v2\/comments?post=506383"}],"version-history":[{"count":0,"href":"https:\/\/www.europesays.com\/de\/wp-json\/wp\/v2\/posts\/506383\/revisions"}],"wp:featuredmedia":[{"embeddable":true,"href":"https:\/\/www.europesays.com\/de\/wp-json\/wp\/v2\/media\/506384"}],"wp:attachment":[{"href":"https:\/\/www.europesays.com\/de\/wp-json\/wp\/v2\/media?parent=506383"}],"wp:term":[{"taxonomy":"category","embeddable":true,"href":"https:\/\/www.europesays.com\/de\/wp-json\/wp\/v2\/categories?post=506383"},{"taxonomy":"post_tag","embeddable":true,"href":"https:\/\/www.europesays.com\/de\/wp-json\/wp\/v2\/tags?post=506383"}],"curies":[{"name":"wp","href":"https:\/\/api.w.org\/{rel}","templated":true}]}}