{"id":506390,"date":"2025-10-17T17:56:11","date_gmt":"2025-10-17T17:56:11","guid":{"rendered":"https:\/\/www.europesays.com\/de\/506390\/"},"modified":"2025-10-17T17:56:11","modified_gmt":"2025-10-17T17:56:11","slug":"demenz-praevention-wird-endlich-personalisiert","status":"publish","type":"post","link":"https:\/\/www.europesays.com\/de\/506390\/","title":{"rendered":"Demenz-Pr\u00e4vention wird endlich personalisiert"},"content":{"rendered":"<p>Die Lancet-Kommission identifiziert 14 beeinflussbare Risikofaktoren f\u00fcr Demenz, darunter zwei neue Faktoren. Individuelle Pr\u00e4ventionsstrategien k\u00f6nnten bis zu 45 Prozent der Erkrankungen verhindern oder verz\u00f6gern.<\/p>\n<p>Schluss mit Pauschal-Ratschl\u00e4gen: Die Demenz-Vorsorge tritt in eine neue \u00c4ra ein. Aktuelle wissenschaftliche Erkenntnisse erm\u00f6glichen erstmals detaillierte Risikoprofile, die eine ma\u00dfgeschneiderte Pr\u00e4vention f\u00fcr jeden Einzelnen erlauben. Experten sprechen von einem Paradigmenwechsel, der das Potenzial hat, Millionen von Erkrankungen zu verz\u00f6gern oder zu verhindern.<\/p>\n<p>Dieser Durchbruch basiert auf der j\u00fcngsten Aktualisierung der renommierten <strong>Lancet-Kommission<\/strong> zu Demenzpr\u00e4vention. Der Bericht aus dem Sommer 2024 identifiziert mittlerweile 14 ver\u00e4nderbare Risikofaktoren. Die Kommission sch\u00e4tzt: Durch deren <strong>Eliminierung k\u00f6nnten theoretisch bis zu 45 Prozent aller Demenzerkrankungen<\/strong> weltweit verhindert oder hinausgez\u00f6gert werden \u2013 eine deutliche Steigerung gegen\u00fcber fr\u00fcheren Sch\u00e4tzungen von 40 Prozent.<\/p>\n<p>Zwei neue Risikofaktoren entdeckt<\/p>\n<p>Die erweiterte Analyse hat die bisherige Liste um zwei entscheidende Punkte erg\u00e4nzt: <strong>unbehandelten Sehverlust<\/strong> im sp\u00e4teren Leben und hohe <strong>LDL-Cholesterinwerte<\/strong> im mittleren Lebensalter. Diese gesellen sich zu bereits etablierten Faktoren wie geringer Bildung, Bluthochdruck, H\u00f6rverlust, Rauchen, \u00dcbergewicht, Depression, Bewegungsmangel und sozialer Isolation.<\/p>\n<p>Entscheidend: Die Bedeutung variiert je nach Lebensphase. W\u00e4hrend gute Bildung in jungen Jahren die kognitive Reserve st\u00e4rkt, fokussiert sich das mittlere Lebensalter auf Herz-Kreislauf-Risiken. Im Alter gewinnen die Behandlung von Seh- und H\u00f6rverlust sowie soziale Kontakte an Bedeutung.<\/p>\n<p>Die Botschaft der Forscher ist klar: <strong>\u201cEs ist nie zu fr\u00fch und nie zu sp\u00e4t\u201d<\/strong> f\u00fcr wirksame Demenzpr\u00e4vention.<br \/>Anzeige: Passend zum Thema Demenzpr\u00e4vention \u2013 wer sein pers\u00f6nliches Risiko senken und die geistige Fitness st\u00e4rken m\u00f6chte, findet in einem kostenlosen PDF alltagstaugliche Routinen. Der Report \u201eGehirntraining leicht gemacht\u201c bietet 7 Geheimnisse, 11 einfache \u00dcbungen und einen Selbsttest \u2013 ohne teure Mittel und sofort umsetzbar. Ideal f\u00fcr Erwachsene und Senioren, die heute starten wollen. <strong><a href=\"https:\/\/info.gesundheitswissen-aktuell.de\/gehirntraining-leicht-gemacht\/?af=KOOP_G_TG_DNV_YES_GEHIRNTRAINING-LEICHT-GEMACHT_X-CWAHN-BGPID_654192\" style=\"color:#337ab7!important;font-weight:bold;text-decoration:underline\" target=\"_blank\" rel=\"noopener\">Jetzt kostenlosen Gehirn-Guide herunterladen<\/a><\/strong><\/p>\n<p>Personalisierte Medizin zeigt erste Erfolge<\/p>\n<p>Statt pauschaler Empfehlungen erstellen Experten heute individuelle Risikomosaike basierend auf Genetik, Lebensstil und Krankengeschichte. Eine wegweisende <strong>JAMA-Studie<\/strong> bewies bereits den Nutzen: Personalisierte Interventionen mit Gesundheitscoaching f\u00fchrten bei Risikopatienten zu signifikanten Verbesserungen der kognitiven Leistung.<\/p>\n<p>Ma\u00dfgeschneiderte Trainingsprogramme, spezielle Ern\u00e4hrungspl\u00e4ne oder angepasste Medikation erwiesen sich als deutlich <strong>wirksamer als Einheitsratschl\u00e4ge<\/strong>.<\/p>\n<p>Deutschland treibt die Forschung voran<\/p>\n<p>Auch hierzulande setzt man auf evidenzbasierte Pr\u00e4vention. Die <strong>S3-Leitlinie \u201cDemenzen\u201d<\/strong> der Deutschen Gesellschaft f\u00fcr Neurologie wird kontinuierlich als \u201cLiving Guideline\u201d aktualisiert \u2013 neue Erkenntnisse flie\u00dfen so schnell in die Praxis ein.<\/p>\n<p>Das Fraunhofer-Institut arbeitet mit dem Projekt <strong>\u201cAETIONOMY\u201d<\/strong> an der Entschl\u00fcsselung molekularer Krankheitsursachen. Statt nur Symptome zu klassifizieren, entwickeln die Forscher eine \u201cmechanismus-basierte Taxonomie\u201d. Ziel: spezifische Therapien f\u00fcr klar definierte Patientengruppen.<\/p>\n<p>Der digitale Zwilling als Zukunftsvision<\/p>\n<p>Wie k\u00f6nnte Pr\u00e4vention in zehn Jahren aussehen? EU-Projekte wie <strong>\u201cVirtualBrainCloud\u201d<\/strong> entwickeln bereits \u201cdigitale Zwillinge\u201d \u2013 virtuelle Modelle von Patienten, gespeist mit Laborwerten, Gendaten und Wearable-Informationen.<\/p>\n<p>Solche digitalen Gehirnmodelle k\u00f6nnten \u00c4rzten erlauben, verschiedene Pr\u00e4ventionsstrategien zu simulieren und die wirksamste Methode zu identifizieren, bevor sie umgesetzt wird. Aus reaktiver w\u00fcrde eine <strong>proaktive, vorausschauende Pr\u00e4vention<\/strong>.<\/p>\n<p>Die Dynamik auf dem Gebiet ist enorm. Die Botschaft der Forscher macht Mut: Durch besseres Verst\u00e4ndnis individueller Risikoprofile r\u00fcckt ein Leben ohne Demenz f\u00fcr immer mehr Menschen in greifbare N\u00e4he.<\/p>\n","protected":false},"excerpt":{"rendered":"Die Lancet-Kommission identifiziert 14 beeinflussbare Risikofaktoren f\u00fcr Demenz, darunter zwei neue Faktoren. Individuelle Pr\u00e4ventionsstrategien k\u00f6nnten bis zu 45&hellip;\n","protected":false},"author":2,"featured_media":506391,"comment_status":"","ping_status":"","sticky":false,"template":"","format":"standard","meta":{"footnotes":""},"categories":[137],"tags":[1051,117695,29,35730,45867,30,141,232,126402,116792,126403,47073],"class_list":{"0":"post-506390","1":"post","2":"type-post","3":"status-publish","4":"format-standard","5":"has-post-thumbnail","7":"category-gesundheit","8":"tag-demenz","9":"tag-demenz-praevention","10":"tag-deutschland","11":"tag-erkrankungen","12":"tag-faktoren","13":"tag-germany","14":"tag-gesundheit","15":"tag-health","16":"tag-individuelle","17":"tag-lancet-kommission","18":"tag-praeventionsstrategien","19":"tag-risikofaktoren"},"share_on_mastodon":{"url":"","error":""},"_links":{"self":[{"href":"https:\/\/www.europesays.com\/de\/wp-json\/wp\/v2\/posts\/506390","targetHints":{"allow":["GET"]}}],"collection":[{"href":"https:\/\/www.europesays.com\/de\/wp-json\/wp\/v2\/posts"}],"about":[{"href":"https:\/\/www.europesays.com\/de\/wp-json\/wp\/v2\/types\/post"}],"author":[{"embeddable":true,"href":"https:\/\/www.europesays.com\/de\/wp-json\/wp\/v2\/users\/2"}],"replies":[{"embeddable":true,"href":"https:\/\/www.europesays.com\/de\/wp-json\/wp\/v2\/comments?post=506390"}],"version-history":[{"count":0,"href":"https:\/\/www.europesays.com\/de\/wp-json\/wp\/v2\/posts\/506390\/revisions"}],"wp:featuredmedia":[{"embeddable":true,"href":"https:\/\/www.europesays.com\/de\/wp-json\/wp\/v2\/media\/506391"}],"wp:attachment":[{"href":"https:\/\/www.europesays.com\/de\/wp-json\/wp\/v2\/media?parent=506390"}],"wp:term":[{"taxonomy":"category","embeddable":true,"href":"https:\/\/www.europesays.com\/de\/wp-json\/wp\/v2\/categories?post=506390"},{"taxonomy":"post_tag","embeddable":true,"href":"https:\/\/www.europesays.com\/de\/wp-json\/wp\/v2\/tags?post=506390"}],"curies":[{"name":"wp","href":"https:\/\/api.w.org\/{rel}","templated":true}]}}