{"id":506398,"date":"2025-10-17T18:00:11","date_gmt":"2025-10-17T18:00:11","guid":{"rendered":"https:\/\/www.europesays.com\/de\/506398\/"},"modified":"2025-10-17T18:00:11","modified_gmt":"2025-10-17T18:00:11","slug":"machtwort-vom-bundesbank-chef-deutsches-gold-wird-nicht-verkauft-politik","status":"publish","type":"post","link":"https:\/\/www.europesays.com\/de\/506398\/","title":{"rendered":"Machtwort vom Bundesbank-Chef: Deutsches Gold wird nicht verkauft! | Politik"},"content":{"rendered":"<p>Washington \u2013 <b>Klartext zum deutschen Goldschatz!<\/b><\/p>\n<p>Bundesbank-Pr\u00e4sident Joachim Nagel (59) versichert: Die Goldreserven der <a href=\"https:\/\/www.bild.de\/themen\/orte\/deutschland\/nachrichten-news-fotos-videos-17266634.bild.html\" class=\"text-link\" rel=\"nofollow noopener\" target=\"_blank\">Bundesrepublik<\/a> im Wert von nunmehr sagenhaften 375 Mrd. Euro bleiben unangetastet. Einen Verkauf \u2013 trotz steigender Preise \u2013 wird es nicht geben.<\/p>\n<p><b>Der Notenbank-Chef: \u201eEs war immer gut, dass die Bundesbank an ihrer Position festgehalten hat, das <\/b><a href=\"https:\/\/www.bild.de\/themen\/specials\/edelmetalle-gold\/geld-sparen-nachrichten-news-fotos-videos-19833446.bild.html\" class=\"text-link\" rel=\"nofollow noopener\" target=\"_blank\"><b>Gold<\/b><\/a><b> dort zu belassen, wo es ist. Gold bleibt ein Vertrauensanker\u201c, sagte Nagel am Freitag bei der Jahrestagung des Internationalen W\u00e4hrungsfonds (IWF) in Washington.<\/b><\/p>\n<p>Und weiter: \u201eDeswegen wird sich an dieser Position der Bundesbank nichts \u00e4ndern, auch wenn der Goldpreis sich so entwickelt hat, wie er hat.\u201c<\/p>\n<p>Barren sind gepr\u00fcft und echt<\/p>\n<p><b>Nagel betonte au\u00dferdem, dass die Existenz der Barren regelm\u00e4\u00dfig \u00fcberpr\u00fcft werde. In New York, bei der US-Notenbank FED, f\u00fchrt die Bundesbank Kontrollen durch: \u201eWir nehmen dort regelm\u00e4\u00dfig unterschiedliche Stichproben.\u201c<\/b><\/p>\n<p>Ein gro\u00dfer Teil des deutschen Goldes war zwischen 2014 und 2017 zur\u00fcck nach Frankfurt geholt worden: 24.000 Barren. Auch dazu sagt Nagel: \u201eWir hatten \u00fcberhaupt keinen Zweifel damals und heute mit der Pr\u00fcfung, dass das Gold nicht so ausgewiesen ist. Es ist vorhanden, es ist echt und es ist in vollst\u00e4ndiger \u00dcbereinstimmung mit dem, was wir in unseren B\u00fcchern haben. Also bei dem Thema ist mir nicht bange. Da k\u00f6nnen alle beruhigt sein.\u201c<\/p>\n<p>Mehr zum Thema<\/p>\n<p><b>Deutschland habe sich ganz bewusst daf\u00fcr entschieden, die Reserven an verschiedenen Orten zu lagern. Auch an der Lagerst\u00e4tte in den USA will die Bundesbank festhalten. Nagel lobte: \u201eExzellente Bedingungen bei der FED!\u201c<\/b><\/p>\n<p>Deutschlands Gold bleibt also unter Kontrolle \u2013 ganz gleich, wie der Preis sich entwickelt.<\/p>\n","protected":false},"excerpt":{"rendered":"Washington \u2013 Klartext zum deutschen Goldschatz! Bundesbank-Pr\u00e4sident Joachim Nagel (59) versichert: Die Goldreserven der Bundesrepublik im Wert von&hellip;\n","protected":false},"author":2,"featured_media":506399,"comment_status":"","ping_status":"","sticky":false,"template":"","format":"standard","meta":{"footnotes":""},"categories":[134],"tags":[304,13923,175,170,169,29,30,668,171,174,45,1017,173,172,51821],"class_list":{"0":"post-506398","1":"post","2":"type-post","3":"status-publish","4":"format-standard","5":"has-post-thumbnail","7":"category-unternehmen-maerkte","8":"tag-banken","9":"tag-bundesbank","10":"tag-business","11":"tag-companies","12":"tag-companies-markets","13":"tag-deutschland","14":"tag-germany","15":"tag-gold","16":"tag-markets","17":"tag-maerkte","18":"tag-texttospeech","19":"tag-trump-donald","20":"tag-unternehmen","21":"tag-unternehmen-maerkte","22":"tag-us-notenbank-fed"},"share_on_mastodon":{"url":"https:\/\/pubeurope.com\/@de\/115390816212122470","error":""},"_links":{"self":[{"href":"https:\/\/www.europesays.com\/de\/wp-json\/wp\/v2\/posts\/506398","targetHints":{"allow":["GET"]}}],"collection":[{"href":"https:\/\/www.europesays.com\/de\/wp-json\/wp\/v2\/posts"}],"about":[{"href":"https:\/\/www.europesays.com\/de\/wp-json\/wp\/v2\/types\/post"}],"author":[{"embeddable":true,"href":"https:\/\/www.europesays.com\/de\/wp-json\/wp\/v2\/users\/2"}],"replies":[{"embeddable":true,"href":"https:\/\/www.europesays.com\/de\/wp-json\/wp\/v2\/comments?post=506398"}],"version-history":[{"count":0,"href":"https:\/\/www.europesays.com\/de\/wp-json\/wp\/v2\/posts\/506398\/revisions"}],"wp:featuredmedia":[{"embeddable":true,"href":"https:\/\/www.europesays.com\/de\/wp-json\/wp\/v2\/media\/506399"}],"wp:attachment":[{"href":"https:\/\/www.europesays.com\/de\/wp-json\/wp\/v2\/media?parent=506398"}],"wp:term":[{"taxonomy":"category","embeddable":true,"href":"https:\/\/www.europesays.com\/de\/wp-json\/wp\/v2\/categories?post=506398"},{"taxonomy":"post_tag","embeddable":true,"href":"https:\/\/www.europesays.com\/de\/wp-json\/wp\/v2\/tags?post=506398"}],"curies":[{"name":"wp","href":"https:\/\/api.w.org\/{rel}","templated":true}]}}