{"id":506410,"date":"2025-10-17T18:06:30","date_gmt":"2025-10-17T18:06:30","guid":{"rendered":"https:\/\/www.europesays.com\/de\/506410\/"},"modified":"2025-10-17T18:06:30","modified_gmt":"2025-10-17T18:06:30","slug":"schleswig-holstein-aktuell-nachrichten-im-ueberblick-88","status":"publish","type":"post","link":"https:\/\/www.europesays.com\/de\/506410\/","title":{"rendered":"Schleswig-Holstein aktuell: Nachrichten im \u00dcberblick"},"content":{"rendered":"<p>        <img decoding=\"async\" src=\"https:\/\/www.europesays.com\/de\/wp-content\/uploads\/2025\/08\/nachrichtenkompakt126.webp\" alt=\"Grafik: Eine Sprechblase, in der die Kontur des Landes Schleswig-Holstein abgebildet ist.\" title=\"Grafik: Eine Sprechblase, in der die Kontur des Landes Schleswig-Holstein abgebildet ist. | NDR\" class=\"responsive\"\/><\/p>\n<p>\n            Stand: 17.10.2025 17:46 Uhr<\/p>\n<p class=\"preface\">Nachrichten aus Schleswig-Holstein vom 17. Oktober 2025 &#8211; kompakt und aktuell im Newsblog von NDR SH: Lesen Sie hier im \u00dcberblick, was im Land passiert und noch wichtig wird.<\/p>\n<p class=\"\"><strong>Das Wichtigste in K\u00fcrze:<\/strong><\/p>\n<p>\n        17:11 Uhr\n    <\/p>\n<p>    Dataport versenkt 90 Mio Euro &#8211; Fraktionen fordern Aufkl\u00e4rung<\/p>\n<p class=\"\">Die Fraktionen von SPD und FDP im Landtag fordern Aufkl\u00e4rung von der Kieler Staatskanzlei zu 90 Millionen Euro Verlust beim \u00f6ffentlichen IT-Dienstleister &#8222;Dataport&#8220; in Altenholz bei <a href=\"https:\/\/www.ndr.de\/nachrichten\/schleswig-holstein\/Kiel-Aktuelle-Nachrichten-News-und-Videos,kiel7262.html\" title=\"Kiel - Aktuelle Nachrichten und Videos\" target=\"_blank\" rel=\"noopener\">Kiel<\/a>. An dem sind unter anderem die L\u00e4nder Schleswig-Holstein und Hamburg beteiligt. Damit Verwaltungen nicht mehr von internationalen IT-Dienstleistern wie beispielsweise Microsoft abh\u00e4ngig sind, hatte Dataport das Open-Source-Programm &#8222;Phoenix&#8220; entwickelt, das sich am Ende aber nicht durchsetzte. Am Ende seien Teile des Programms in &#8222;openDesk&#8220; aufgegangen, einem Projekt unter Federf\u00fchrung des Bundes. Geld f\u00fcr Dataport gab es daf\u00fcr allerdings nicht. Dadurch entstand der Verlust von 90 Millionen Euro. Die Staatskanzlei in Kiel \u00e4u\u00dfert sich am Freitag schriftlich: Der Verlust sei mit einer 38,5 Millionen Euro Sonderabschreibung von Dataport verarbeitet worden. Den am Unternehmen beteiligten Bundesl\u00e4ndern seien keine zus\u00e4tzlichen Kosten entstanden. | NDR Schleswig-Holstein 17.10.2025 17:00 Uhr<\/p>\n<p>\n        16:46 Uhr\n    <\/p>\n<p>    Christian B. in Kiel &#8211; Polizei kl\u00e4rt auf<\/p>\n<p class=\"\">Der Hauptverd\u00e4chtige im Vermisstenfall Maddie McCann, die vor 18 Jahren in Portugal verschwand, Christian B, lebt aktuell in <a href=\"https:\/\/www.ndr.de\/nachrichten\/schleswig-holstein\/Kiel-Aktuelle-Nachrichten-News-und-Videos,kiel7262.html\" title=\"Kiel - Aktuelle Nachrichten und Videos\" target=\"_blank\" rel=\"noopener\">Kiel<\/a>. Nachdem seine Adresse in <a href=\"https:\/\/www.ndr.de\/nachrichten\/schleswig-holstein\/Neumuenster-Aktuelle-Nachrichten-und-Videos,neumuenster770.html\" title=\"Neum\u00fcnster - Aktuelle Nachrichten und Videos\" target=\"_blank\" rel=\"noopener\">Neum\u00fcnster<\/a> bekannt geworden war, hatte er die Stadt unter Polizeischutz verlassen m\u00fcssen. Damit sich das nicht wiederholt, hat die Polizei ein Schreiben an die Schulen der Landeshauptstadt verschickt. Darin rufen sie zu einem verantwortungsvollen Verhalten auf, indem Inhalte im Internet nicht ungepr\u00fcft verbreitet oder kommentiert werden sollen. Die Beamten verweisen zudem auf ein Sicherheitskonzept, das sie bei Sexualstraft\u00e4tern anwenden. Christian B. ist unter anderem dazu verpflichtet, eine Fu\u00dffessel zu tragen. Auf dem Kieler Bahnhofsvorplatz ist f\u00fcr Sonnabend eine Demonstration besorgter Eltern angek\u00fcndigt, laut Polizei angemeldet von einer Privatperson. | NDR Schleswig-Holstein 17.10.2025 17:00 Uhr<\/p>\n<p>\n        16:29 Uhr\n    <\/p>\n<p>    Asiatische Hornisse breitet sich in SH aus<\/p>\n<p class=\"\">Die Asiatische Hornisse breitet sich in Schleswig-Holstein immer weiter aus. Laut Landesamt f\u00fcr Umwelt wurden seit Juni f\u00fcnf Nester entdeckt &#8211; in Wahlstedt, Gro\u00dfenaspe (beide <a href=\"https:\/\/www.ndr.de\/nachrichten\/schleswig-holstein\/Kreis-Segeberg-Aktuelle-Nachrichten-und-Videos,segeberg224.html\" title=\"Kreis Segeberg - Aktuelle Nachrichten und Videos\" target=\"_blank\" rel=\"noopener\">Kreis Segeberg<\/a>), Travenbr\u00fcck, N\u00fctschau (beide <a href=\"https:\/\/www.ndr.de\/nachrichten\/schleswig-holstein\/Stormarn-Aktuelle-Nachrichten-und-Videos,stormarn148.html\" title=\"Stormarn - Aktuelle Nachrichten und Videos\" target=\"_blank\" rel=\"noopener\">Kreis Stormarn<\/a>) und L\u00e4gerdorf (<a href=\"https:\/\/www.ndr.de\/nachrichten\/schleswig-holstein\/Steinburg-Aktuelle-Nachrichten-und-Videos,steinburg118.html\" title=\"Steinburg - Aktuelle Nachrichten und Videos\" target=\"_blank\" rel=\"noopener\">Kreis Steinburg<\/a>) Nester der asiatischen Hornisse entdeckt. Bis auf ein Nest konnten alle entfernt werden. Das Tier bedroht nach Angaben des Landesamtes f\u00fcr Umwelt heimische Insekten, vor allem Honigbienen. Weitere Nester k\u00f6nnten nach Angaben der Fachexperten jetzt im Herbst sichtbar werden, wenn das Laub abgefallen ist. Fachleute bitten die Bev\u00f6lkerung, verd\u00e4chtige Nester oder Tiere zu melden, etwa \u00fcber das Meldeportal des Landesamtes f\u00fcr Umwelt. | NDR Schleswig-Holstein 17.10.2025 17:00 Uhr<\/p>\n<p>\n        16:00 Uhr\n    <\/p>\n<p>    Teilweise Aufstallungspflicht von Gefl\u00fcgel im Kreis Nordfriesland<\/p>\n<p class=\"\">Gefl\u00fcgelhalter im <a href=\"https:\/\/www.ndr.de\/nachrichten\/schleswig-holstein\/Nordfriesland-Aktuelle-Nachrichten-und-Videos,nordfriesland174.html\" title=\"Nordfriesland - Aktuelle Nachrichten und Videos\" target=\"_blank\" rel=\"noopener\">Kreis Nordfriesland<\/a> m\u00fcssen ihre Tiere zum Teil im Stall lassen. Das hat der Kreis mitgeteilt. Konkret geht es um Betriebe mit mehr als 500 Tieren. Die Anordnung gilt entlang der K\u00fcste, auf den Inseln und Halligen sowie in der Umgebung gr\u00f6\u00dferer Gew\u00e4sser. Laut Kreis handelt es sich um eine Vorsichtsma\u00dfnahme, nachdem in den Kreisen <a href=\"https:\/\/www.ndr.de\/nachrichten\/schleswig-holstein\/Steinburg-Aktuelle-Nachrichten-und-Videos,steinburg118.html\" title=\"Steinburg - Aktuelle Nachrichten und Videos\" target=\"_blank\" rel=\"noopener\">Steinburg<\/a> und <a href=\"https:\/\/www.ndr.de\/nachrichten\/schleswig-holstein\/Kreis-Ploen-Aktuelle-Nachrichten-und-Videos,ploen198.html\" title=\"Kreis Pl\u00f6n - Aktuelle Nachrichten und Videos\" target=\"_blank\" rel=\"noopener\">Pl\u00f6n<\/a> die Gefl\u00fcgelpest nachgewiesen worden ist und weil nun der Vogelzug wieder zunimmt. | NDR Schleswig-Holstein 17.10.2025 16:00 Uhr<\/p>\n<p>\n        15:00 Uhr\n    <\/p>\n<p>    Bezahlbarer F\u00fchrerschein: Kritik von den Fahrlehrern in SH<\/p>\n<p class=\"\">Weniger Fragen im Theorieteil, k\u00fcrzere Pr\u00fcfungszeiten und Fahrstunden im Simulator &#8211; so soll der F\u00fchrerschein nach Pl\u00e4nen von Bundesverkehrsminister Patrick Schnieder (CDU) g\u00fcnstiger werden. Aktuell kostet er im Schnitt 3.400 Euro. Deutliche Kritik an den Pl\u00e4nen kommt vom Fahrlehrerverband in Schleswig-Holstein. Laut Verbandschef Frank Walkenhorst werden die Preissteigerungen beim F\u00fchrerschein nicht im Vergleich zu den generellen Preissteigerungen der vergangenen Jahre gesehen. Walkenhorst f\u00fcrchtet, dass durch die Reformpl\u00e4ne die Fahrausbildung an Qualit\u00e4t verliert und dadurch die Verkehrssicherheit auf den Stra\u00dfen abnimmt. Der ADAC in Schleswig-Holstein hingegen sieht die Verkehrssicherheit nicht gef\u00e4hrdet und begr\u00fc\u00dft die Ideen aus dem Bundesverkehrsministerium. | NDR Schleswig-Holstein 17.10.2025 15:00 Uhr<\/p>\n<p>        <img decoding=\"async\" src=\"https:\/\/www.europesays.com\/de\/wp-content\/uploads\/2025\/10\/fuehrerschein932.webp\" alt=\"Mehrere der neuen EU-Kartenf\u00fchrerscheine aus Deutschland liegen \u00fcbereinander\" title=\"Mehrere der neuen EU-Kartenf\u00fchrerscheine aus Deutschland liegen \u00fcbereinander | NDR, Peer-Axel Kroeske\" class=\"responsive\" loading=\"lazy\"\/><\/p>\n<p>Der ADAC begr\u00fc\u00dft die Reformpl\u00e4ne von Bundesverkehrsminister Schnieder. Der Fahrschulverband sieht dagegen die Verkehrssicherheit gef\u00e4hrdet. <\/p>\n<p>\n        14:43 Uhr\n    <\/p>\n<p>    Schleswig-Holstein will sich f\u00fcr Zuckersteuer einsetzen<\/p>\n<p class=\"\">Der schleswig-holsteinische Landtag hat sich am Freitag mit gro\u00dfer Mehrheit daf\u00fcr ausgesprochen, sich auf Bundesebene f\u00fcr eine nationale Zuckersteuer oder Zuckerabgabe auf Soft- und Energy-Drinks einzusetzen. Die Abgeordneten betonten, hoher Zuckerkonsum berge gesundheitliche Risiken. Als Vorbild gilt Gro\u00dfbritannien, wo eine Zuckersteuer den Zuckergehalt der Getr\u00e4nke senkte. CDU und Gr\u00fcne wollen die Einnahmen in Pr\u00e4ventionsma\u00dfnahmen investieren. Die FDP lehnte den Vorsto\u00df wegen der Begrifflichkeit &#8222;Steuer&#8220; ab, sieht den Grundgedanken aber positiv. \u00c4hnlich argumentierte die SPD, die am Ende aber dem Antrag von CDU und Gr\u00fcnen zustimmte &#8211; wie auch der SSW. | NDR Schleswig-Holstein 17.10.2025 15:00 Uhr<\/p>\n<p>        <img decoding=\"async\" src=\"https:\/\/www.europesays.com\/de\/wp-content\/uploads\/2025\/10\/softdrinks-102.webp\" alt=\"Ein K\u00fchlregal mit unterschiedlichen Softdrinks.\" title=\"Ein K\u00fchlregal mit unterschiedlichen Softdrinks. | IMAGO \/ Fotostand\" class=\"responsive\" loading=\"lazy\"\/><\/p>\n<p>Schleswig-Holsteins Regierung soll sich f\u00fcr eine Abgabe oder Steuer auf Soft- und Energy-Drinks einsetzen &#8211; das haben die Abgeordneten beschlossen.<\/p>\n<p>\n        13:50 Uhr\n    <\/p>\n<p>    &#8222;Green Care&#8220; &#8211; Soziale Angebote auf landwirtschaftlichen Betrieben<\/p>\n<p class=\"\">In Schleswig-Holstein w\u00e4chst die soziale Landwirtschaft mit barrierearmen Angeboten f\u00fcr Menschen mit k\u00f6rperlichen oder psychischen Beeintr\u00e4chtigungen. Unter dem Begriff &#8222;Green Care&#8220; bietet die Landwirtschaftskammer SH Lehrg\u00e4nge an. 14 Landwirte haben am Freitag ihr Zertifikat bekommen. In dem Lehrgang lernten die Teilnehmenden, auf verschiedene Krankheitsbilder einzugehen und Angebote f\u00fcr junge und alte Menschen zu schaffen. Die Landwirte bekommen damit eine neue Einnahmequelle, sie wollen aber auch helfen, die steigende Nachfrage in der Pflege zu decken. Denn angeboten werden nicht nur barrierearme F\u00fchrungen oder inklusive Arbeitsstellen, sondern auch Pflege und Wohnm\u00f6glichkeiten. Insgesamt hat die Landwirtschaftskammer bislang 60 Landwirtinnen und Landwirte fortgebildet. | NDR Schleswig-Holstein 17.10.2025 14:00 Uhr<\/p>\n<p>\n        11:13 Uhr\n    <\/p>\n<p>    Herbstferien starten: ADAC warnt vor vollen Stra\u00dfen<\/p>\n<p class=\"\">Nicht nur in Schleswig-Holstein starten am Freitag die Ferien, sondern auch in Hamburg, Mecklenburg-Vorpommern, Berlin und Brandenburg. Der ADAC warnt deshalb vor vollen Stra\u00dfen und r\u00e4t dazu, nicht unbedingt an diesem Nachmittag in den Urlaub aufzubrechen. Besonders betroffen seien die Autobahnen rund um Hamburg sowie die Reiserouten Richtung Nord- und Ostsee. Vor allem auf der <a href=\"https:\/\/www.ndr.de\/nachrichten\/schleswig-holstein\/A1-News-zu-Unfaellen-Sperrungen-und-Baustellen-auf-der-Autobahn,thema170.html\" title=\"A1 - News zu Unf\u00e4llen, Sperrungen und Baustellen auf der Autobahn\" target=\"_blank\" rel=\"noopener\">A1<\/a> in Richtung <a href=\"https:\/\/www.ndr.de\/nachrichten\/schleswig-holstein\/Luebeck-Aktuelle-Nachrichten-und-Videos-,luebeck2802.html\" title=\"L\u00fcbeck - Aktuelle Nachrichten und Videos\" target=\"_blank\" rel=\"noopener\">L\u00fcbeck<\/a> und Fehmarn (<a href=\"https:\/\/www.ndr.de\/nachrichten\/schleswig-holstein\/Ostholstein-Aktuelle-Nachrichten-und-Videos,ostholstein126.html\" title=\"Ostholstein - Aktuelle Nachrichten und Videos\" target=\"_blank\" rel=\"noopener\">Kreis Ostholstein<\/a>), der <a href=\"https:\/\/www.ndr.de\/verkehr\/A7-News-zu-Unfaellen-und-Baustellen-im-Norden-der-Autobahn,asieben288.html\" title=\"A7 - News zu Unf\u00e4llen und Baustellen im Norden der Autobahn\" target=\"_blank\" rel=\"noopener\">A7<\/a> in Richtung <a href=\"https:\/\/www.ndr.de\/nachrichten\/schleswig-holstein\/Flensburg-Nachrichten-Hintergruende-und-Videos,flensburg6034.html\" title=\"Flensburg - Aktuelle Nachrichten und Videos\" target=\"_blank\" rel=\"noopener\">Flensburg<\/a> und <a href=\"https:\/\/www.ndr.de\/nachrichten\/schleswig-holstein\/Sylt-Aktuelle-News-und-Videos-von-der-Insel,sylt1522.html\" title=\"Sylt - Nachrichten und Videos von der Nordsee-Insel\" target=\"_blank\" rel=\"noopener\">Sylt<\/a>, der <a href=\"https:\/\/www.ndr.de\/verkehr\/A20,azwanzig105.html\" title=\"A20: News zu Unf\u00e4llen und Baustellen auf der Autobahn\" target=\"_blank\" rel=\"noopener\">A20<\/a> in Richtung Rostock und Stettin sowie der <a href=\"https:\/\/www.ndr.de\/nachrichten\/schleswig-holstein\/A23-News-zu-Unfaellen-Sperrungen-und-Baustellen-auf-der-Autobahn,thema168.html\" title=\"A23 - News zu Unf\u00e4llen, Sperrungen und Baustellen auf der Autobahn\" target=\"_blank\" rel=\"noopener\">A23<\/a> an der Westk\u00fcste k\u00f6nne es zu Staus und Engp\u00e4ssen kommen. | NDR Schleswig-Holstein 17.10.2025 10:00 Uhr<\/p>\n<p>        <img decoding=\"async\" src=\"https:\/\/www.europesays.com\/de\/wp-content\/uploads\/2025\/10\/autobahn-290.webp\" alt=\"Autos stehen auf der A1 Richtung Norden im Stau.\" title=\"Autos stehen auf der A1 Richtung Norden im Stau. | picture alliance\/dpa, Jonas Walzberg\" class=\"responsive\" loading=\"lazy\"\/><\/p>\n<p>In Schleswig-Holstein, Mecklenburg-Vorpommern und Hamburg haben die Herbstferien begonnen. Bereits am Freitag gab es auf vielen Autobahnen l\u00e4ngere Staus. <\/p>\n<p>\n        11:32 Uhr\n    <\/p>\n<p>    Bahnausf\u00e4lle zwischen Hamburg und L\u00fcbeck<\/p>\n<p class=\"\">Auf der Bahnstrecke zwischen Hamburg und <a href=\"https:\/\/www.ndr.de\/nachrichten\/schleswig-holstein\/Luebeck-Aktuelle-Nachrichten-und-Videos-,luebeck2802.html\" title=\"L\u00fcbeck - Aktuelle Nachrichten und Videos\" target=\"_blank\" rel=\"noopener\">L\u00fcbeck<\/a> ist es laut Deutscher Bahn am Freitagmorgen zu Versp\u00e4tungen und Ausf\u00e4llen gekommen. Betroffen waren die Linien RB81, RE8, RE80 und RE8X mit Zwischenhalten unter anderem in Bad Oldesloe und Reinfeld (beide <a href=\"https:\/\/www.ndr.de\/nachrichten\/schleswig-holstein\/Stormarn-Aktuelle-Nachrichten-und-Videos,stormarn148.html\" title=\"Stormarn - Aktuelle Nachrichten und Videos\" target=\"_blank\" rel=\"noopener\">Kreis Stormarn<\/a>). Grund f\u00fcr die Beeintr\u00e4chtigungen war laut Bahn ein Stromausfall im Bereich des Bahnhofs Reinfeld. Gegen 10.45 Uhr konnten die Beeintr\u00e4chtigungen behoben werden. Es kann weiterhin zu Versp\u00e4tungen kommen. | NDR Schleswig-Holstein 17.10.2025 10:00 Uhr<\/p>\n<p>\n        07:10 Uhr\n    <\/p>\n<p>    W\u00e4rmeplanung bei vielen Gemeinden in SH l\u00e4uft<\/p>\n<p class=\"\">570 Gemeinden in Schleswig-Holstein haben bereits erste Schritte f\u00fcr eine W\u00e4rmeplanung in die Wege geleitet. Diese Zahl nennt der Gemeindetag. Mehr als die H\u00e4lfte der Orte befasst sich somit bereits mit der Frage, ob etwa ein klimaneutrales W\u00e4rmenetz in Frage kommt. Die W\u00e4rmepl\u00e4ne sind \u00fcberall verpflichtend bis 2028. Doch schon jetzt sei absehbar, dass in den meisten Gemeinden keine wirtschaftliche Perspektive auf ein W\u00e4rmenetz besteht, teilt der Gemeindetag mit. Die Erdgasnetze in Schleswig-Holstein werden 2040 weitgehend stillgelegt. | NDR Schleswig-Holstein 17.10.2025 07:00 Uhr<\/p>\n<p>\n        07:05 Uhr\n    <\/p>\n<p>    Stundenlanger Feuerwehreinsatz in L\u00fcbecker Lackiererei<\/p>\n<p class=\"\">Ein Brand in einer Lackiererei in <a href=\"https:\/\/www.ndr.de\/nachrichten\/schleswig-holstein\/Luebeck-Aktuelle-Nachrichten-und-Videos-,luebeck2802.html\" title=\"L\u00fcbeck - Aktuelle Nachrichten und Videos\" target=\"_blank\" rel=\"noopener\">L\u00fcbeck<\/a> hat am Donnerstag die Feuerwehr nach eigenen Angaben f\u00fcr viele Stunden besch\u00e4ftigt. Rund 150 Feuerwehrleute waren von morgens bis etwa 20 Uhr im Einsatz um die Flammen zu l\u00f6schen. Verletzt wurde niemand. Die Kronsforder Allee war wegen des Einsatzes lange gesperrt. Die Brandursache ist weiter unklar. | NDR Schleswig-Holstein 17.10.2025 07:00 Uhr<\/p>\n<p>\n        06:37 Uhr\n    <\/p>\n<p>    L\u00fcbeck: Prozessbeginn gegen 61-J\u00e4hrigen nach T\u00f6tung auf Fehmarn<\/p>\n<p class=\"\">Ein 61 Jahre alter Mann von der Insel Fehmarn (<a href=\"https:\/\/www.ndr.de\/nachrichten\/schleswig-holstein\/Ostholstein-Aktuelle-Nachrichten-und-Videos,ostholstein126.html\" title=\"Ostholstein - Aktuelle Nachrichten und Videos\" target=\"_blank\" rel=\"noopener\">Kreis Ostholstein<\/a>) steht seit Freitag vor dem L\u00fcbecker Landgericht. Er wird verd\u00e4chtigt, seine Ehefrau im vergangenen Mai get\u00f6tet zu haben. Ihre Leiche wurde von Zeugen in einem Stra\u00dfengraben gefunden. Wie es zu dieser Tat kommen konnte, zu den Hintergr\u00fcnden und m\u00f6glichen Motiven &#8211; dazu wollte sich die Staatsanwaltschaft vor dem Gerichtsverfahren nicht \u00e4u\u00dfern. Das Gericht hat f\u00fcr den Prozess zun\u00e4chst acht Verhandlungstage geplant. Das Urteil wird im Dezember erwartet. | NDR Schleswig-Holstein 17.10.2025 06:00 Uhr<\/p>\n<p>        <img decoding=\"async\" src=\"https:\/\/www.europesays.com\/de\/wp-content\/uploads\/2025\/10\/screenshot1858826.webp\" alt=\"Ein schwarzes Schild mit dem Schriftzug &quot;Landgericht Amtsgericht&quot; steht vor dem Geb\u00e4ude des Land- und Amtgerichts in L\u00fcbeck.\" title=\"Ein schwarzes Schild mit dem Schriftzug &quot;Landgericht Amtsgericht&quot; steht vor dem Geb\u00e4ude des Land- und Amtgerichts in L\u00fcbeck. | NDR\" class=\"responsive\" loading=\"lazy\"\/><\/p>\n<p>Die Leiche der 57-J\u00e4hrigen wurde in einem Graben auf Fehmarn gefunden. Angeklagt ist der Ehemann.<\/p>\n<p>\n        06:36 Uhr\n    <\/p>\n<p>    IQB-Bildungstrend: Sch\u00fcler schlecht in Mathe und Naturwissenschaften<\/p>\n<p class=\"\">Die Kompetenzen der Sch\u00fclerinnen und Sch\u00fcler in Deutschland in den F\u00e4chern Mathematik und Naturwissenschaften werden immer geringer. Das zeigt der IQB-Bildungstrend 2024, den die Bildungsminister der L\u00e4nder f\u00fcr Neuntkl\u00e4ssler vorgestellt haben. Schleswig-Holstein schneidet ebenfalls schlecht ab, jedoch besser als der Bundesdurchschnitt. So verfehlen fast 30 Prozent der Neuntkl\u00e4ssler die Mindeststandards, die f\u00fcr den mittleren Schulabschluss n\u00f6tig w\u00e4ren. Der Bundesdurchschnitt liegt bei 34 Prozent. In Chemie fehlt fast jedem f\u00fcnften schleswig-holsteinischen Jugendlichen das n\u00f6tige Fachwissen, in Physik mangelt es bei gut zw\u00f6lf Prozent und in Biologie bei sechs Prozent der Neuntkl\u00e4ssler. Trotzdem sind sie damit auch in den Naturwissenschaften besser als der Bundesdurchschnitt. | NDR Schleswig-Holstein 17.10.2025 06:00 Uhr<\/p>\n<p>        <img decoding=\"async\" src=\"https:\/\/www.europesays.com\/de\/wp-content\/uploads\/2025\/10\/mathe-106.webp\" alt=\"Ein Sch\u00fcler l\u00f6st eine Formel an einer Tafel.\" title=\"Ein Sch\u00fcler l\u00f6st eine Formel an einer Tafel. | picture alliance \/ Shotshop | bibop\" class=\"responsive\" loading=\"lazy\"\/><\/p>\n<p>Viele Sch\u00fcler interessieren sich nicht f\u00fcr das Fach. Auch Corona ist schuld an den schlechten Ergebnissen.<\/p>\n<p>\n        06:31 Uhr\n    <\/p>\n<p>    B431 nach Verkehrsunfall f\u00fcr Stunden gesperrt<\/p>\n<p class=\"\">Ein Verkehrsunfall auf der B431 bei <a href=\"https:\/\/www.ndr.de\/nachrichten\/schleswig-holstein\/Elmshorn-Aktuelle-Nachrichten-und-Videos,elmshorn556.html\" title=\"Elmshorn: Aktuelle Nachrichten und Videos\" target=\"_blank\" rel=\"noopener\">Elmshorn<\/a> (<a href=\"https:\/\/www.ndr.de\/nachrichten\/schleswig-holstein\/Kreis-Pinneberg-Aktuelle-Nachrichten-und-Videos,pinneberg280.html\" title=\"Kreis Pinneberg - Aktuelle Nachrichten und Videos\" target=\"_blank\" rel=\"noopener\">Kreis Pinneberg<\/a>) hat f\u00fcr eine stundenlange Sperrung der Bundesstra\u00dfe gesorgt. Laut Polizei wurden bei dem Zusammenprall zweier Autos am Donnerstagabend zwei Frauen schwer verletzt. Der Wagen war demnach auf die Gegenfahrbahn gekommen und dabei in einen entgegenkommenden Wagen gekracht. Die beiden Fahrerinnen, 75 und 62 Jahre alt, mussten ins Krankenhaus. | NDR Schleswig-Holstein 17.10.2025 05:30 Uhr<\/p>\n<p>\n        06:30 Uhr\n    <\/p>\n<p>    &#8222;D\u00f6rpsmobil&#8220; bei vielen Menschen beliebt<\/p>\n<p class=\"\">Mehr als 2.000 Schleswig-Holsteiner machen mittlerweile Carsharing mit dem sogenannten D\u00f6rpsmobil. Nach Angaben der Initiatoren beteiligen sich landesweit inzwischen 55 Vereine daran. Die Nutzer der Elektroautos kommen aus dem <a href=\"https:\/\/www.ndr.de\/nachrichten\/schleswig-holstein\/Nordfriesland-Aktuelle-Nachrichten-und-Videos,nordfriesland174.html\" title=\"Nordfriesland - Aktuelle Nachrichten und Videos\" target=\"_blank\" rel=\"noopener\">nordfriesischen<\/a> Klixb\u00fcll bis aus Wangelau im <a href=\"https:\/\/www.ndr.de\/nachrichten\/schleswig-holstein\/Herzogtum-Lauenburg-Aktuelle-Nachrichten-und-Videos,herzogtumlauenburg126.html\" title=\"Herzogtum Lauenburg - Aktuelle Nachrichten und Videos\" target=\"_blank\" rel=\"noopener\">Kreis Herzogtum Lauenburg<\/a>. Das Ziel: Kosten sparen. NDR-Data hat zudem eine umfangreiche <a href=\"https:\/\/www.ndr.de\/nachrichten\/info\/mobilitaet-warum-das-auto-supermarkt-kino-kindergarten-unverzichtbar-bleibt-nahverkehr,mobilitaet-112.html\" title=\"Warum das Auto f\u00fcr viele unverzichtbar bleibt\" target=\"_blank\" rel=\"noopener\">Auswertung von Daten des Baden-W\u00fcrttembergs-Institut <\/a>gemacht. Die Daten zeigen, dass es auf dem Land mit dem Auto am schnellsten geht. | NDR Schleswig-Holstein 17.10.2025 05:30 Uhr<\/p>\n<p>\n        06:03 Uhr\n    <\/p>\n<p>    Handball: Ausw\u00e4rtserfolg f\u00fcr die SG Flensburg-Handewitt<\/p>\n<p class=\"\">Die Bundesliga-Handballer der SG Flensburg-Handewitt bleiben weiter ungeschlagen. Das Team gewann ausw\u00e4rts gegen Eisenach mit 38:32. Bester Werfer des Spiels war Emil Jakobsen mit elf Treffern f\u00fcr die SG. | NDR Schleswig-Holstein 17.10.2025 05:30 Uhr<\/p>\n<p>        <img decoding=\"async\" src=\"https:\/\/www.europesays.com\/de\/wp-content\/uploads\/2025\/10\/flensburg-226.webp\" alt=\"Spielszene der Partie der SG Flensburg-Handewitt beim ThSV Eisenach: Marko Grgic wirft.\" title=\"Spielszene der Partie der SG Flensburg-Handewitt beim ThSV Eisenach: Marko Grgic wirft. | IMAGO \/ Christian Heilwagen\" class=\"responsive\" loading=\"lazy\"\/><\/p>\n<p>Die Schleswig-Holsteiner gewinnen nach einer zun\u00e4chst spielerisch und dann k\u00e4mpferisch starken Leistung beim ThSV &#8211; der siebte Liga-Erfolg in Serie.<\/p>\n<p>\n        17:16 Uhr\n    <\/p>\n<p>    Das Wetter in Schleswig-Holstein: Es klart auf<\/p>\n<p class=\"\">In der Nacht zum Sonnabend bleibt es zun\u00e4chst wolkig und vereinzelt fallen noch ein paar Tropfen. Ansonsten kommen von Nordosten her verbreitet gr\u00f6\u00dfere Auflockerungen und teilweise klart es auf. Die Tiefstwerte liegen um 7 Grad auf den Inseln, um 3 Grad an den K\u00fcsten und um 0 Grad im Binnenland. In Bodenn\u00e4he gibt es verbreitet leichten bis m\u00e4\u00dfigen Frost. | NDR Schleswig-Holstein 17.10.2025 18:00 Uhr<\/p>\n<p>        <img decoding=\"async\" src=\"https:\/\/www.europesays.com\/de\/wp-content\/uploads\/2025\/10\/wetter-5368.webp\" alt=\"NDR Schleswig-Holstein Moderator Doreen Pelz mit der Wettervorhersage.\" title=\"NDR Schleswig-Holstein Moderator Doreen Pelz mit der Wettervorhersage. | NDR\" class=\"responsive\" loading=\"lazy\"\/><\/p>\n<p>NDR Schleswig-Holstein Moderatorin Doreen Pelz mit den Aussichten f\u00fcr den 18. Oktober und die kommenden Tage.<\/p>\n<p>        <img decoding=\"async\" src=\"https:\/\/www.europesays.com\/de\/wp-content\/uploads\/2025\/08\/podcastlogo104.webp\" alt=\"Ein Mikrofon vor zwei Menschen.\" title=\"Ein Mikrofon vor zwei Menschen. | NDR, Janis R\u00f6hlig\" class=\"responsive\" loading=\"lazy\"\/><\/p>\n<p>Alles, was f\u00fcr Schleswig-Holstein wichtig ist: Im Nachrichten-Podcast von NDR 1 Welle Nord h\u00f6ren Sie das Neueste aus Schleswig-Holstein, Deutschland und der Welt.<\/p>\n","protected":false},"excerpt":{"rendered":"Stand: 17.10.2025 17:46 Uhr Nachrichten aus Schleswig-Holstein vom 17. Oktober 2025 &#8211; kompakt und aktuell im Newsblog von&hellip;\n","protected":false},"author":2,"featured_media":345359,"comment_status":"","ping_status":"","sticky":false,"template":"","format":"standard","meta":{"footnotes":""},"categories":[1852],"tags":[590,3364,29,548,663,3934,30,13,4949,17462,14,15,12,1971,17461,1973],"class_list":{"0":"post-506410","1":"post","2":"type-post","3":"status-publish","4":"format-standard","5":"has-post-thumbnail","7":"category-kiel","8":"tag-aktuell","9":"tag-de","10":"tag-deutschland","11":"tag-eu","12":"tag-europa","13":"tag-europe","14":"tag-germany","15":"tag-headlines","16":"tag-kiel","17":"tag-kompakt","18":"tag-nachrichten","19":"tag-news","20":"tag-schlagzeilen","21":"tag-schleswig-holstein","22":"tag-ueberblick","23":"tag-wetter"},"share_on_mastodon":{"url":"https:\/\/pubeurope.com\/@de\/115390840735043369","error":""},"_links":{"self":[{"href":"https:\/\/www.europesays.com\/de\/wp-json\/wp\/v2\/posts\/506410","targetHints":{"allow":["GET"]}}],"collection":[{"href":"https:\/\/www.europesays.com\/de\/wp-json\/wp\/v2\/posts"}],"about":[{"href":"https:\/\/www.europesays.com\/de\/wp-json\/wp\/v2\/types\/post"}],"author":[{"embeddable":true,"href":"https:\/\/www.europesays.com\/de\/wp-json\/wp\/v2\/users\/2"}],"replies":[{"embeddable":true,"href":"https:\/\/www.europesays.com\/de\/wp-json\/wp\/v2\/comments?post=506410"}],"version-history":[{"count":0,"href":"https:\/\/www.europesays.com\/de\/wp-json\/wp\/v2\/posts\/506410\/revisions"}],"wp:featuredmedia":[{"embeddable":true,"href":"https:\/\/www.europesays.com\/de\/wp-json\/wp\/v2\/media\/345359"}],"wp:attachment":[{"href":"https:\/\/www.europesays.com\/de\/wp-json\/wp\/v2\/media?parent=506410"}],"wp:term":[{"taxonomy":"category","embeddable":true,"href":"https:\/\/www.europesays.com\/de\/wp-json\/wp\/v2\/categories?post=506410"},{"taxonomy":"post_tag","embeddable":true,"href":"https:\/\/www.europesays.com\/de\/wp-json\/wp\/v2\/tags?post=506410"}],"curies":[{"name":"wp","href":"https:\/\/api.w.org\/{rel}","templated":true}]}}