{"id":506415,"date":"2025-10-17T18:09:18","date_gmt":"2025-10-17T18:09:18","guid":{"rendered":"https:\/\/www.europesays.com\/de\/506415\/"},"modified":"2025-10-17T18:09:18","modified_gmt":"2025-10-17T18:09:18","slug":"spot-gegen-taschendiebstahl-in-new-bussen","status":"publish","type":"post","link":"https:\/\/www.europesays.com\/de\/506415\/","title":{"rendered":"Spot gegen Taschendiebstahl in NEW-Bussen"},"content":{"rendered":"<p class=\"text_ohne_einzug richtext text-em-55 !leading-serif mx-6 desktop:mx-0\">In der Herbst- und <a href=\"https:\/\/rp-online.de\/thema\/winterzeit\/\" rel=\"nofollow noopener\" target=\"_blank\">Winterzeit<\/a> sind viele Menschen unterwegs. Vor allem in der Vorweihnachtszeit, bummeln viele Menschen auf den Weihnachtsm\u00e4rkten. Zwischen den Besuchern: Taschendiebe. <\/p>\n<p class=\"richtext text-em-55 !leading-serif mx-6 desktop:mx-0\">Auf Pl\u00e4tzen mit gro\u00dfen Menschenmassen oder bei Fahrten im \u00f6ffentlichen Nahverkehr ist die Gefahr besonders hoch, teilt die <a href=\"https:\/\/rp-online.de\/thema\/polizei\/\" rel=\"nofollow noopener\" target=\"_blank\">Polizei<\/a> mit. Gerade Orte mit viel Gedr\u00e4nge machen es den T\u00e4tern leicht, unbemerkt Wertgegenst\u00e4nde aus Jacken und Taschen zu entwenden. Der Diebstahl f\u00e4llt meist erst sp\u00e4ter auf. Die T\u00e4ter konnten dann unbemerkt entkommen.<\/p>\n<p class=\"richtext text-em-55 !leading-serif mx-6 desktop:mx-0\">Auf Monitoren in den NEW-Bussen, die in M\u00f6nchengladbach eingesetzt werden, l\u00e4uft seit Oktober ein Spot zum Thema Taschendiebstahl. In dem Video wird auf die Gefahr aufmerksam gemacht und werden Hinweise zum Schutz vor Taschendieben gezeigt. Das Video wird noch bis Januar in den Bussen zu sehen sein. <\/p>\n<p class=\"richtext text-em-55 !leading-serif mx-6 desktop:mx-0\">Die T\u00e4ter stehlen mithilfe von Rasierklingen oder kleinen Messern. Mit diesen durchtrennen sie unbemerkt d\u00fcnne Tragegurte von Taschen oder auch die Unterseite von Rucks\u00e4cken. Dabei sind die Diebe oft auch zu zweit unterwegs. Einer lenkt das Opfer unter einem Vorwand ab, w\u00e4hrend der andere den Wertgegenstand entwendet.<\/p>\n<p class=\"richtext text-em-55 !leading-serif mx-6 desktop:mx-0\">Die Polizei gibt regelm\u00e4\u00dfig Hinweise zum t\u00e4glichen Schutz gegen Taschendiebst\u00e4hle. Wertgegenst\u00e4nde sind in Rollatoren, Kinderwagen oder Fahrradk\u00f6rben nicht sicher. In der \u00d6ffentlichkeit sollten die Wertsachen immer in der Innentasche der Jacke aufbewahrt werden. Ebenso sollte der Verschluss einer Hand- oder Umh\u00e4ngetasche immer mit der Verschlussseite zum K\u00f6rper zeigen. In Menschenmengen r\u00e4t die Polizei, aufmerksam zu bleiben und Personen in direkter N\u00e4he zu beobachten. <\/p>\n<p class=\"richtext text-em-55 !leading-serif mx-6 desktop:mx-0\">Wenn trotz allem etwas gestohlen wurde, empfiehlt die Polizei, unbedingt eine Anzeige zu machen. Mehr Tipps gibt die Polizei auf der Internetseite der Polizeiberatung <a href=\"https:\/\/www.polizei-beratung.de\/\" target=\"_blank\" rel=\"nofollow noopener\">www.polizei-beratung.de<\/a>.<\/p>\n","protected":false},"excerpt":{"rendered":"In der Herbst- und Winterzeit sind viele Menschen unterwegs. Vor allem in der Vorweihnachtszeit, bummeln viele Menschen auf&hellip;\n","protected":false},"author":2,"featured_media":506416,"comment_status":"","ping_status":"","sticky":false,"template":"","format":"standard","meta":{"footnotes":""},"categories":[1849],"tags":[8668,42841,56904,15252,3364,29,1686,548,663,3934,30,13,4455,14,15,1209,126414,12,22954,109446,33595,27950,24763,126413,5089,1467,49144],"class_list":{"0":"post-506415","1":"post","2":"type-post","3":"status-publish","4":"format-standard","5":"has-post-thumbnail","7":"category-moenchengladbach","8":"tag-diebe","9":"tag-taschendiebe","10":"tag-aufmerksam","11":"tag-beratung","12":"tag-de","13":"tag-deutschland","14":"tag-diebstahl","15":"tag-eu","16":"tag-europa","17":"tag-europe","18":"tag-germany","19":"tag-headlines","20":"tag-moenchengladbach","21":"tag-nachrichten","22":"tag-news","23":"tag-nordrhein-westfalen","24":"tag-polizeiberatung","25":"tag-schlagzeilen","26":"tag-schutz","27":"tag-spot","28":"tag-tasche","29":"tag-taschen","30":"tag-taschendiebstahl","31":"tag-taschendiebstaehle","32":"tag-taeter","33":"tag-tipps","34":"tag-unbemerkt"},"share_on_mastodon":{"url":"https:\/\/pubeurope.com\/@de\/115390851617032566","error":""},"_links":{"self":[{"href":"https:\/\/www.europesays.com\/de\/wp-json\/wp\/v2\/posts\/506415","targetHints":{"allow":["GET"]}}],"collection":[{"href":"https:\/\/www.europesays.com\/de\/wp-json\/wp\/v2\/posts"}],"about":[{"href":"https:\/\/www.europesays.com\/de\/wp-json\/wp\/v2\/types\/post"}],"author":[{"embeddable":true,"href":"https:\/\/www.europesays.com\/de\/wp-json\/wp\/v2\/users\/2"}],"replies":[{"embeddable":true,"href":"https:\/\/www.europesays.com\/de\/wp-json\/wp\/v2\/comments?post=506415"}],"version-history":[{"count":0,"href":"https:\/\/www.europesays.com\/de\/wp-json\/wp\/v2\/posts\/506415\/revisions"}],"wp:featuredmedia":[{"embeddable":true,"href":"https:\/\/www.europesays.com\/de\/wp-json\/wp\/v2\/media\/506416"}],"wp:attachment":[{"href":"https:\/\/www.europesays.com\/de\/wp-json\/wp\/v2\/media?parent=506415"}],"wp:term":[{"taxonomy":"category","embeddable":true,"href":"https:\/\/www.europesays.com\/de\/wp-json\/wp\/v2\/categories?post=506415"},{"taxonomy":"post_tag","embeddable":true,"href":"https:\/\/www.europesays.com\/de\/wp-json\/wp\/v2\/tags?post=506415"}],"curies":[{"name":"wp","href":"https:\/\/api.w.org\/{rel}","templated":true}]}}