{"id":506423,"date":"2025-10-17T18:13:11","date_gmt":"2025-10-17T18:13:11","guid":{"rendered":"https:\/\/www.europesays.com\/de\/506423\/"},"modified":"2025-10-17T18:13:11","modified_gmt":"2025-10-17T18:13:11","slug":"angriff-auf-kaufhaus-detektiv-diebstahl-endet-mit-festnahme-hinweise-auf-weitere-vergehen-mannheim","status":"publish","type":"post","link":"https:\/\/www.europesays.com\/de\/506423\/","title":{"rendered":"Angriff auf Kaufhaus-Detektiv: Diebstahl endet mit Festnahme \u2013 Hinweise auf weitere Vergehen &#8211; Mannheim"},"content":{"rendered":"<p><b\/>Ein 43-j\u00e4hriger Mann hat am Mittwochabend in einem Kaufhaus in den Quadraten in <a class=\"rtr-entity\" data-rtr-entity=\"Mannheim\" data-rtr-id=\"8e39f98d121d00ffdaf4f78a2ae2e7dea2653ba7\" data-rtr-score=\"55.5116079105761\" data-rtr-etype=\"location\" data-rtr-index=\"4\" href=\"https:\/\/www.rheinpfalz.de\/lokal\/mannheim.html?utm_source=rheinpfalz.de&amp;utm_medium=tms&amp;utm_campaign=intext\" target=\"_blank\" rel=\"noopener\">Mannheim<\/a> mehrere Waren gestohlen, teilen  Staatsanwaltschaft Mannheim und  Polizeipr\u00e4sidium Mannheim gemeinsam mit. Er entfernte zun\u00e4chst die Sicherungsetiketten von mehreren Sonnenbrillen und steckte sie in seinen Rucksack. Auf dieselbe Weise nahm er ein Parf\u00fcm aus der Parf\u00fcmerieabteilung. Anschlie\u00dfend verlie\u00df er das Gesch\u00e4ft, ohne zu bezahlen. Die gestohlenen Waren hatten einen Wert von rund 760 Euro. Zwei Ladendetektive sprachen den Mann kurz darauf an und begleiteten ihn in ein B\u00fcro. Dort soll er einen der Detektive mit einem Kopfsto\u00df angegriffen haben, was dieser abwehren konnte. Der Verd\u00e4chtige soll den Detektiv au\u00dferdem beleidigt und bedroht haben. Laut Polizei trug der Mann ein griffbereites Klappmesser in seiner Jackentasche. Er wurde vorl\u00e4ufig festgenommen. Hinweise deuten darauf hin, dass der Mann an weiteren Diebst\u00e4hlen beteiligt gewesen sein k\u00f6nnte. Am Donnerstag, 16. Oktober 2025, wurde er dem Haftrichter vorgef\u00fchrt, der Haftbefehl wegen Fluchtgefahr erlie\u00df. Der Mann kam anschlie\u00dfend in eine Justizvollzugsanstalt. Die Ermittlungen dauern an. <\/p>\n","protected":false},"excerpt":{"rendered":"Ein 43-j\u00e4hriger Mann hat am Mittwochabend in einem Kaufhaus in den Quadraten in Mannheim mehrere Waren gestohlen, teilen&hellip;\n","protected":false},"author":2,"featured_media":506424,"comment_status":"","ping_status":"","sticky":false,"template":"","format":"standard","meta":{"footnotes":""},"categories":[1845],"tags":[2140,1634,3364,29,548,663,3934,30,13,4060,2096,14,15,121,12,1997],"class_list":{"0":"post-506423","1":"post","2":"type-post","3":"status-publish","4":"format-standard","5":"has-post-thumbnail","7":"category-mannheim","8":"tag-angriff","9":"tag-baden-wuerttemberg","10":"tag-de","11":"tag-deutschland","12":"tag-eu","13":"tag-europa","14":"tag-europe","15":"tag-germany","16":"tag-headlines","17":"tag-lokal","18":"tag-mannheim","19":"tag-nachrichten","20":"tag-news","21":"tag-polizei","22":"tag-schlagzeilen","23":"tag-staatsanwaltschaft"},"share_on_mastodon":{"url":"https:\/\/pubeurope.com\/@de\/115390867311500443","error":""},"_links":{"self":[{"href":"https:\/\/www.europesays.com\/de\/wp-json\/wp\/v2\/posts\/506423","targetHints":{"allow":["GET"]}}],"collection":[{"href":"https:\/\/www.europesays.com\/de\/wp-json\/wp\/v2\/posts"}],"about":[{"href":"https:\/\/www.europesays.com\/de\/wp-json\/wp\/v2\/types\/post"}],"author":[{"embeddable":true,"href":"https:\/\/www.europesays.com\/de\/wp-json\/wp\/v2\/users\/2"}],"replies":[{"embeddable":true,"href":"https:\/\/www.europesays.com\/de\/wp-json\/wp\/v2\/comments?post=506423"}],"version-history":[{"count":0,"href":"https:\/\/www.europesays.com\/de\/wp-json\/wp\/v2\/posts\/506423\/revisions"}],"wp:featuredmedia":[{"embeddable":true,"href":"https:\/\/www.europesays.com\/de\/wp-json\/wp\/v2\/media\/506424"}],"wp:attachment":[{"href":"https:\/\/www.europesays.com\/de\/wp-json\/wp\/v2\/media?parent=506423"}],"wp:term":[{"taxonomy":"category","embeddable":true,"href":"https:\/\/www.europesays.com\/de\/wp-json\/wp\/v2\/categories?post=506423"},{"taxonomy":"post_tag","embeddable":true,"href":"https:\/\/www.europesays.com\/de\/wp-json\/wp\/v2\/tags?post=506423"}],"curies":[{"name":"wp","href":"https:\/\/api.w.org\/{rel}","templated":true}]}}