{"id":506447,"date":"2025-10-17T18:26:13","date_gmt":"2025-10-17T18:26:13","guid":{"rendered":"https:\/\/www.europesays.com\/de\/506447\/"},"modified":"2025-10-17T18:26:13","modified_gmt":"2025-10-17T18:26:13","slug":"usa-angeklagter-trump-kritiker-john-bolton-plaediert-auf-nicht-schuldig","status":"publish","type":"post","link":"https:\/\/www.europesays.com\/de\/506447\/","title":{"rendered":"USA: Angeklagter Trump-Kritiker John Bolton pl\u00e4diert auf nicht schuldig"},"content":{"rendered":"<p class=\"paragraph article__item\">Der angeklagte Kritiker von US-Pr\u00e4sident Donald Trump, <a class=\"rtr-entity\" href=\"https:\/\/www.zeit.de\/thema\/john-bolton\" target=\"_blank\" rel=\"noopener\">John Bolton<\/a>, hat auf nicht schuldig pl\u00e4diert. Bolton erschien vor einem Gericht in Greenbelt im US-Bundesstaat<br \/>\nMaryland nahe der Hauptstadt Washington, D. C. Der 76-J\u00e4hrige beantwortete keine Reporterfragen, als er das<br \/>\nGerichtsgeb\u00e4ude betrat. Im Gericht<br \/>\nerkl\u00e4rte er sich f\u00fcr nicht schuldig in den 18 Anklagepunkten, die am<br \/>\nVortag gegen ihn erhoben wurden. Eine Anh\u00f6rung in dem Fall wurde f\u00fcr den 21. November angesetzt, Bolton ist auf freiem Fu\u00df.\u00a0\n<\/p>\n<p class=\"paragraph article__item\">Eine Geschworenenjury <a href=\"https:\/\/www.zeit.de\/politik\/ausland\/2025-10\/us-justizministerium-john-bolton-trump-kritiker-anklage\" class=\"\" target=\"_blank\" rel=\"noopener\">hatte Bolton am Donnerstag angeklagt<\/a>.\u00a0Die Staatsanwaltschaft wirft dem 76-J\u00e4hrigen vor, w\u00e4hrend seiner Zeit<br \/>\nals <a class=\"rtr-entity\" href=\"https:\/\/www.zeit.de\/thema\/donald-trump\" target=\"_blank\" rel=\"noopener\">Trumps<\/a> Nationaler Sicherheitsberater vertrauliche Informationen<br \/>\nweitergegeben und streng geheime Dokumente unrechtm\u00e4\u00dfig in seinem Haus<br \/>\naufbewahrt zu haben. Au\u00dferdem soll er tagebuch\u00e4hnliche Aufzeichnungen \u00fcber seine Amtszeit mit zwei Familienangeh\u00f6rigen geteilt haben, die Beh\u00f6rdenangaben zufolge als vertraulich eingestuft waren.\n<\/p>\n<p class=\"paragraph article__item\">Die Anklage legt zudem nahe, dass 2021 m\u00f6glicherweise geheime<br \/>\nInformationen kompromittiert wurden, als mutma\u00dflich iranische Hacker Boltons E-Mail-Konto knackten und auf sensible Inhalte zugriffen. Zwar habe ein Vertreter Boltons<br \/>\n dem FBI gemeldet, dass dessen E-Mail gehackt worden sei, jedoch nicht<br \/>\nangegeben, dass sich darin auch geheime Informationen befanden, hie\u00df es<br \/>\nin den Gerichtsunterlagen.\n<\/p>\n<p>        Bolton wirft Trump die Einsch\u00fcchterung von Kritikern vor        <\/p>\n<p class=\"paragraph article__item\">Der 76-J\u00e4hrige\u00a0war \u00fcber<br \/>\nein Jahr lang in Trumps erster Amtszeit Sicherheitsberater, bis er 2019 entlassen<br \/>\nwurde und sich \u00f6ffentlich gegen den Pr\u00e4sidenten stellte. 2020<br \/>\nver\u00f6ffentlichte er das Buch Der Raum, in dem alles geschah. Bereits<br \/>\ndamals warf ihm die Trump-Regierung vor, geheime Informationen<br \/>\nver\u00f6ffentlicht zu haben \u2013 ein Vorwurf, den Bolton stets zur\u00fcckwies.\n<\/p>\n<p>                            \u00a9\u00a0Lea Dohle<\/p>\n<p>\n                                        Newsletter<br \/>\n                                        Was jetzt? \u2013 Der t\u00e4gliche Morgen\u00fcberblick<\/p>\n<p class=\"newsletter-signup__text\">Starten Sie mit unserem kurzen Nachrichten-Newsletter in den Tag. Erhalten Sie zudem freitags den US-Sonderletter &#8222;Was jetzt, America?&#8220; sowie das digitale Magazin ZEIT am Wochenende.<\/p>\n<p class=\"newsletter-signup__datapolicy\" hidden=\"\">\n            Mit Ihrer Registrierung nehmen Sie die <a href=\"https:\/\/datenschutz.zeit.de\/zon#Newsletter\" target=\"_blank\" rel=\"noopener\">Datenschutzerkl\u00e4rung<\/a> zur Kenntnis.\n        <\/p>\n<p>    Vielen Dank! Wir haben Ihnen eine E-Mail geschickt.<\/p>\n<p>Pr\u00fcfen Sie Ihr Postfach und best\u00e4tigen Sie das Newsletter-Abonnement.<\/p>\n<p class=\"paragraph article__item\">Bolton hat die aktuellen Vorw\u00fcrfe ebenfalls zur\u00fcckgewiesen und sie als Versuch Trumps bezeichnet, Kritiker<br \/>\neinzusch\u00fcchtern. &#8222;Ich bin nun das neueste Ziel in dem Versuch, das<br \/>\nJustizministerium als Waffe einzusetzen \u2013 gegen Menschen, die er als<br \/>\nFeinde sieht&#8220;, sagte Bolton nach Bekanntwerden der Anklage.\n<\/p>\n<p class=\"paragraph article__item\">Boltons Anwalt<br \/>\nAbbe Lowell sagte, die Angelegenheit sei bereits vor Jahren untersucht<br \/>\nund beigelegt worden. &#8222;Es geht hier um pers\u00f6nliche Tagebuchnotizen aus Boltons<br \/>\n 45-j\u00e4hriger Laufbahn, die nicht als geheim eingestuft und nur im<br \/>\nengsten Familienkreis geteilt wurden.&#8220; Es sei kein Verbrechen, Tageb\u00fccher zu f\u00fchren.\n<\/p>\n<p class=\"paragraph article__item\">Justizministerin Pam Bondi hingegen<br \/>\nsagte:\u00a0&#8222;Jeder, der eine Machtposition missbraucht und unsere nationale<br \/>\nSicherheit gef\u00e4hrdet, wird zur Rechenschaft gezogen. Niemand steht \u00fcber<br \/>\ndem Gesetz.&#8220;<\/p>\n","protected":false},"excerpt":{"rendered":"Der angeklagte Kritiker von US-Pr\u00e4sident Donald Trump, John Bolton, hat auf nicht schuldig pl\u00e4diert. Bolton erschien vor einem&hellip;\n","protected":false},"author":2,"featured_media":506448,"comment_status":"","ping_status":"","sticky":false,"template":"","format":"standard","meta":{"footnotes":""},"categories":[3977],"tags":[331,332,1999,106,13,100019,14,15,16,12,4017,4018,4016,64,4019,4020],"class_list":{"0":"post-506447","1":"post","2":"type-post","3":"status-publish","4":"format-standard","5":"has-post-thumbnail","7":"category-usa","8":"tag-aktuelle-nachrichten","9":"tag-aktuelle-news","10":"tag-anklage","11":"tag-donald-trump","12":"tag-headlines","13":"tag-john-bolton","14":"tag-nachrichten","15":"tag-news","16":"tag-politik","17":"tag-schlagzeilen","18":"tag-united-states","19":"tag-united-states-of-america","20":"tag-us","21":"tag-usa","22":"tag-vereinigte-staaten","23":"tag-vereinigte-staaten-von-amerika"},"share_on_mastodon":{"url":"","error":""},"_links":{"self":[{"href":"https:\/\/www.europesays.com\/de\/wp-json\/wp\/v2\/posts\/506447","targetHints":{"allow":["GET"]}}],"collection":[{"href":"https:\/\/www.europesays.com\/de\/wp-json\/wp\/v2\/posts"}],"about":[{"href":"https:\/\/www.europesays.com\/de\/wp-json\/wp\/v2\/types\/post"}],"author":[{"embeddable":true,"href":"https:\/\/www.europesays.com\/de\/wp-json\/wp\/v2\/users\/2"}],"replies":[{"embeddable":true,"href":"https:\/\/www.europesays.com\/de\/wp-json\/wp\/v2\/comments?post=506447"}],"version-history":[{"count":0,"href":"https:\/\/www.europesays.com\/de\/wp-json\/wp\/v2\/posts\/506447\/revisions"}],"wp:featuredmedia":[{"embeddable":true,"href":"https:\/\/www.europesays.com\/de\/wp-json\/wp\/v2\/media\/506448"}],"wp:attachment":[{"href":"https:\/\/www.europesays.com\/de\/wp-json\/wp\/v2\/media?parent=506447"}],"wp:term":[{"taxonomy":"category","embeddable":true,"href":"https:\/\/www.europesays.com\/de\/wp-json\/wp\/v2\/categories?post=506447"},{"taxonomy":"post_tag","embeddable":true,"href":"https:\/\/www.europesays.com\/de\/wp-json\/wp\/v2\/tags?post=506447"}],"curies":[{"name":"wp","href":"https:\/\/api.w.org\/{rel}","templated":true}]}}