{"id":506507,"date":"2025-10-17T18:58:13","date_gmt":"2025-10-17T18:58:13","guid":{"rendered":"https:\/\/www.europesays.com\/de\/506507\/"},"modified":"2025-10-17T18:58:13","modified_gmt":"2025-10-17T18:58:13","slug":"raetsel-um-tote-tauben-in-koeln-polizei-ermittelt-wegen-tierquaelerei-regional","status":"publish","type":"post","link":"https:\/\/www.europesays.com\/de\/506507\/","title":{"rendered":"R\u00e4tsel um tote Tauben in K\u00f6ln: Polizei ermittelt wegen Tierqu\u00e4lerei | Regional"},"content":{"rendered":"<p>K\u00f6ln (NRW) \u2013 <b>Am Dienstag schockierte ein grausamer Anblick Passanten in K\u00f6ln-Deutz: Unter der Deutzer Br\u00fccke lagen pl\u00f6tzlich tote Tauben. Seitdem vergeht kein Tag ohne neue Funde \u2013 Tiersch\u00fctzer schlagen Alarm!<\/b><\/p>\n<p>80 tote V\u00f6gel \u2013 qualvoll verendet<\/p>\n<p>\u201eWir vermuten, dass die Tauben vergiftet werden. Jemand legt Taubenfutter aus, das in einer \u00e4tzenden Fl\u00fcssigkeit eingelegt wurde\u201c, sagt die Tiersch\u00fctzerin Coro Freudenberg (28). \u201eDie Obduktion beim Tierarzt ergab, dass die <a href=\"https:\/\/www.bild.de\/news\/inland\/news-inland\/schmutzig-krank-dumm-die-groessten-mythen-ueber-stadttauben-87233578.bild.html\" class=\"text-link\" target=\"_blank\" rel=\"noopener\">Tauben<\/a> eine ver\u00e4tzte Speiser\u00f6hre haben.\u201c<\/p>\n<p>Mittlerweile wurden rund 80 tote oder sterbende Tauben in <a href=\"https:\/\/www.bild.de\/regional\/koeln\/koeln-regional\/home-16344378.bild.html\" class=\"text-link\" target=\"_blank\" rel=\"noopener\">K\u00f6ln<\/a>-Deutz entdeckt. Einige leben noch, doch ihre \u00dcberlebenschancen sind gering.<\/p>\n<p><img decoding=\"async\" width=\"992\" height=\"1178\" alt=\"Fast jeden Tag finden Passanten in K\u00f6ln-Deutz verletzte oder tote Tauben.\" src=\"https:\/\/www.europesays.com\/de\/wp-content\/uploads\/2025\/10\/94cc550e28f269959caed974abc68045,d9d346f2\"   class=\"portrait\" loading=\"lazy\"\/><\/p>\n<p class=\"fig__caption__text\">Fast jeden Tag finden Passanten in K\u00f6ln-Deutz verletzte oder tote Tauben. <\/p>\n<p>Foto: privat<\/p>\n<p>Polizei ermittelt \u2013 bis zu 3 Jahre Haft m\u00f6glich<\/p>\n<p>Die Polizei hat die Ermittlungen aufgenommen. Nach dem <a href=\"https:\/\/www.bild.de\/themen\/specials\/tierschutz\/inland-nachrichten-news-fotos-videos-19443112.bild.html\" class=\"text-link\" target=\"_blank\" rel=\"noopener\">Tierschutzgesetz<\/a> drohen einem m\u00f6glichen T\u00e4ter bis zu drei Jahre Gef\u00e4ngnis \u2013 oder eine saftige Geldstrafe.<\/p>\n<p>Coro Freudenberg ist fassungslos: \u201eNicht jeder muss Tauben m\u00f6gen. Aber wer l\u00e4sst sie so grausam leiden und sterben?\u201c<\/p>\n<p>Mehr zum Thema<\/p>\n","protected":false},"excerpt":{"rendered":"K\u00f6ln (NRW) \u2013 Am Dienstag schockierte ein grausamer Anblick Passanten in K\u00f6ln-Deutz: Unter der Deutzer Br\u00fccke lagen pl\u00f6tzlich&hellip;\n","protected":false},"author":2,"featured_media":506508,"comment_status":"","ping_status":"","sticky":false,"template":"","format":"standard","meta":{"footnotes":""},"categories":[1828],"tags":[29,30,1420,1209,121,13499,45,1886,10094,3367,81439],"class_list":{"0":"post-506507","1":"post","2":"type-post","3":"status-publish","4":"format-standard","5":"has-post-thumbnail","7":"category-koeln","8":"tag-deutschland","9":"tag-germany","10":"tag-koeln","11":"tag-nordrhein-westfalen","12":"tag-polizei","13":"tag-taube","14":"tag-texttospeech","15":"tag-tiere","16":"tag-tierquaelerei","17":"tag-tierschutz","18":"tag-vergiftung"},"share_on_mastodon":{"url":"https:\/\/pubeurope.com\/@de\/115391045051342686","error":""},"_links":{"self":[{"href":"https:\/\/www.europesays.com\/de\/wp-json\/wp\/v2\/posts\/506507","targetHints":{"allow":["GET"]}}],"collection":[{"href":"https:\/\/www.europesays.com\/de\/wp-json\/wp\/v2\/posts"}],"about":[{"href":"https:\/\/www.europesays.com\/de\/wp-json\/wp\/v2\/types\/post"}],"author":[{"embeddable":true,"href":"https:\/\/www.europesays.com\/de\/wp-json\/wp\/v2\/users\/2"}],"replies":[{"embeddable":true,"href":"https:\/\/www.europesays.com\/de\/wp-json\/wp\/v2\/comments?post=506507"}],"version-history":[{"count":0,"href":"https:\/\/www.europesays.com\/de\/wp-json\/wp\/v2\/posts\/506507\/revisions"}],"wp:featuredmedia":[{"embeddable":true,"href":"https:\/\/www.europesays.com\/de\/wp-json\/wp\/v2\/media\/506508"}],"wp:attachment":[{"href":"https:\/\/www.europesays.com\/de\/wp-json\/wp\/v2\/media?parent=506507"}],"wp:term":[{"taxonomy":"category","embeddable":true,"href":"https:\/\/www.europesays.com\/de\/wp-json\/wp\/v2\/categories?post=506507"},{"taxonomy":"post_tag","embeddable":true,"href":"https:\/\/www.europesays.com\/de\/wp-json\/wp\/v2\/tags?post=506507"}],"curies":[{"name":"wp","href":"https:\/\/api.w.org\/{rel}","templated":true}]}}