{"id":506513,"date":"2025-10-17T19:01:11","date_gmt":"2025-10-17T19:01:11","guid":{"rendered":"https:\/\/www.europesays.com\/de\/506513\/"},"modified":"2025-10-17T19:01:11","modified_gmt":"2025-10-17T19:01:11","slug":"am-flughafen-muenchen-sieben-lebende-schildkroeten-im-handgepaeck-versteckt-ohne-wasser-und-nahrung","status":"publish","type":"post","link":"https:\/\/www.europesays.com\/de\/506513\/","title":{"rendered":"Am Flughafen M\u00fcnchen: Sieben lebende Schildkr\u00f6ten im Handgep\u00e4ck versteckt &#8211; ohne Wasser und Nahrung"},"content":{"rendered":"\n<p>Bei einer Kontrolle im Transitbereich des Flughafens M\u00fcnchen haben Zollbeamte im Koffer eines Reisenden sieben lebende Tunesische Landschildkr\u00f6ten gefunden. Die Tiere waren in leeren Eiscremeboxen aus Kunststoff versteckt, wurden dort ohne Nahrung und Wasser eingesperrt und teilweise mit Klebeband fixiert.<\/p>\n<p>Tunesische Landschildkr\u00f6ten unterliegen den Bestimmungen des Washingtoner Artenschutz-\u00dcbereinkommens (Anhang II) sowie der EU-Artenschutzverordnung (Anhang A) und gelten als streng gesch\u00fctzte Tierart. \u00abDa keine artenschutzrechtlichen Dokumente vorgelegt werden konnten, wurde ein Strafverfahren eingeleitet\u00bb, so ein Sprecher des Hauptzollamts M\u00fcnchen.<\/p>\n<p>Die Tiere wurden beschlagnahmt und in die Reptilienauffangstation M\u00fcnchen gebracht, wo sie medizinisch versorgt und untergebracht werden. Die weiteren Ermittlungen f\u00fchrt das Zollfahndungsamt M\u00fcnchen.<\/p>\n","protected":false},"excerpt":{"rendered":"Bei einer Kontrolle im Transitbereich des Flughafens M\u00fcnchen haben Zollbeamte im Koffer eines Reisenden sieben lebende Tunesische Landschildkr\u00f6ten&hellip;\n","protected":false},"author":2,"featured_media":113100,"comment_status":"","ping_status":"","sticky":false,"template":"","format":"standard","meta":{"footnotes":""},"categories":[1827],"tags":[772,29,10647,30,1268,1886],"class_list":{"0":"post-506513","1":"post","2":"type-post","3":"status-publish","4":"format-standard","5":"has-post-thumbnail","7":"category-muenchen","8":"tag-bayern","9":"tag-deutschland","10":"tag-flughafen-muenchen","11":"tag-germany","12":"tag-muenchen","13":"tag-tiere"},"share_on_mastodon":{"url":"","error":""},"_links":{"self":[{"href":"https:\/\/www.europesays.com\/de\/wp-json\/wp\/v2\/posts\/506513","targetHints":{"allow":["GET"]}}],"collection":[{"href":"https:\/\/www.europesays.com\/de\/wp-json\/wp\/v2\/posts"}],"about":[{"href":"https:\/\/www.europesays.com\/de\/wp-json\/wp\/v2\/types\/post"}],"author":[{"embeddable":true,"href":"https:\/\/www.europesays.com\/de\/wp-json\/wp\/v2\/users\/2"}],"replies":[{"embeddable":true,"href":"https:\/\/www.europesays.com\/de\/wp-json\/wp\/v2\/comments?post=506513"}],"version-history":[{"count":0,"href":"https:\/\/www.europesays.com\/de\/wp-json\/wp\/v2\/posts\/506513\/revisions"}],"wp:featuredmedia":[{"embeddable":true,"href":"https:\/\/www.europesays.com\/de\/wp-json\/wp\/v2\/media\/113100"}],"wp:attachment":[{"href":"https:\/\/www.europesays.com\/de\/wp-json\/wp\/v2\/media?parent=506513"}],"wp:term":[{"taxonomy":"category","embeddable":true,"href":"https:\/\/www.europesays.com\/de\/wp-json\/wp\/v2\/categories?post=506513"},{"taxonomy":"post_tag","embeddable":true,"href":"https:\/\/www.europesays.com\/de\/wp-json\/wp\/v2\/tags?post=506513"}],"curies":[{"name":"wp","href":"https:\/\/api.w.org\/{rel}","templated":true}]}}