{"id":506518,"date":"2025-10-17T19:04:11","date_gmt":"2025-10-17T19:04:11","guid":{"rendered":"https:\/\/www.europesays.com\/de\/506518\/"},"modified":"2025-10-17T19:04:11","modified_gmt":"2025-10-17T19:04:11","slug":"berlin-brandenburg-polizeipraesidentin-ruf-der-lka-personenschuetzer-beschaedigt","status":"publish","type":"post","link":"https:\/\/www.europesays.com\/de\/506518\/","title":{"rendered":"Berlin &#038; Brandenburg: Polizeipr\u00e4sidentin: Ruf der LKA-Personensch\u00fctzer besch\u00e4digt"},"content":{"rendered":"<p>                    Berlin &amp; Brandenburg<br \/>\n                Polizeipr\u00e4sidentin: Ruf der LKA-Personensch\u00fctzer besch\u00e4digt<\/p>\n<p>\t\t\t\t              17.10.2025, 20:16 Uhr<\/p>\n<p><strong>Nach dem Korruptionsverdacht gegen LKA-Personensch\u00fctzer zieht die Berliner Polizei Konsequenzen. Was die Polizeipr\u00e4sidentin dazu sagt.<\/strong><\/p>\n<p>Berlin (dpa\/bb) &#8211; Berlins Polizeipr\u00e4sidentin Barbara Slowik Meisel sieht den Ruf der Personensch\u00fctzer des Landeskriminalamts durch den Korruptionsverdacht gegen einzelne Beamte besch\u00e4digt. Personensch\u00fctzer sollen zu dem Rapper Bushido unzul\u00e4ssigerweise auch private Kontakte gehabt haben.<\/p>\n<p>Derzeit richte sich der Verdacht gegen zwei Personen, sagte die Polizeipr\u00e4sidentin der RBB-Abendschau. Es stehe im Raum, dass man auch nach Beendigung des Schutzauftrages durch das Landkriminalamt privat diese Person weiter gesch\u00fctzt und wom\u00f6glich auch Vorteile entgegengenommen habe.<\/p>\n<p>&#8222;Inwieweit dieses Verhalten wirklich strafrechtlich relevant ist, das werden wir pr\u00fcfen, disziplinarrechtlich nat\u00fcrlich auch&#8220;, so Slowik Meisel. Sie k\u00f6nne aber klar sagen, das Verhalten besch\u00e4dige den Ruf der Personensch\u00fctzer des Landeskriminalamts. &#8222;Und das bedauere ich zutiefst.&#8220;<\/p>\n<p>Die Polizeif\u00fchrung zog Konsequenzen. Das betroffene Kommissariat werde mit sofortiger Wirkung aufgel\u00f6st, die F\u00fchrung von ihren Aufgaben entbunden und alle Beamten versetzt, teilte die Polizei mit. Parallel liefen disziplinarische und strafrechtliche Verfahren.<\/p>\n","protected":false},"excerpt":{"rendered":"Berlin &amp; Brandenburg Polizeipr\u00e4sidentin: Ruf der LKA-Personensch\u00fctzer besch\u00e4digt 17.10.2025, 20:16 Uhr Nach dem Korruptionsverdacht gegen LKA-Personensch\u00fctzer zieht die&hellip;\n","protected":false},"author":2,"featured_media":506519,"comment_status":"","ping_status":"","sticky":false,"template":"","format":"standard","meta":{"footnotes":""},"categories":[1816],"tags":[1960,1958,1959,1957,296,1956,1890,29,30,126431,97172,33504],"class_list":{"0":"post-506518","1":"post","2":"type-post","3":"status-publish","4":"format-standard","5":"has-post-thumbnail","7":"category-brandenburg","8":"tag-aktuelle-nachrichten-aus-berlin-und-brandenburg","9":"tag-aktuelle-nachrichten-aus-brandenburg","10":"tag-aktuelle-news-aus-berlin-und-brandenburg","11":"tag-aktuelle-news-aus-brandenburg","12":"tag-berlin","13":"tag-berlin-und-brandenburg","14":"tag-brandenburg","15":"tag-deutschland","16":"tag-germany","17":"tag-lka-personenschuetzer","18":"tag-polizeipraesidentin","19":"tag-ruf"},"share_on_mastodon":{"url":"https:\/\/pubeurope.com\/@de\/115391067821036049","error":""},"_links":{"self":[{"href":"https:\/\/www.europesays.com\/de\/wp-json\/wp\/v2\/posts\/506518","targetHints":{"allow":["GET"]}}],"collection":[{"href":"https:\/\/www.europesays.com\/de\/wp-json\/wp\/v2\/posts"}],"about":[{"href":"https:\/\/www.europesays.com\/de\/wp-json\/wp\/v2\/types\/post"}],"author":[{"embeddable":true,"href":"https:\/\/www.europesays.com\/de\/wp-json\/wp\/v2\/users\/2"}],"replies":[{"embeddable":true,"href":"https:\/\/www.europesays.com\/de\/wp-json\/wp\/v2\/comments?post=506518"}],"version-history":[{"count":0,"href":"https:\/\/www.europesays.com\/de\/wp-json\/wp\/v2\/posts\/506518\/revisions"}],"wp:featuredmedia":[{"embeddable":true,"href":"https:\/\/www.europesays.com\/de\/wp-json\/wp\/v2\/media\/506519"}],"wp:attachment":[{"href":"https:\/\/www.europesays.com\/de\/wp-json\/wp\/v2\/media?parent=506518"}],"wp:term":[{"taxonomy":"category","embeddable":true,"href":"https:\/\/www.europesays.com\/de\/wp-json\/wp\/v2\/categories?post=506518"},{"taxonomy":"post_tag","embeddable":true,"href":"https:\/\/www.europesays.com\/de\/wp-json\/wp\/v2\/tags?post=506518"}],"curies":[{"name":"wp","href":"https:\/\/api.w.org\/{rel}","templated":true}]}}