{"id":506524,"date":"2025-10-17T19:07:20","date_gmt":"2025-10-17T19:07:20","guid":{"rendered":"https:\/\/www.europesays.com\/de\/506524\/"},"modified":"2025-10-17T19:07:20","modified_gmt":"2025-10-17T19:07:20","slug":"berlins-linke-vizechefin-bezeichnet-israelischen-politiker-als-faschisten","status":"publish","type":"post","link":"https:\/\/www.europesays.com\/de\/506524\/","title":{"rendered":"Berlins Linke-Vizechefin bezeichnet israelischen Politiker als Faschisten"},"content":{"rendered":"<p class=\"tspBHk0 tspBHk1\">Berlins Linkspartei driftet immer weiter in einen Anti-Israel-Kurs und in Teilen in den Antisemitismus ab: Erst p\u00f6belte der Linksfraktionschef der Neuk\u00f6llner Bezirksverordneten, Ahmed Abed, am Mittwoch gegen den B\u00fcrgermeister der israelischen Partnerstadt. Daf\u00fcr zeigte Landesparteichefin Kerstin Wolter dann sogar Verst\u00e4ndnis. Jetzt legte Vizeparteichefin Martha Kleed\u00f6rfer mit einem Faschismusvorwurf nach. Und die Spitzenkandidatin zur Berlin-Wahl 2026, Elif Eralp, schweigt.<\/p>\n<p>Tagesspiegel Checkpoint: Berlins beliebtester Newsletter<\/p>\n<p><img decoding=\"async\" src=\"https:\/\/www.europesays.com\/de\/wp-content\/uploads\/2025\/04\/cp-icon.png\" alt=\"\" class=\"tspBXfv\"\/><\/p>\n<p class=\"tspBXmz\"> Der schnellste Berlin-\u00dcberblick von Montag bis Samstag. <\/p>\n<p class=\"tspBHk0\">Erneut war es am Donnerstagabend zu einem von der Linken ausgel\u00f6sten Eklat gekommen \u2013 diesmal bei den Bezirksverordneten in Mitte. Kleed\u00f6rfer, die dort Bezirksverordnete ist, bezeichnete den B\u00fcrgermeister der Neuk\u00f6llner Partnerstadt Bat Yam, Tzvika Brot, als Faschisten. Zuvor hatte die CDU das Verhalten der Neuk\u00f6llner Linken gegen\u00fcber Brot kritisiert. &#13;<\/p>\n<p class=\"tspBHk0\">Kleed\u00f6rfers Fraktion in Mitte fiel bereits im Juni mit der Forderung auf, dass die Israelflagge vor dem Roten Rathaus, dem Amtssitz des Regierenden B\u00fcrgermeisters Kai Wegner (CDU), <a href=\"https:\/\/www.tagesspiegel.de\/berlin\/als-konsequenz-fur-kriegsfuhrung-linke-in-berlin-mitte-will-keine-israelflagge-vor-rotem-rathaus--wegner-reagiert-14010095.html?icid=in-text-link_14598647\" class=\"link link--internal\" data-gtm-class=\"article-text-link\" data-gtm-val=\"internal\" rel=\"nofollow noopener\" target=\"_blank\">abgeh\u00e4ngt werden soll<\/a>. <\/p>\n<p>Bezirke-Newsletter: Neuk\u00f6lln<\/p>\n<p><img decoding=\"async\" src=\"https:\/\/www.europesays.com\/de\/wp-content\/uploads\/2025\/04\/icon-neukoelln.png\" alt=\"\" class=\"tspBXfv\"\/><\/p>\n<p class=\"tspBXmz\"> Mehr Neuigkeiten zum Bezirk gibt es in unserem Newsletter \u2014 jede Woche per E-Mail. <\/p>\n<p class=\"tspBHk0\">Vor einem Jahr war Kleed\u00f6rfer ma\u00dfgeblich am Eklat beim Landesparteitag der Linken beteiligt, bei dem eine klare Position zum Antisemitismus \u2013 auch von links \u2013 und gegen islamistische Terrororganisationen wie Hamas und Hisbollah verhindert wurde. Der Konflikt f\u00fchrte zum Austritt namhafter Linke-Mitglieder wie Klaus Lederer.<\/p>\n<p class=\"tspBHk0\">Der B\u00fcrgermeister aus Israel war <a href=\"https:\/\/www.tagesspiegel.de\/berlin\/volkermorder--sie-meinen-die-hamas-israelischer-burgermeister-liefert-sich-wortgefecht-mit-linken-pobler-in-neukolln-14576354.html?icid=in-text-link_14598647\" class=\"link link--internal\" data-gtm-class=\"article-text-link\" data-gtm-val=\"internal\" rel=\"nofollow noopener\" target=\"_blank\">am Mittwoch in Neuk\u00f6lln zu Gast<\/a>. In der Bezirksverordnetenversammlung hatte Linksfraktionschef Abed den B\u00fcrgermeister aus Israel dann als \u201eV\u00f6lkerm\u00f6rder\u201c angep\u00f6belt und ihm erkl\u00e4rt, dass er nicht willkommen sei. <\/p>\n<p class=\"tspBHk0\">Brot, der Israels rechtskonservativer Likud-Partei von Premier Benjamin \u201eBibi\u201c Netanjahu angeh\u00f6rt, war auf Einladung von Bezirksb\u00fcrgermeister Martin Hikel (SPD) nach Neuk\u00f6lln gekommen. Auf die P\u00f6belei reagierte Brot gelassen und sagte zu Abed: \u201eV\u00f6lkerm\u00f6rder \u2013 bestimmt meinen Sie die Hamas?!\u201c Brot verwies darauf, dass der Linke-Bezirkspolitiker offenbar Verbrecher guthei\u00dfe, die Schwangere und Kinder qu\u00e4lten. Damit spielte der B\u00fcrgermeister auch auf das barbarische Massaker der islamistischen Hamas vom 7. Oktober 2023 an.<\/p>\n<p> Mehr aus Neuk\u00f6lln, Berlin und zu Antisemitismus <a href=\"https:\/\/www.tagesspiegel.de\/berlin\/bezirke\/neukoelln\/antisemitische-morddrohungen-gegen-kneipe-bajszel-neukollner-bezirksverordnete-erklaren-sich-solidarisch--linke-stimmen-dagegen-14582066.html?icid=topic-list_14598647___\" data-gtm-class=\"article-mzt-link\" class=\"tspBRlv\" rel=\"nofollow noopener\" target=\"_blank\">Antisemitische Morddrohungen gegen Kneipe \u201eBajszel\u201c Neuk\u00f6llner Bezirksverordnete erkl\u00e4ren sich solidarisch \u2013 Linke stimmen dagegen <\/a><a href=\"https:\/\/www.tagesspiegel.de\/berlin\/in-new-york-und-berlin-wie-eine-neue-generation-linker-politiker-weltweit-erfolge-feiert-14539862.html?icid=topic-list_14598647___\" data-gtm-class=\"article-mzt-link\" class=\"tspBRlv\" rel=\"nofollow noopener\" target=\"_blank\">Jung, radikal, migrantisch \u2013 und die gleiche Strategie  So wollen linke Bewegungen New York und Berlin erobern <\/a><a href=\"https:\/\/www.tagesspiegel.de\/kultur\/antisemitismus-im-kulturbetrieb--damals-und-heute-der-boykott-und-die-verdammung-israels-als-moralische-selbstermachtigung-14270519.html?icid=topic-list_14598647___\" data-gtm-class=\"article-mzt-link\" class=\"tspBRlv\" rel=\"nofollow noopener\" target=\"_blank\">Antisemitismus im Kulturbetrieb \u2013 damals und heute Der Boykott und die Verdammung Israels als moralische Selbsterm\u00e4chtigung <\/a><\/p>\n<p class=\"tspBHk0\">Berliner Linke-Chefin <a href=\"https:\/\/www.tagesspiegel.de\/berlin\/israelischer-burgermeister-bepobelt-berliner-linken-spitze-zeigt-verstandnis-fur-protest-14587574.html?icid=in-text-link_14598647\" class=\"link link--internal\" data-gtm-class=\"article-text-link\" data-gtm-val=\"internal\" rel=\"nofollow noopener\" target=\"_blank\">Kerstin Wolter zeigte danach Verst\u00e4ndnis<\/a> f\u00fcr Abed. \u201eSt\u00e4dtepartnerschaften verbinden Menschen, nicht Regierungen. Dass der Besuch eines israelischen B\u00fcrgermeisters aus Netanjahus Partei angesichts der Zerst\u00f6rung in Gaza auch Protest hervorruft, kann ich verstehen\u201c, sagte Wolter dem Tagesspiegel. \u201eWortwahl und Form teile ich nicht.\u201c Eralp, die Spitzenfrau der Linken zu Abgeordnetenhauswahl 2026, wollte sich nicht \u00e4u\u00dfern.<\/p>\n","protected":false},"excerpt":{"rendered":"Berlins Linkspartei driftet immer weiter in einen Anti-Israel-Kurs und in Teilen in den Antisemitismus ab: Erst p\u00f6belte der&hellip;\n","protected":false},"author":2,"featured_media":506525,"comment_status":"","ping_status":"","sticky":false,"template":"","format":"standard","meta":{"footnotes":""},"categories":[1825],"tags":[296,31,29,536,738,30,411,525,526],"class_list":{"0":"post-506524","1":"post","2":"type-post","3":"status-publish","4":"format-standard","5":"has-post-thumbnail","7":"category-berlin","8":"tag-berlin","9":"tag-cdu","10":"tag-deutschland","11":"tag-die-linke","12":"tag-gazastreifen","13":"tag-germany","14":"tag-israel","15":"tag-mitte","16":"tag-neukoelln"},"share_on_mastodon":{"url":"https:\/\/pubeurope.com\/@de\/115391080196237143","error":""},"_links":{"self":[{"href":"https:\/\/www.europesays.com\/de\/wp-json\/wp\/v2\/posts\/506524","targetHints":{"allow":["GET"]}}],"collection":[{"href":"https:\/\/www.europesays.com\/de\/wp-json\/wp\/v2\/posts"}],"about":[{"href":"https:\/\/www.europesays.com\/de\/wp-json\/wp\/v2\/types\/post"}],"author":[{"embeddable":true,"href":"https:\/\/www.europesays.com\/de\/wp-json\/wp\/v2\/users\/2"}],"replies":[{"embeddable":true,"href":"https:\/\/www.europesays.com\/de\/wp-json\/wp\/v2\/comments?post=506524"}],"version-history":[{"count":0,"href":"https:\/\/www.europesays.com\/de\/wp-json\/wp\/v2\/posts\/506524\/revisions"}],"wp:featuredmedia":[{"embeddable":true,"href":"https:\/\/www.europesays.com\/de\/wp-json\/wp\/v2\/media\/506525"}],"wp:attachment":[{"href":"https:\/\/www.europesays.com\/de\/wp-json\/wp\/v2\/media?parent=506524"}],"wp:term":[{"taxonomy":"category","embeddable":true,"href":"https:\/\/www.europesays.com\/de\/wp-json\/wp\/v2\/categories?post=506524"},{"taxonomy":"post_tag","embeddable":true,"href":"https:\/\/www.europesays.com\/de\/wp-json\/wp\/v2\/tags?post=506524"}],"curies":[{"name":"wp","href":"https:\/\/api.w.org\/{rel}","templated":true}]}}