{"id":506528,"date":"2025-10-17T19:09:37","date_gmt":"2025-10-17T19:09:37","guid":{"rendered":"https:\/\/www.europesays.com\/de\/506528\/"},"modified":"2025-10-17T19:09:37","modified_gmt":"2025-10-17T19:09:37","slug":"horst-krause-polizeiruf-star-in-berlin-beigesetzt","status":"publish","type":"post","link":"https:\/\/www.europesays.com\/de\/506528\/","title":{"rendered":"Horst Krause: &#8222;Polizeiruf&#8220;-Star in Berlin beigesetzt"},"content":{"rendered":"<p>Trauerfeier f\u00fcr Schauspieler <\/p>\n<p>&#8222;Polizeiruf&#8220;-Star Horst Krause in Berlin beigesetzt<\/p>\n<p>17.10.2025 &#8211; 19:47 UhrLesedauer: 2 Min.<\/p>\n<p><a href=\"#focus-0\" class=\"transition-colors duration-200 block text-current relative\" data-sctrack=\"FocusGalleryImage.Reference\"><img fetchpriority=\"high\" data-testid=\"Opener.Image\" style=\"--lqipURL:url('https:\/\/images.t-online.de\/2025\/09\/xCEsdTZh2If7\/109x104:691x389\/fit-in\/150x0\/filters:blur(25)\/der-schauspieler-horst-krause-steht-vor-einem-plakat-des-films-kruegers-reise-schauspieler-horst-krause-ist-gestorben.jpg')\"   loading=\"eager\" src=\"https:\/\/www.europesays.com\/de\/wp-content\/uploads\/2025\/10\/der-schauspieler-horst-krause-steht-vor-einem-plakat-des-films-kruegers-reise-schauspieler-horst-kra.jpeg\" alt=\"Der Schauspieler Horst Krause: Er ist am 5. September 2025 im Alter von 83 Jahren verstorben.\" title=\"Der Schauspieler Horst Krause: Er ist am 5. September 2025 im Alter von 83 Jahren verstorben.\" width=\"691\" height=\"389\" class=\"bg-[url:var(--lqipURL)] bg-cover bg-center flex h-full w-full max-w-full\" decoding=\"async\"\/><img style=\"--width:32;--height:32\" loading=\"lazy\" src=\"https:\/\/www.t-online.de\/s\/paper\/_next\/static\/media\/zoom-in.f7dae02f.svg\" alt=\"Vergr\u00f6\u00dfern des Bildes\" title=\"Vergr\u00f6\u00dfern des Bildes\" class=\"block h-[calc(var(--height)_\/_16_*_1rem)] w-[calc(var(--width)_\/_16_*_1rem)] max-w-none absolute bottom-8 right-8 rounded-4 bg-snow p-8\" decoding=\"async\"\/><\/a><\/p>\n<p>Der Schauspieler Horst Krause: Er ist am 5. September 2025 im Alter von 83 Jahren verstorben. (Quelle: Jens Kalaene\/dpa)<\/p>\n<p class=\"font-bold text-18 leading-17\">Seine Rolle im &#8222;Polizeiruf&#8220; machte ihn zum Fernsehliebling. Bei einer Trauerfeier in Berlin haben Weggef\u00e4hrten nun vom verstorbenen Horst Krause Abschied genommen.<\/p>\n<p class=\"text-18 leading-17\">Nach dem Tod von &#8222;Polizeiruf&#8220;-Schauspieler Horst Krause haben Familie, Freunde und enge Weggef\u00e4hrten Abschied genommen. Krause sei am Freitag in Berlin-Mitte beigesetzt worden, hie\u00df es aus dem Umfeld der Familie. Der Schauspieler war Anfang September im Alter von 83 Jahren im brandenburgischen Teltow gestorben.<\/p>\n<p class=\"text-18 leading-17\">Bundesweit bekannt wurde er mit der Krimireihe &#8222;Polizeiruf 110&#8220;. Seine Fernsehfigur hie\u00df, wie er selbst \u2013 er spielte Polizeihauptmeister Horst Krause, der mit seinem Hund als Sozius auf dem Motorrad durch Brandenburg fuhr.<\/p>\n<p class=\"text-18 leading-17\">Geboren 1941 in der N\u00e4he von Danzig, wuchs Horst Krause im brandenburgischen <a class=\"transition-colors duration-200 cursor-pointer text-inherit no-underline text-salemsfur md:hover:text-magenta md:hover:border-magenta md:focus:text-magenta border-current border-b border-solid break-words\" href=\"https:\/\/www.t-online.de\/themen\/ludwigsfelde\/\" data-sctrack=\"BodyAnchor\" rel=\"nofollow noopener\" target=\"_blank\">Ludwigsfelde<\/a> auf. Seine Schauspielkarriere begann er auf der B\u00fchne, spielte am Schauspielhaus Karl-Marx-Stadt und am Staatsschauspiel <a rel=\"nofollow noopener\" target=\"_blank\" class=\"transition-colors duration-200 cursor-pointer text-inherit no-underline text-salemsfur md:hover:text-magenta md:hover:border-magenta md:focus:text-magenta border-current border-b border-solid break-words\" href=\"https:\/\/dresden.t-online.de\/region\/dresden\/\" data-sctrack=\"BodyAnchor\">Dresden<\/a>. Bereits zu DDR-Zeiten war er im Fernsehen zu sehen, etwa in &#8222;Der Staatsanwalt hat das Wort&#8220;.<\/p>\n<p class=\"text-18 leading-17\">Ab Ende der Neunzigerjahre drehte Krause viele &#8222;Polizeiruf&#8220;-Folgen, damals etablierte sich die Reihe als beliebtes Gegenst\u00fcck zum &#8222;Tatort&#8220;. Im viel beachteten Kinofilm &#8222;Schultze gets the blues&#8220; hatte er die Hauptrolle.<\/p>\n<p class=\"text-18 leading-17\">Bei der Trauerfeier sei dem Privatmenschen Horst Krause gedacht worden, hie\u00df es aus dem Umfeld. Es sei die Warmherzigkeit, Geradlinigkeit und Lebensklugheit betont worden, mit der er anderen Kraft und Orientierung gegeben habe und sich selbst immer treu geblieben sei.<\/p>\n<p class=\"text-18 leading-17\">Er sei &#8222;ein Mann mit Wurzeln in der DDR&#8220; gewesen, dessen innerer Kompass ihn unbeirrbar durch politischen Wandel, berufliche Erfolge, pers\u00f6nliche R\u00fcckschl\u00e4ge und privates Gl\u00fcck navigiert habe, hie\u00df es demnach in einer Trauerrede. Er habe es verstanden, in jeder Begegnung das Wesentliche zu sehen \u2013 den Menschen, der ihm gegen\u00fcbergestanden habe.<\/p>\n","protected":false},"excerpt":{"rendered":"Trauerfeier f\u00fcr Schauspieler &#8222;Polizeiruf&#8220;-Star Horst Krause in Berlin beigesetzt 17.10.2025 &#8211; 19:47 UhrLesedauer: 2 Min. Der Schauspieler Horst&hellip;\n","protected":false},"author":2,"featured_media":506529,"comment_status":"","ping_status":"","sticky":false,"template":"","format":"standard","meta":{"footnotes":""},"categories":[1825],"tags":[45917,296,29,30,107623,9675],"class_list":{"0":"post-506528","1":"post","2":"type-post","3":"status-publish","4":"format-standard","5":"has-post-thumbnail","7":"category-berlin","8":"tag-polizeiruf","9":"tag-berlin","10":"tag-deutschland","11":"tag-germany","12":"tag-horst-krause","13":"tag-polizeiruf-110"},"share_on_mastodon":{"url":"https:\/\/pubeurope.com\/@de\/115391087602090778","error":""},"_links":{"self":[{"href":"https:\/\/www.europesays.com\/de\/wp-json\/wp\/v2\/posts\/506528","targetHints":{"allow":["GET"]}}],"collection":[{"href":"https:\/\/www.europesays.com\/de\/wp-json\/wp\/v2\/posts"}],"about":[{"href":"https:\/\/www.europesays.com\/de\/wp-json\/wp\/v2\/types\/post"}],"author":[{"embeddable":true,"href":"https:\/\/www.europesays.com\/de\/wp-json\/wp\/v2\/users\/2"}],"replies":[{"embeddable":true,"href":"https:\/\/www.europesays.com\/de\/wp-json\/wp\/v2\/comments?post=506528"}],"version-history":[{"count":0,"href":"https:\/\/www.europesays.com\/de\/wp-json\/wp\/v2\/posts\/506528\/revisions"}],"wp:featuredmedia":[{"embeddable":true,"href":"https:\/\/www.europesays.com\/de\/wp-json\/wp\/v2\/media\/506529"}],"wp:attachment":[{"href":"https:\/\/www.europesays.com\/de\/wp-json\/wp\/v2\/media?parent=506528"}],"wp:term":[{"taxonomy":"category","embeddable":true,"href":"https:\/\/www.europesays.com\/de\/wp-json\/wp\/v2\/categories?post=506528"},{"taxonomy":"post_tag","embeddable":true,"href":"https:\/\/www.europesays.com\/de\/wp-json\/wp\/v2\/tags?post=506528"}],"curies":[{"name":"wp","href":"https:\/\/api.w.org\/{rel}","templated":true}]}}