{"id":506538,"date":"2025-10-17T19:16:10","date_gmt":"2025-10-17T19:16:10","guid":{"rendered":"https:\/\/www.europesays.com\/de\/506538\/"},"modified":"2025-10-17T19:16:10","modified_gmt":"2025-10-17T19:16:10","slug":"mundgesundheit-entscheidet-ueber-herzleiden-und-alzheimer","status":"publish","type":"post","link":"https:\/\/www.europesays.com\/de\/506538\/","title":{"rendered":"Mundgesundheit entscheidet \u00fcber Herzleiden und Alzheimer"},"content":{"rendered":"<p>Aktuelle Forschungsergebnisse zeigen, dass zahlreiche Medikamente die Darmflora sch\u00e4digen und Mundbakterien mit schweren Erkrankungen wie Herzleiden und Alzheimer in Verbindung stehen.<\/p>\n<p>Die verborgene Welt in uns r\u00fcckt ins Rampenlicht. Neue Studien enth\u00fcllen dramatische Zusammenh\u00e4nge zwischen unserer Mundflora und schweren Erkrankungen wie Herzleiden oder Alzheimer. Gleichzeitig st\u00f6rt ein Drittel aller g\u00e4ngigen Medikamente die lebenswichtige Darmflora \u2013 mit ungeahnten Folgen f\u00fcr Millionen Deutsche.<\/p>\n<p>Unser K\u00f6rper beherbergt Billionen von Mikroorganismen, die weit mehr sind als stille Mitbewohner. Dieses komplexe \u00d6kosystem, das Mikrobiom, h\u00e4lt uns gesund, trainiert unser Immunsystem und wehrt Krankheitserreger ab. Doch aktuelle Forschungen zeigen: Dieses Gleichgewicht ist fragiler als gedacht.<\/p>\n<p>Medikamente als untersch\u00e4tzte Mikrobiom-Killer<\/p>\n<p>Antibiotika galten lange als Hauptfeind der Darmflora. Doch eine bahnbrechende Studie der Universit\u00e4t T\u00fcbingen aus dem Juli liefert alarmierendere Erkenntnisse: <strong>Ein Drittel aller untersuchten Nicht-Antibiotika<\/strong> schadet unserem Darmmikrobiom massiv.<\/p>\n<p>Die Forscher testeten 53 g\u00e4ngige Wirkstoffe \u2013 von Allergiemitteln \u00fcber Antidepressiva bis hin zu Hormonpr\u00e4paraten. Das verst\u00f6rende Ergebnis? Viele dieser Medikamente hemmen n\u00fctzliche Darmbakterien, w\u00e4hrend gef\u00e4hrliche Keime wie Salmonellen unbehelligt gedeihen k\u00f6nnen.<\/p>\n<p>Was bedeutet das konkret? Die nat\u00fcrliche Schutzbarriere des Darms bricht zusammen. Besonders gef\u00e4hrdet sind \u00e4ltere Menschen und Patienten mit geschw\u00e4chtem Immunsystem. Noch beunruhigender: Die St\u00f6rungen k\u00f6nnen <strong>Jahre nach dem Absetzen<\/strong> der Medikamente nachweisbar bleiben.<\/p>\n<p>Parodontitis als Einfallstor f\u00fcr Herzkrankheiten<\/p>\n<p>Die Mundh\u00f6hle ist mehr als der Beginn unseres Verdauungstrakts \u2013 sie ist ein Fr\u00fchwarnsystem f\u00fcr den gesamten K\u00f6rper. Die sogenannte <strong>Mund-Darm-Achse<\/strong> verbindet unser orales Mikrobiom mit systemischen Erkrankungen.<\/p>\n<p>Parodontitis, die chronische Zahnfleischentz\u00fcndung, erweist sich als heimt\u00fcckischer Risikofaktor. Bakterien wie Porphyromonas gingivalis wandern aus entz\u00fcndeten Zahnfleischtaschen direkt ins Blut und l\u00f6sen k\u00f6rperweite Entz\u00fcndungsreaktionen aus.<\/p>\n<p>Eine japanische Studie vom Mai brachte Erschreckendes zutage: Diese Mundkeime k\u00f6nnen <strong>Herzgewebe direkt sch\u00e4digen<\/strong> und Vorhofflimmern ausl\u00f6sen. Die Deutsche Mundgesundheitsstudie (DMS 6) best\u00e4tigt den Zusammenhang zwischen Parodontitis und Herz-Kreislauf-Erkrankungen eindeutig.<\/p>\n<p>Alzheimer beginnt im Mund?<\/p>\n<p>Die vielleicht revolution\u00e4rsten Erkenntnisse betreffen unser Gehirn. Forscher fanden den Parodontitis-Leitkeim Porphyromonas gingivalis und seine giftigen Enzyme, die Gingipaine, <strong>direkt im Gehirn von Alzheimer-Patienten<\/strong>.<\/p>\n<p>Wie gelangen Mundbakterien ins Gehirn? \u00dcber Blutbahnen oder Nervenwege dringen sie vor und entfachen dort verheerende Neuroinflammationen. Tierversuche zeigen: Eine Mundinfektion f\u00fchrt zur Besiedlung des Gehirns und verst\u00e4rkt die Bildung jener Beta-Amyloid-Plaques, die als Alzheimer-Kennzeichen gelten.<\/p>\n<p>Die gute Nachricht? Die Blockade bakterieller Enzyme konnte die Keimbelastung im Gehirn reduzieren und Nervenzellen sch\u00fctzen. K\u00f6nnte Alzheimer-Pr\u00e4vention k\u00fcnftig beim Zahnarzt beginnen?<br \/>Anzeige: Passend zum Thema Alzheimer und Gehirngesundheit: Mit einfachen Routinen l\u00e4sst sich die geistige Fitness st\u00e4rken und Demenz aktiv vorbeugen. Ein kostenloser Report liefert 7 Geheimnisse, 11 alltagstaugliche \u00dcbungen und einen Selbsttest \u2013 ohne teure Mittel, sofort umsetzbar. Starten Sie heute mit Mini-\u00dcbungen, die nur wenige Minuten dauern. <strong><a href=\"https:\/\/info.gesundheitswissen-aktuell.de\/gehirntraining-leicht-gemacht\/?af=KOOP_G_TG_DNV_YES_GEHIRNTRAINING-LEICHT-GEMACHT_X-CWAHN-BGPID_654226\" style=\"color:#337ab7!important;font-weight:bold;text-decoration:underline\" target=\"_blank\" rel=\"noopener\">Jetzt den Gratis-Report \u201eGehirntraining leicht gemacht\u201c sichern<\/a><\/strong><\/p>\n<p>Probiotika als Hoffnungstr\u00e4ger<\/p>\n<p>Die Zukunft liegt in der gezielten Mikrobiom-Modulation. Spezielle Bakterienst\u00e4mme wie Lactobacillus reuteri beweisen bereits ihre Wirksamkeit: Sie reduzieren Entz\u00fcndungen im Mund und dr\u00e4ngen sch\u00e4dliche Keime zur\u00fcck.<\/p>\n<p>Probiotische Zahnpasten und Mundsp\u00fclungen stehen vor dem Durchbruch. F\u00fcr das Darmmikrobiom erforschen Wissenschaftler sogenannte \u201cPostbiotika\u201d \u2013 ma\u00dfgeschneiderte N\u00e4hrstoffstrategien zur Darmgesundheit.<\/p>\n<p>Paradigmenwechsel in der Medizin<\/p>\n<p>Diese Erkenntnisse markieren eine Zeitenwende: Das Mikrobiom wandelt sich vom passiven Mitbewohner zum <strong>aktiven Gesundheitspartner<\/strong>. \u00c4rzte m\u00fcssen k\u00fcnftig die Kollateralsch\u00e4den g\u00e4ngiger Medikamente auf die Darmflora mitdenken.<\/p>\n<p>Gleichzeitig erfordert die Verkn\u00fcpfung von Mund- und Allgemeingesundheit eine neue interdisziplin\u00e4re Zusammenarbeit. Zahn\u00e4rzte, Kardiologen und Neurologen m\u00fcssen zusammenr\u00fccken \u2013 denn Pr\u00e4vention beginnt im Mund und endet nicht im Darm.<\/p>\n<p>Die personalisierte Analyse des individuellen Mikrobioms k\u00f6nnte schon bald Medikamententherapien revolutionieren. Ein Ziel steht fest: Die komplexen Wechselwirkungen zwischen Mundflora, Darmgesundheit und Allgemeinbefinden zu entschl\u00fcsseln \u2013 f\u00fcr ein l\u00e4ngeres, ges\u00fcnderes Leben.<\/p>\n","protected":false},"excerpt":{"rendered":"Aktuelle Forschungsergebnisse zeigen, dass zahlreiche Medikamente die Darmflora sch\u00e4digen und Mundbakterien mit schweren Erkrankungen wie Herzleiden und Alzheimer&hellip;\n","protected":false},"author":2,"featured_media":506539,"comment_status":"","ping_status":"","sticky":false,"template":"","format":"standard","meta":{"footnotes":""},"categories":[137],"tags":[15894,1049,29319,29,35730,48580,30,141,232,41275,18115,126432,126433,96668],"class_list":{"0":"post-506538","1":"post","2":"type-post","3":"status-publish","4":"format-standard","5":"has-post-thumbnail","7":"category-gesundheit","8":"tag-aktuelle","9":"tag-alzheimer","10":"tag-darmflora","11":"tag-deutschland","12":"tag-erkrankungen","13":"tag-forschungsergebnisse","14":"tag-germany","15":"tag-gesundheit","16":"tag-health","17":"tag-herzleiden","18":"tag-medikamente","19":"tag-mikrobiom-forschung","20":"tag-mundbakterien","21":"tag-mundgesundheit"},"share_on_mastodon":{"url":"https:\/\/pubeurope.com\/@de\/115391115119919675","error":""},"_links":{"self":[{"href":"https:\/\/www.europesays.com\/de\/wp-json\/wp\/v2\/posts\/506538","targetHints":{"allow":["GET"]}}],"collection":[{"href":"https:\/\/www.europesays.com\/de\/wp-json\/wp\/v2\/posts"}],"about":[{"href":"https:\/\/www.europesays.com\/de\/wp-json\/wp\/v2\/types\/post"}],"author":[{"embeddable":true,"href":"https:\/\/www.europesays.com\/de\/wp-json\/wp\/v2\/users\/2"}],"replies":[{"embeddable":true,"href":"https:\/\/www.europesays.com\/de\/wp-json\/wp\/v2\/comments?post=506538"}],"version-history":[{"count":0,"href":"https:\/\/www.europesays.com\/de\/wp-json\/wp\/v2\/posts\/506538\/revisions"}],"wp:featuredmedia":[{"embeddable":true,"href":"https:\/\/www.europesays.com\/de\/wp-json\/wp\/v2\/media\/506539"}],"wp:attachment":[{"href":"https:\/\/www.europesays.com\/de\/wp-json\/wp\/v2\/media?parent=506538"}],"wp:term":[{"taxonomy":"category","embeddable":true,"href":"https:\/\/www.europesays.com\/de\/wp-json\/wp\/v2\/categories?post=506538"},{"taxonomy":"post_tag","embeddable":true,"href":"https:\/\/www.europesays.com\/de\/wp-json\/wp\/v2\/tags?post=506538"}],"curies":[{"name":"wp","href":"https:\/\/api.w.org\/{rel}","templated":true}]}}