{"id":506542,"date":"2025-10-17T19:18:11","date_gmt":"2025-10-17T19:18:11","guid":{"rendered":"https:\/\/www.europesays.com\/de\/506542\/"},"modified":"2025-10-17T19:18:11","modified_gmt":"2025-10-17T19:18:11","slug":"epstein-affaere-prinz-andrew-verzichtet-auf-royale-titel","status":"publish","type":"post","link":"https:\/\/www.europesays.com\/de\/506542\/","title":{"rendered":"Epstein-Aff\u00e4re: Prinz Andrew verzichtet auf royale Titel"},"content":{"rendered":"<p>            <img loading=\"lazy\" decoding=\"async\" class=\"ts-image\" src=\"https:\/\/www.europesays.com\/de\/wp-content\/uploads\/2025\/10\/andrew-104.jpg\" alt=\"Prinz Andrew\" title=\"Prinz Andrew | AFP\"\/><\/p>\n<p class=\"metatextline\">Stand: 17.10.2025 21:00 Uhr<\/p>\n<p class=\"textabsatz columns twelve  m-ten  m-offset-one l-eight l-offset-two\">\n        <strong>Der britische Prinz Andrew legt infolge des Epstein-Skandals auch seine letzten royalen Titel nieder. Der R\u00fcckzug erfolgt kurz vor dem Erscheinen der Memoiren eines Opfers, dessen Vorw\u00fcrfe sich gegen Andrew richten. <\/strong>\n    <\/p>\n<p class=\"textabsatz m-ten m-offset-one l-eight l-offset-two columns twelve\">Der in der Aff\u00e4re um Sexualstraft\u00e4ter Jeffrey Epstein tief gefallene britische Prinz Andrew gibt auch seine verbliebenen royalen Titel und Pflichten auf. Das teilte der 65-J\u00e4hrige in einer vom Palast ver\u00f6ffentlichten Erkl\u00e4rung mit.<\/p>\n<p class=\"textabsatz m-ten m-offset-one l-eight l-offset-two columns twelve\">In Diskussionen mit K\u00f6nig Charles III. und seiner Familie sei sie gemeinsam zu dem Schluss gekommen, dass &#8222;die anhaltenden Anschuldigungen gegen mich von der Arbeit Seiner Majest\u00e4t und der k\u00f6niglichen Familie ablenken&#8220;, lie\u00df Andrew mitteilen. Er werde seinen Titel und die ihm verliehenen Ehren nicht mehr f\u00fchren.<\/p>\n<p>    Rolle als Vertreter des K\u00f6nigshauses bereits verloren<\/p>\n<p class=\"textabsatz m-ten m-offset-one l-eight l-offset-two columns twelve\">Andrew ist Herzog von York (Duke of York). G\u00e4nzlich aberkannt werden kann ihm das Herzogtum der Nachrichtenagentur PA zufolge nur durch das Parlament.<\/p>\n<p class=\"textabsatz m-ten m-offset-one l-eight l-offset-two columns twelve\">Der j\u00fcngere Bruder von K\u00f6nig Charles III. hatte sich im Zuge der Epstein-Aff\u00e4re bereits vor Jahren weitestgehend aus der \u00d6ffentlichkeit zur\u00fcckgezogen. Seine Rolle als offizieller Vertreter des K\u00f6nigshauses, milit\u00e4rische R\u00e4nge und Schirmherrschaften hatte er bereits verloren.<\/p>\n<p class=\"textabsatz m-ten m-offset-one l-eight l-offset-two columns twelve\">Der Prinz war mit dem in Haft gestorbenen US-Unternehmer befreundet &#8211; Epstein hatte \u00fcber Jahre einen Missbrauchsring betrieben. Eines der Opfer, Virginia Giuffre, hatte Andrew vorgeworfen, sie als Minderj\u00e4hrige mehrfach missbraucht zu haben. Der 65-J\u00e4hrige stritt die Vorw\u00fcrfe stets ab. In der kommenden Woche erscheinen die Memoiren der gestorbenen Frau.<\/p>\n","protected":false},"excerpt":{"rendered":"Stand: 17.10.2025 21:00 Uhr Der britische Prinz Andrew legt infolge des Epstein-Skandals auch seine letzten royalen Titel nieder.&hellip;\n","protected":false},"author":2,"featured_media":506543,"comment_status":"","ping_status":"","sticky":false,"template":"","format":"standard","meta":{"footnotes":""},"categories":[155],"tags":[29,214,30,23542,4861,215],"class_list":{"0":"post-506542","1":"post","2":"type-post","3":"status-publish","4":"format-standard","5":"has-post-thumbnail","7":"category-unterhaltung","8":"tag-deutschland","9":"tag-entertainment","10":"tag-germany","11":"tag-jeffrey-epstein","12":"tag-prinz-andrew","13":"tag-unterhaltung"},"share_on_mastodon":{"url":"https:\/\/pubeurope.com\/@de\/115391123049512093","error":""},"_links":{"self":[{"href":"https:\/\/www.europesays.com\/de\/wp-json\/wp\/v2\/posts\/506542","targetHints":{"allow":["GET"]}}],"collection":[{"href":"https:\/\/www.europesays.com\/de\/wp-json\/wp\/v2\/posts"}],"about":[{"href":"https:\/\/www.europesays.com\/de\/wp-json\/wp\/v2\/types\/post"}],"author":[{"embeddable":true,"href":"https:\/\/www.europesays.com\/de\/wp-json\/wp\/v2\/users\/2"}],"replies":[{"embeddable":true,"href":"https:\/\/www.europesays.com\/de\/wp-json\/wp\/v2\/comments?post=506542"}],"version-history":[{"count":0,"href":"https:\/\/www.europesays.com\/de\/wp-json\/wp\/v2\/posts\/506542\/revisions"}],"wp:featuredmedia":[{"embeddable":true,"href":"https:\/\/www.europesays.com\/de\/wp-json\/wp\/v2\/media\/506543"}],"wp:attachment":[{"href":"https:\/\/www.europesays.com\/de\/wp-json\/wp\/v2\/media?parent=506542"}],"wp:term":[{"taxonomy":"category","embeddable":true,"href":"https:\/\/www.europesays.com\/de\/wp-json\/wp\/v2\/categories?post=506542"},{"taxonomy":"post_tag","embeddable":true,"href":"https:\/\/www.europesays.com\/de\/wp-json\/wp\/v2\/tags?post=506542"}],"curies":[{"name":"wp","href":"https:\/\/api.w.org\/{rel}","templated":true}]}}