{"id":506555,"date":"2025-10-17T19:26:11","date_gmt":"2025-10-17T19:26:11","guid":{"rendered":"https:\/\/www.europesays.com\/de\/506555\/"},"modified":"2025-10-17T19:26:11","modified_gmt":"2025-10-17T19:26:11","slug":"pol-ac-grosser-polizei-und-zolleinsatz-in-der-deutsch-niederlaendisch-belgischen","status":"publish","type":"post","link":"https:\/\/www.europesays.com\/de\/506555\/","title":{"rendered":"POL-AC: Gro\u00dfer Polizei- und Zolleinsatz in der deutsch-niederl\u00e4ndisch-belgischen &#8230;"},"content":{"rendered":"<p class=\"date\">17.10.2025 \u2013 21:12<\/p>\n<p class=\"customer\">\n                        <a class=\"story-customer\" title=\"weiter zum newsroom von Polizei Aachen\" href=\"https:\/\/www.presseportal.de\/blaulicht\/nr\/11559\" rel=\"nofollow noopener\" target=\"_blank\">Polizei Aachen<\/a>\n                    <\/p>\n<p><a data-category=\"citylink-story-view\" data-action=\"click\" data-label=\"Citylink in Meldungsansicht\" class=\"story-city event-trigger\" href=\"https:\/\/www.presseportal.de\/regional\/Aachen%20%252F%20Euregio%20Maas%20Rhein\" title=\"News aus Aachen \/ Euregio Maas Rhein \" rel=\"nofollow noopener\" target=\"_blank\">Aachen \/ Euregio Maas Rhein<\/a> (ots)<\/p>\n<p>Am 17. Oktober 2025 fanden bis in die Abendstunden umfangreiche Kontrollma\u00dfnahmen in Bereichen der deutsch-niederl\u00e4ndisch-belgischen Grenze statt. Beteiligt waren gut 400 Einsatzkr\u00e4fte aus den drei L\u00e4ndern. Auf niederl\u00e4ndischer Seite die Politie Limburg und die Koninklijke Marechaussee, auf deutscher Seite die Bundespolizei, die Polizeipr\u00e4sidien Aachen und K\u00f6ln, die Polizei der Kreise Heinsberg, D\u00fcren und Euskirchen und der Zoll Aachen. Auf belgischer Seite waren die F\u00f6derale Polizei Eupen, die Polizeizonen Eifel und Weser-G\u00f6hl, die Autobahnpolizei L\u00fcttich, die Eisenbahnpolizei und der Zoll Eupen an den Einsatzma\u00dfnahmen beteiligt. Unterst\u00fctzt wurden die Einsatzkr\u00e4fte durch die europ\u00e4ische Arbeitsbeh\u00f6rde &#8222;European Labour Authority&#8220; (ELA). Die ELA kontrolliert grenz\u00fcberschreitend die Einhaltung von Arbeits- und Sozialrechten von LKW- und Busfahrern.<\/p>\n<p>Ziel der grenz\u00fcberschreitend durchgef\u00fchrten Polizeikontrollen ist die Bek\u00e4mpfung von Alkohol- und Bet\u00e4ubungsmitteldelikten im Stra\u00dfenverkehr und die Kriminalit\u00e4tsbek\u00e4mpfung mit den Schwerpunkten Wohnungseinbruch, BtM-Delikte und illegale Einreise bzw. Einschleusung. Zus\u00e4tzlich fanden Kontrollen des G\u00fcterverkehrs statt. Der Schwerpunkt war der Grenz\u00fcbergang Lichtenbusch &#8211; zus\u00e4tzlich wurden an gut 15 weiteren \u00d6rtlichkeiten im Bereich der gesamten EMR kontrolliert.<\/p>\n<p>Insgesamt wurden 1987 Fahrzeuge und 1517 Personen kontrolliert. Es wurden 31 Strafanzeigen erfasst, davon acht wegen Verst\u00f6\u00dfe gegen das Bet\u00e4ubungsmittelgesetz und zehn wegen ausl\u00e4nderrechtlicher Verst\u00f6\u00dfe. In 20 F\u00e4llen wurden Fahrzeugf\u00fchrer unter dem Einfluss von Alkohol oder Bet\u00e4ubungsmitteln angetroffen &#8211; es wurden 17 Blutproben angeordnet. Drei Personen wurden wegen offener Haftbefehle festgenommen und es kam zu f\u00fcnf Sicherstellungen. In 113 F\u00e4llen wurden Ordnungswidrigkeitsanzeigen erstattet.<\/p>\n<p>Kriminalit\u00e4t macht an Landesgrenzen nicht Halt. Im Gegenteil: Straft\u00e4ter nutzen die Besonderheit der Grenzen in der Region f\u00fcr Ihre Taten. Deshalb ist es f\u00fcr die Beh\u00f6rden unerl\u00e4sslich, grenz\u00fcberschreitend zusammenzuarbeiten und so die Sicherheit der rund vier Millionen Einwohnerinnen und Einwohner der Euregio Maas-Rhein zu verbessern. Die beteiligten Beh\u00f6rden organisieren sich in der Niederl\u00e4ndisch-Belgisch-Deutschen-Arbeitsgemeinschaft der Polizei (NeBeDeAgPol). (th)<\/p>\n<p class=\"contact-headline\">R\u00fcckfragen bitte an:<\/p>\n<p class=\"contact-text\">Polizei Aachen<br \/>Pressestelle<\/p>\n<p>Telefon: 0241 \/ 9577 &#8211; 21211<br \/>E-Mail: <a href=\"https:\/\/www.presseportal.de\/blaulicht\/pm\/11559\/mailto: Pressestelle.Aachen@polizei.nrw.de\" class=\"uri-mailto\" rel=\"nofollow noopener\" target=\"_blank\"> Pressestelle.Aachen@polizei.nrw.de<\/a><\/p>\n<p class=\"originator\">Original-Content von: Polizei Aachen, \u00fcbermittelt durch news aktuell<\/p>\n","protected":false},"excerpt":{"rendered":"17.10.2025 \u2013 21:12 Polizei Aachen Aachen \/ Euregio Maas Rhein (ots) Am 17. Oktober 2025 fanden bis in&hellip;\n","protected":false},"author":2,"featured_media":386213,"comment_status":"","ping_status":"","sticky":false,"template":"","format":"standard","meta":{"footnotes":""},"categories":[1853],"tags":[1424,3364,29,548,663,3934,30,13,177,14,15,1209,176,121,178,180,179,181,12],"class_list":{"0":"post-506555","1":"post","2":"type-post","3":"status-publish","4":"format-standard","5":"has-post-thumbnail","7":"category-aachen","8":"tag-aachen","9":"tag-de","10":"tag-deutschland","11":"tag-eu","12":"tag-europa","13":"tag-europe","14":"tag-germany","15":"tag-headlines","16":"tag-kriminalitt","17":"tag-nachrichten","18":"tag-news","19":"tag-nordrhein-westfalen","20":"tag-nrw","21":"tag-polizei","22":"tag-presse","23":"tag-pressemeldung","24":"tag-pressemitteilung","25":"tag-pressemitteilungen","26":"tag-schlagzeilen"},"share_on_mastodon":{"url":"https:\/\/pubeurope.com\/@de\/115391154382242716","error":""},"_links":{"self":[{"href":"https:\/\/www.europesays.com\/de\/wp-json\/wp\/v2\/posts\/506555","targetHints":{"allow":["GET"]}}],"collection":[{"href":"https:\/\/www.europesays.com\/de\/wp-json\/wp\/v2\/posts"}],"about":[{"href":"https:\/\/www.europesays.com\/de\/wp-json\/wp\/v2\/types\/post"}],"author":[{"embeddable":true,"href":"https:\/\/www.europesays.com\/de\/wp-json\/wp\/v2\/users\/2"}],"replies":[{"embeddable":true,"href":"https:\/\/www.europesays.com\/de\/wp-json\/wp\/v2\/comments?post=506555"}],"version-history":[{"count":0,"href":"https:\/\/www.europesays.com\/de\/wp-json\/wp\/v2\/posts\/506555\/revisions"}],"wp:featuredmedia":[{"embeddable":true,"href":"https:\/\/www.europesays.com\/de\/wp-json\/wp\/v2\/media\/386213"}],"wp:attachment":[{"href":"https:\/\/www.europesays.com\/de\/wp-json\/wp\/v2\/media?parent=506555"}],"wp:term":[{"taxonomy":"category","embeddable":true,"href":"https:\/\/www.europesays.com\/de\/wp-json\/wp\/v2\/categories?post=506555"},{"taxonomy":"post_tag","embeddable":true,"href":"https:\/\/www.europesays.com\/de\/wp-json\/wp\/v2\/tags?post=506555"}],"curies":[{"name":"wp","href":"https:\/\/api.w.org\/{rel}","templated":true}]}}