{"id":506623,"date":"2025-10-17T20:07:17","date_gmt":"2025-10-17T20:07:17","guid":{"rendered":"https:\/\/www.europesays.com\/de\/506623\/"},"modified":"2025-10-17T20:07:17","modified_gmt":"2025-10-17T20:07:17","slug":"raumfahrt-im-kaufhaus-neue-ausstellung-in-bremen-niedersachsen","status":"publish","type":"post","link":"https:\/\/www.europesays.com\/de\/506623\/","title":{"rendered":"Raumfahrt im Kaufhaus &#8211; Neue Ausstellung in Bremen | Niedersachsen"},"content":{"rendered":"<p id=\"absatz1\" class=\"em_text\">Ready to take off? Eine interaktive Ausstellung in Bremen soll Besucherinnen und Besucher die Raumfahrt n\u00e4herbringen. \u00abJeder Mensch ist in jeder Sekunde von der Raumfahrt abh\u00e4ngig\u00bb, betonte Bremens Wirtschaftssenatorin Kristina Vogt (Linke) bei der Er\u00f6ffnung. Ohne Raumfahrt w\u00fcrden weder Ampeln noch Zahlungsverkehr funktionieren, auch Wirtschaft und Sicherheit w\u00e4ren ohne Raumfahrt undenkbar.<\/p>\n<p id=\"absatz2\" class=\"em_text\">Anlass der Ausstellung sind gleich zwei Ereignisse im November in Bremen: die Space Tech Expo, Europas gr\u00f6\u00dfte Fachmesse f\u00fcr Raumfahrttechnik und -technologie, und die Ministerratskonferenz der Europ\u00e4ischen Weltraumorganisation (ESA). Dort treffen sich internationale Expertinnen und Experten aus Politik und Wirtschaft, um \u00fcber die Zukunft der Raumfahrt in Europa zu sprechen. \u00abDas ist der Auftakt in den Raumfahrt-Herbst\u00bb, sagte Marco Fuchs, Vizepr\u00e4sident des Bundesverbands der Deutschen Luft- und Raumfahrtindustrie (BDLI) und Chef des Bremer Raumfahrtunternehmens OHB.<\/p>\n<p><a class=\"link-img\" href=\"https:\/\/www.mt.de\/_em_daten\/_cache\/image\/1xSkZrbm5qenlidjRuZ05UTUhWYjVSdk5NZFNxZko0WjJwNlE2RThkMXZOaUE1TE1JakI4TUluTm43c2ZLWjdQVkFQVFhlSi81RTJheklkZ3AwbDc4Unl0Y015MFFXYzZWYVZRblhra1NRT3hacUY5TVc3MHFVVE9DMUtydFUwR1Q\/251017-1341-urn-newsml-dpa-com-20090101-251017-935-897756.webp\" data-fancybox=\"images\" data-caption=\"In der Ausstellung sind verschiedene Modelle zu sehen. - \u00a9 Sina Schuldt\/dpa\" target=\"_blank\" rel=\"noopener\"><br \/>\n<img decoding=\"async\"  src=\"https:\/\/www.europesays.com\/de\/wp-content\/uploads\/2025\/10\/251017-1341-urn-newsml-dpa-com-20090101-251017-935-897756.webp.webp\" loading=\"lazy\" width=\"1000\" alt=\"In der Ausstellung sind verschiedene Modelle zu sehen. - \u00a9 Sina Schuldt\/dpa\"\/><\/p>\n<p><\/a><\/p>\n<p>In der Ausstellung sind verschiedene Modelle zu sehen. &#8211; \u00a9 Sina Schuldt\/dpa<\/p>\n<p id=\"absatz5\" class=\"em_text\">Die Ausstellung \u00abSpace Hub\u00bb ist bis Ende November im ehemaligen Kaufhof-Geb\u00e4ude zu sehen. Interessierte k\u00f6nnen sich kostenlos verschiedene Modelle von Satelliten anschauen, ein sieben Meter hohes Modell der Ariane-6-Rakete bestaunen und mit Menschen aus der Raumfahrt ins Gespr\u00e4ch kommen.<\/p>\n<p><a class=\"link-img\" href=\"https:\/\/www.mt.de\/_em_daten\/_cache\/image\/1xRG40QnZPblJGUERFT2htK3BoVmI1aXhJaFl1SFFLUWxoZEd6RFlhYkVSRFhHSVRZaVdyKzZhZ0pKb0lCNUo2MXlvajAvYkdZM0k5ZXpMZi9PYnhna1dMZFI3SkRINEhNOVoyNUtMRmpoTkYxdWUweWVnYStkUXlOVHlRbVlRVFE\/251017-1341-urn-newsml-dpa-com-20090101-251017-935-897759.webp\" data-fancybox=\"images\" data-caption=\"Wirtschaftssenatorin Kristina Vogt (Linke) unterstreicht die Bedeutung der Raumfahrt. - \u00a9 Sina Schuldt\/dpa\" target=\"_blank\" rel=\"noopener\"><br \/>\n<img decoding=\"async\"  src=\"https:\/\/www.europesays.com\/de\/wp-content\/uploads\/2025\/10\/251017-1341-urn-newsml-dpa-com-20090101-251017-935-897759.webp.webp\" loading=\"lazy\" width=\"1000\" alt=\"Wirtschaftssenatorin Kristina Vogt (Linke) unterstreicht die Bedeutung der Raumfahrt. - \u00a9 Sina Schuldt\/dpa\"\/><\/p>\n<p><\/a><\/p>\n<p>Wirtschaftssenatorin Kristina Vogt (Linke) unterstreicht die Bedeutung der Raumfahrt. &#8211; \u00a9 Sina Schuldt\/dpa<\/p>\n<p><a class=\"link-img\" href=\"https:\/\/www.mt.de\/_em_daten\/_cache\/image\/1xRG40QnZPblJGUERFT2htK3BoVmI1aXhJaFl1SFFLUWxoZEd6RFlhYkVSRFhHSVRZaVdyKzZhZ0pKb0lCNUo2MXlvajAvYkdZM0k5ZXpMZi9PYnhna1cra0srVXQybHdDWU9ucUxoaEU4M1RNZWZjRVN3UlZHNzFaRi9sSVc3d28\/251017-1341-urn-newsml-dpa-com-20090101-251017-935-897762.webp\" data-fancybox=\"images\" data-caption=\"Marco Fuchs spricht \u00fcber die anstehenden Veranstaltungen der Branche in Bremen. - \u00a9 Sina Schuldt\/dpa\" target=\"_blank\" rel=\"noopener\"><br \/>\n<img decoding=\"async\"  src=\"https:\/\/www.europesays.com\/de\/wp-content\/uploads\/2025\/10\/251017-1341-urn-newsml-dpa-com-20090101-251017-935-897762.webp.webp\" loading=\"lazy\" width=\"1000\" alt=\"Marco Fuchs spricht \u00fcber die anstehenden Veranstaltungen der Branche in Bremen. - \u00a9 Sina Schuldt\/dpa\"\/><\/p>\n<p><\/a><\/p>\n<p>Marco Fuchs spricht \u00fcber die anstehenden Veranstaltungen der Branche in Bremen. &#8211; \u00a9 Sina Schuldt\/dpa<\/p>\n","protected":false},"excerpt":{"rendered":"Ready to take off? Eine interaktive Ausstellung in Bremen soll Besucherinnen und Besucher die Raumfahrt n\u00e4herbringen. \u00abJeder Mensch&hellip;\n","protected":false},"author":2,"featured_media":506624,"comment_status":"","ping_status":"","sticky":false,"template":"","format":"standard","meta":{"footnotes":""},"categories":[1824],"tags":[2420,3364,29,427,663,30,84609,74191,126434],"class_list":{"0":"post-506623","1":"post","2":"type-post","3":"status-publish","4":"format-standard","5":"has-post-thumbnail","7":"category-bremen","8":"tag-bremen","9":"tag-de","10":"tag-deutschland","11":"tag-esa","12":"tag-europa","13":"tag-germany","14":"tag-kaufhaus","15":"tag-kristina-vogt","16":"tag-satellitenmodell"},"share_on_mastodon":{"url":"https:\/\/pubeurope.com\/@de\/115391316448628090","error":""},"_links":{"self":[{"href":"https:\/\/www.europesays.com\/de\/wp-json\/wp\/v2\/posts\/506623","targetHints":{"allow":["GET"]}}],"collection":[{"href":"https:\/\/www.europesays.com\/de\/wp-json\/wp\/v2\/posts"}],"about":[{"href":"https:\/\/www.europesays.com\/de\/wp-json\/wp\/v2\/types\/post"}],"author":[{"embeddable":true,"href":"https:\/\/www.europesays.com\/de\/wp-json\/wp\/v2\/users\/2"}],"replies":[{"embeddable":true,"href":"https:\/\/www.europesays.com\/de\/wp-json\/wp\/v2\/comments?post=506623"}],"version-history":[{"count":0,"href":"https:\/\/www.europesays.com\/de\/wp-json\/wp\/v2\/posts\/506623\/revisions"}],"wp:featuredmedia":[{"embeddable":true,"href":"https:\/\/www.europesays.com\/de\/wp-json\/wp\/v2\/media\/506624"}],"wp:attachment":[{"href":"https:\/\/www.europesays.com\/de\/wp-json\/wp\/v2\/media?parent=506623"}],"wp:term":[{"taxonomy":"category","embeddable":true,"href":"https:\/\/www.europesays.com\/de\/wp-json\/wp\/v2\/categories?post=506623"},{"taxonomy":"post_tag","embeddable":true,"href":"https:\/\/www.europesays.com\/de\/wp-json\/wp\/v2\/tags?post=506623"}],"curies":[{"name":"wp","href":"https:\/\/api.w.org\/{rel}","templated":true}]}}