{"id":506625,"date":"2025-10-17T20:08:44","date_gmt":"2025-10-17T20:08:44","guid":{"rendered":"https:\/\/www.europesays.com\/de\/506625\/"},"modified":"2025-10-17T20:08:44","modified_gmt":"2025-10-17T20:08:44","slug":"pol-lzpd-no-signal-ist-keine-option-blaulicht-tag-in-essen-zeigt-warum-polizei","status":"publish","type":"post","link":"https:\/\/www.europesays.com\/de\/506625\/","title":{"rendered":"POL-LZPD: &#8222;No Signal&#8220; ist keine Option &#8211; Blaulicht-Tag in Essen zeigt, warum Polizei &#8230;"},"content":{"rendered":"<p class=\"date\">17.10.2025 \u2013 10:37<\/p>\n<p class=\"customer\">\n                        <a class=\"story-customer\" title=\"weiter zum newsroom von Landesamt f\u00fcr Zentrale Polizeiliche Dienste NRW\" href=\"https:\/\/www.presseportal.de\/blaulicht\/nr\/67238\" rel=\"nofollow noopener\" target=\"_blank\">Landesamt f\u00fcr Zentrale Polizeiliche Dienste NRW<\/a>\n                    <\/p>\n<p><a class=\"glightbox-pseudo event-trigger\" href=\"https:\/\/cache.pressmailing.net\/thumbnail\/story_hires\/121476ee-ce38-4f46-91ba-b69afd25b5d9\/BOS-Tag-0005.jpeg.jpg\" data-description=\"Vertreterinnen und Vertreter von Bund, L\u00e4ndern und Blaulichtorganisationen beim Austausch \u00fcber die Zukunft sicherer Einsatzkommunikation: (v.li.) Christian Kromberg (Beigeordneter der Stadt Essen), Stephan Manke (Staatssekret\u00e4r des Innern, Niedersachsen), Sandro Kirchner (Staatssekret\u00e4r des Innern, Bayern), Dr. Daniela Lesmeister (Staatssekret\u00e4rin des Innern, NRW), Am\u00e9lie \u015eahin (Staatskanzlei Rheinland-Pfalz), Oberst Lars Ebinger (Bundeswehr), Herbert Reul (Innenminister NRW), Frank Buddrus (Vizepr\u00e4sident der BDBOS).\" data-category=\"medialightbox\" data-action=\"click\" data-label=\"single\" data-value=\"68f20041270000fd2cbcb594\" rel=\"nofollow noopener\" target=\"_blank\"><img decoding=\"async\" height=\"540\" with=\"720\" src=\"https:\/\/www.europesays.com\/de\/wp-content\/uploads\/2025\/10\/pol-lzpd-no-signal-ist-keine-option-blaulicht-tag-in-essen-zeigt-warum-polizei-und-feuerwehr-breitba.jpeg\"   alt=\"POL-LZPD: &quot;No Signal&quot; ist keine Option - Blaulicht-Tag in Essen zeigt, warum Polizei und Feuerwehr Breitband brauchen\" class=\"single\"\/><\/a><\/p>\n<p><a data-category=\"citylink-story-view\" data-action=\"click\" data-label=\"Citylink in Meldungsansicht\" class=\"story-city event-trigger\" href=\"https:\/\/www.presseportal.de\/regional\/Duisburg%20%252F%20Essen\" title=\"News aus Duisburg \/ Essen \" rel=\"nofollow noopener\" target=\"_blank\">Duisburg \/ Essen<\/a> (ots)<\/p>\n<p> Wenn alle Netze ausfallen, muss der Funk halten: Feuerwehr, Rettungsdienste und Polizei brauchen ein eigenes, krisenfestes Breitbandnetz &#8211; das war die klare Botschaft des Blaulicht-Tags in Essen. <\/p>\n<p> Wenn bei Hochwasser, Gro\u00dfbrand oder Stromausfall die Netze zusammenbrechen, m\u00fcssen Polizei, Feuerwehr und Rettungsdienste trotzdem kommunizieren k\u00f6nnen. Genau darum ging es beim Blaulicht-Tag am 15. Oktober auf dem Gel\u00e4nde der Feuerwehr Essen. Unter dem Motto &#8222;Digitalfunk BOS braucht resilientes Breitband&#8220; diskutierten auf Einladung von Innenstaatssekret\u00e4rin Dr. Daniela Lesmeister im Beisein Ihrer Amtskollegen Sandro Kirchner (Bayern) und Stephan Manke (Niedersachsen), Vertreterinnen und Vertreter verschiedener Fachressorts aus Bund und L\u00e4ndern, wie die Einsatzkommunikation der Zukunft aussehen muss &#8211; und warum der Staat daf\u00fcr eigene Frequenzen braucht. <\/p>\n<p> Auch NRW-Innenminister Herbert Reul nahm an der Veranstaltung teil. Eingeladen waren unter anderem Vertreter des Verteidigungsressorts und der Bundeswehr, der Rundfunkressorts, des Beauftragten der Bundesregierung f\u00fcr Kultur und Medien, des Bundesdigitalministeriums und der Bundesnetzagentur sowie der Bundesanstalt f\u00fcr den Digitalfunk der Beh\u00f6rden und Organisationen mit Sicherheitsaufgaben. <\/p>\n<p> &#8222;Funk muss funktionieren &#8211; immer und \u00fcberall. Wenn Menschenleben in Gefahr sind, darf kein Netz schlappmachen. Polizei, Feuerwehr und Rettungsdienste brauchen Technik, die h\u00e4lt, was sie verspricht&#8220;, betont Minister Herbert Reul. <\/p>\n<p> BOS steht f\u00fcr Beh\u00f6rden und Organisationen mit Sicherheitsaufgaben &#8211; also die gesamte &#8222;Blaulichtfamilie&#8220; von Polizei, Feuerwehr, Rettungsdienst, Katastrophenschutz, THW, Zoll und Bundeswehr und anderen. <\/p>\n<p> &#8222;Kommunikation ist das A und O jedes Einsatzes &#8211; ohne Kommunikation kein Einsatz&#8220;, sagte Staatssekret\u00e4rin Dr. Daniela Lesmeister. &#8222;Unsere Einsatzkr\u00e4fte d\u00fcrfen kein &#8218;No Signal&#8216; erleben, wenn es um Menschenleben geht.&#8220; <\/p>\n<p> Der bisherige Digitalfunk basiert auf dem europ\u00e4ischen Standard TETRA und funktioniert zuverl\u00e4ssig f\u00fcr Sprache und Kurzdaten &#8211; doch f\u00fcr moderne Einsatzkommunikation reicht das nicht mehr. K\u00fcnftig m\u00fcssen Einsatzkr\u00e4fte Lagekarten, Drohnenbilder oder Vitaldaten in Echtzeit \u00fcbertragen k\u00f6nnen. &#8222;Breitband ist keine Option, sondern eine Notwendigkeit&#8220;, betonte Lesmeister. <\/p>\n<p> Damit das gelingt, braucht es ein eigenbeherrschtes, krisenfestes Netz auf UHF-Frequenzen zwischen 470 und 694 Megahertz. Dieses Spektrum bietet gro\u00dfe Reichweite, gute Geb\u00e4udedurchdringung und ist im oberen Bereich international f\u00fcr Breitbandtechnik standardisiert. <\/p>\n<p> &#8222;Wenn wir die Frequenzen nicht bekommen, verlieren wir die Hoheit \u00fcber unsere Kommunikation &#8211; das w\u00e4re fatal&#8220;, warnte Lesmeister. <\/p>\n<p> Wie wichtig Stromausfallsicherheit ist, zeigte ein aktuelles Beispiel aus Berlin: Nach dem anschlagsbedingten Stromausfall im September blieben rund 50.000 Haushalte ohne Strom, Handynetze fielen aus &#8211; der Digitalfunk BOS blieb stabil, die Basisstation in dem betroffenen Bereich wurde die ganze Zeit \u00fcber mit Notstrom versorgt. <\/p>\n<p> Auf dem Gel\u00e4nde der Feuerwehr Essen zeigten Polizei, Feuerwehr, Rettungsdienste, THW und Bundeswehr an mehreren Stationen, was der Digitalfunk BOS bereits und Breitband k\u00fcnftig leisten kann &#8211; vom Telenotarzt-System bis zur Lagekarte in Echtzeit. <\/p>\n<p> Kontakt <\/p>\n<p> Ministerium des Innern des Landes Nordrhein-Westfalen Referat 402 &#8211; Koordinierende Stelle Digitalfunk BOS  <a target=\"_blank\" class=\"uri-ext outbound\" rel=\"noopener nofollow\" href=\"https:\/\/www.presseportal.de\/blaulicht\/pm\/67238\/mailto:DigitalfunkNRW@im.nrw.de\">DigitalfunkNRW@im.nrw.de<\/a> <\/p>\n<p class=\"contact-headline\">R\u00fcckfragen bitte an:<\/p>\n<p class=\"contact-text\">Landesamt f\u00fcr Zentrale Polizeiliche Dienste NRW<br \/>Pressestelle LZPD NRW<br \/>Telefon: 0203 4175 81444<br \/>E-Mail: <a href=\"https:\/\/www.presseportal.de\/blaulicht\/pm\/67238\/mailto: pressestelle.lzpd@polizei.nrw.de\" class=\"uri-mailto\" rel=\"nofollow noopener\" target=\"_blank\"> pressestelle.lzpd@polizei.nrw.de<\/a><br \/><a target=\"_blank\" class=\"uri-ext outbound\" rel=\"noopener nofollow\" href=\"https:\/\/lzpd.polizei.nrw\">https:\/\/lzpd.polizei.nrw<\/a><\/p>\n<p class=\"originator\">Original-Content von: Landesamt f\u00fcr Zentrale Polizeiliche Dienste NRW, \u00fcbermittelt durch news aktuell<\/p>\n","protected":false},"excerpt":{"rendered":"17.10.2025 \u2013 10:37 Landesamt f\u00fcr Zentrale Polizeiliche Dienste NRW Duisburg \/ Essen (ots) Wenn alle Netze ausfallen, muss&hellip;\n","protected":false},"author":2,"featured_media":506626,"comment_status":"","ping_status":"","sticky":false,"template":"","format":"standard","meta":{"footnotes":""},"categories":[1834],"tags":[3364,29,3688,30,177,1209,176,121,178,180,179,181],"class_list":{"0":"post-506625","1":"post","2":"type-post","3":"status-publish","4":"format-standard","5":"has-post-thumbnail","7":"category-essen","8":"tag-de","9":"tag-deutschland","10":"tag-essen","11":"tag-germany","12":"tag-kriminalitt","13":"tag-nordrhein-westfalen","14":"tag-nrw","15":"tag-polizei","16":"tag-presse","17":"tag-pressemeldung","18":"tag-pressemitteilung","19":"tag-pressemitteilungen"},"share_on_mastodon":{"url":"https:\/\/pubeurope.com\/@de\/115391319678002916","error":""},"_links":{"self":[{"href":"https:\/\/www.europesays.com\/de\/wp-json\/wp\/v2\/posts\/506625","targetHints":{"allow":["GET"]}}],"collection":[{"href":"https:\/\/www.europesays.com\/de\/wp-json\/wp\/v2\/posts"}],"about":[{"href":"https:\/\/www.europesays.com\/de\/wp-json\/wp\/v2\/types\/post"}],"author":[{"embeddable":true,"href":"https:\/\/www.europesays.com\/de\/wp-json\/wp\/v2\/users\/2"}],"replies":[{"embeddable":true,"href":"https:\/\/www.europesays.com\/de\/wp-json\/wp\/v2\/comments?post=506625"}],"version-history":[{"count":0,"href":"https:\/\/www.europesays.com\/de\/wp-json\/wp\/v2\/posts\/506625\/revisions"}],"wp:featuredmedia":[{"embeddable":true,"href":"https:\/\/www.europesays.com\/de\/wp-json\/wp\/v2\/media\/506626"}],"wp:attachment":[{"href":"https:\/\/www.europesays.com\/de\/wp-json\/wp\/v2\/media?parent=506625"}],"wp:term":[{"taxonomy":"category","embeddable":true,"href":"https:\/\/www.europesays.com\/de\/wp-json\/wp\/v2\/categories?post=506625"},{"taxonomy":"post_tag","embeddable":true,"href":"https:\/\/www.europesays.com\/de\/wp-json\/wp\/v2\/tags?post=506625"}],"curies":[{"name":"wp","href":"https:\/\/api.w.org\/{rel}","templated":true}]}}