{"id":50664,"date":"2025-04-21T23:13:09","date_gmt":"2025-04-21T23:13:09","guid":{"rendered":"https:\/\/www.europesays.com\/de\/50664\/"},"modified":"2025-04-21T23:13:09","modified_gmt":"2025-04-21T23:13:09","slug":"grossbrand-riesiger-schrottberg-geht-in-flammen-auf","status":"publish","type":"post","link":"https:\/\/www.europesays.com\/de\/50664\/","title":{"rendered":"Gro\u00dfbrand: Riesiger Schrottberg geht in Flammen auf"},"content":{"rendered":"<p class=\"paragraph article__item\">Die <a class=\"rtr-entity\" href=\"https:\/\/www.zeit.de\/thema\/feuerwehr\" target=\"_blank\" rel=\"noopener\">Feuerwehr<\/a> hat den Brand eines Essener Schrottberges, der etwa 10.000 Quadratmeter gro\u00df und bis zu 15 Meter hoch ist, nach einem langwierigen Einsatz unter Kontrolle gebracht. \u00abDie Ma\u00dfnahmen haben Wirkung gezeigt: Durch das Freischaufeln mit Baggern konnten wir den brennenden Abschnitt isolieren und mittels drei Drehleitern und einem Gro\u00dftank-L\u00f6schfahrzeug abl\u00f6schen\u00bb, sagte ein Feuerwehr-Sprecher am Montagabend in Essen. Der Brand sei \u00fcberwiegend gel\u00f6scht, nun k\u00fcmmere man sich noch um kleinere Glutnester.\u00a0\n<\/p>\n<p>Aktuelles<\/p>\n<p>                <a href=\"https:\/\/www.zeit.de\/gesellschaft\/zeitgeschehen\/2025-03\/suedkorea-waldbrand-tote-hahoe-andong\" data-ct-label=\"S\u00fcdkorea: Tote und Verletzte bei Waldbr\u00e4nden in S\u00fcdkorea\" target=\"_blank\" rel=\"noopener\"><\/p>\n<p>                        S\u00fcdkorea:<br \/>\n                        Tote und Verletzte bei Waldbr\u00e4nden in S\u00fcdkorea<\/p>\n<p>                <\/a><\/p>\n<p>                <a href=\"https:\/\/www.zeit.de\/hamburg\/2025-03\/anna-depenbusch-musik-hamburg-brand-feuerwehr-wohnung\" data-ct-label=\"Anna Depenbusch: &quot;In dieser Sekunde dachte ich: Okay, das war&#039;s jetzt&quot;\" target=\"_blank\" rel=\"noopener\"><\/p>\n<p>        Z+ (abopflichtiger Inhalt);<\/p>\n<p>    Anna Depenbusch:<br \/>\n                        &#8222;In dieser Sekunde dachte ich: Okay, das war&#8217;s jetzt&#8220;<\/p>\n<p>                <\/a><\/p>\n<p>                <a href=\"https:\/\/www.zeit.de\/politik\/ausland\/2025-04\/pennsylvania-gouverneurs-residenz-brandstiftung\" data-ct-label=\"Pennsylvania: US-Polizei geht nach Feuer im Gouverneurssitz von Brandanschlag aus\" target=\"_blank\" rel=\"noopener\"><\/p>\n<p>                        Pennsylvania:<br \/>\n                        US-Polizei geht nach Feuer im Gouverneurssitz von Brandanschlag aus<\/p>\n<p>                <\/a><\/p>\n<p class=\"paragraph article__item\">Der Brand war um kurz nach Mitternacht gemeldet worden, woraufhin der Gro\u00dfeinsatz mit zeitweilig mehr als 60 Einsatzkr\u00e4ften begann und fast den kompletten Montag andauerte. Auf dem Wertstoff- und Recyclinghof hatte Metallschrott Feuer gefangen.\n<\/p>\n<p class=\"paragraph article__item\">Die Brandursache war dem Feuerwehr-Sprecher zufolge zun\u00e4chst unklar. Die Anwohner, die in unmittelbarer Nachbarschaft wohnen, wurden angehalten, ihre Fenster nicht zu \u00f6ffnen. Das Landesumweltamt f\u00fchrte Schadstoffmessungen durch. Die Polizei sperrte angrenzende Stra\u00dfen ab.\n<\/p>\n<p class=\"paragraph article__item\">\u00a9 dpa-infocom, dpa:250421-930-454212\/4<\/p>\n","protected":false},"excerpt":{"rendered":"Die Feuerwehr hat den Brand eines Essener Schrottberges, der etwa 10.000 Quadratmeter gro\u00df und bis zu 15 Meter&hellip;\n","protected":false},"author":2,"featured_media":50665,"comment_status":"","ping_status":"","sticky":false,"template":"","format":"standard","meta":{"footnotes":""},"categories":[1834],"tags":[3364,29,3688,985,30,19908,3786,24301,15,1209,24300],"class_list":{"0":"post-50664","1":"post","2":"type-post","3":"status-publish","4":"format-standard","5":"has-post-thumbnail","7":"category-essen","8":"tag-de","9":"tag-deutschland","10":"tag-essen","11":"tag-feuerwehr","12":"tag-germany","13":"tag-grossbrand","14":"tag-grosseinsatz","15":"tag-grundflaeche","16":"tag-news","17":"tag-nordrhein-westfalen","18":"tag-schrottberg"},"share_on_mastodon":{"url":"https:\/\/pubeurope.com\/@de\/114378493350593975","error":""},"_links":{"self":[{"href":"https:\/\/www.europesays.com\/de\/wp-json\/wp\/v2\/posts\/50664","targetHints":{"allow":["GET"]}}],"collection":[{"href":"https:\/\/www.europesays.com\/de\/wp-json\/wp\/v2\/posts"}],"about":[{"href":"https:\/\/www.europesays.com\/de\/wp-json\/wp\/v2\/types\/post"}],"author":[{"embeddable":true,"href":"https:\/\/www.europesays.com\/de\/wp-json\/wp\/v2\/users\/2"}],"replies":[{"embeddable":true,"href":"https:\/\/www.europesays.com\/de\/wp-json\/wp\/v2\/comments?post=50664"}],"version-history":[{"count":0,"href":"https:\/\/www.europesays.com\/de\/wp-json\/wp\/v2\/posts\/50664\/revisions"}],"wp:featuredmedia":[{"embeddable":true,"href":"https:\/\/www.europesays.com\/de\/wp-json\/wp\/v2\/media\/50665"}],"wp:attachment":[{"href":"https:\/\/www.europesays.com\/de\/wp-json\/wp\/v2\/media?parent=50664"}],"wp:term":[{"taxonomy":"category","embeddable":true,"href":"https:\/\/www.europesays.com\/de\/wp-json\/wp\/v2\/categories?post=50664"},{"taxonomy":"post_tag","embeddable":true,"href":"https:\/\/www.europesays.com\/de\/wp-json\/wp\/v2\/tags?post=50664"}],"curies":[{"name":"wp","href":"https:\/\/api.w.org\/{rel}","templated":true}]}}