{"id":506647,"date":"2025-10-17T20:21:13","date_gmt":"2025-10-17T20:21:13","guid":{"rendered":"https:\/\/www.europesays.com\/de\/506647\/"},"modified":"2025-10-17T20:21:13","modified_gmt":"2025-10-17T20:21:13","slug":"fc-schalke-04-ii-sc-fortuna-koeln-schalke-ii-haelt-die-distanz-auf-fortuna-koeln-regionalliga-west","status":"publish","type":"post","link":"https:\/\/www.europesays.com\/de\/506647\/","title":{"rendered":"FC Schalke 04 II &#8211; SC Fortuna K\u00f6ln: Schalke II h\u00e4lt die Distanz auf Fortuna K\u00f6ln &#8211; Regionalliga West"},"content":{"rendered":"<p>Am Freitag trennten sich die Reserve von Schalke und Fortuna K\u00f6ln unentschieden mit 0:0. Vor dem Spiel war kein Favorit auszumachen und das spiegelte sich auch im Ergebnis wider.<\/p>\n<p class=\"is-first-paragraph\" data-external=\"Article.FirstParagraph\">Im ersten Durchgang tasteten sich die beiden Mannschaften lediglich ab, Tore gab es nicht zu verzeichnen. Wenig sp\u00e4ter kamen Edion Gashi und Vincenzo Onofrietti per Doppelwechsel f\u00fcr Ingyom Jung und Ayman Emran Gulasi auf Seiten von S04 II ins Match (61.). Auch nach Wiederanpfiff tat sich nichts Entscheidendes auf dem Feld, sodass es schlussendlich hie\u00df: Tore Fehlanzeige!<\/p>\n<p>Die Verteidigung des FC Schalke 04 II wusste bisher \u00fcberaus zu \u00fcberzeugen und wurde erst 13-mal bezwungen.<\/p>\n<p>An der Fortuna gab es kaum ein Vorbeikommen, sodass die Hintermannschaft erst zehnmal \u00fcberwunden wurde \u2013 bis dato der Bestwert der Regionalliga West.<\/p>\n<p>Mit diesem Unentschieden verpasste der SC Fortuna K\u00f6ln die Chance, an einem direkten Konkurrenten vorbeizuziehen. In der Tabelle stehen die G\u00e4ste damit auch unver\u00e4ndert auf Rang zwei. Nur einmal gab sich Fortuna K\u00f6ln bisher geschlagen. Schalke II weist in dieser Saison mittlerweile die stolze Bilanz von sieben Erfolgen, drei Punkteteilungen und zwei Niederlagen vor. Der Tabellenprimus ist nun seit vier Spielen, die Fortuna seit neun Partien unbesiegt.<\/p>\n<p>S04 II tritt am kommenden Samstag bei der SSVg Velbert an, der SC Fortuna K\u00f6ln empf\u00e4ngt am selben Tag die Zweitvertretung des 1. FC K\u00f6ln.<\/p>\n<p><b>Dieser Artikel wurde automatisch von unserem Partner Retresco anhand von Spieldaten erstellt.<\/b><\/p>\n<p>FUSSBALL.DE<\/p>\n","protected":false},"excerpt":{"rendered":"Am Freitag trennten sich die Reserve von Schalke und Fortuna K\u00f6ln unentschieden mit 0:0. Vor dem Spiel war&hellip;\n","protected":false},"author":2,"featured_media":498860,"comment_status":"","ping_status":"","sticky":false,"template":"","format":"standard","meta":{"footnotes":""},"categories":[1828],"tags":[29,30,1420,1209,3694],"class_list":{"0":"post-506647","1":"post","2":"type-post","3":"status-publish","4":"format-standard","5":"has-post-thumbnail","7":"category-koeln","8":"tag-deutschland","9":"tag-germany","10":"tag-koeln","11":"tag-nordrhein-westfalen","12":"tag-textengine"},"share_on_mastodon":{"url":"https:\/\/pubeurope.com\/@de\/115391371148306067","error":""},"_links":{"self":[{"href":"https:\/\/www.europesays.com\/de\/wp-json\/wp\/v2\/posts\/506647","targetHints":{"allow":["GET"]}}],"collection":[{"href":"https:\/\/www.europesays.com\/de\/wp-json\/wp\/v2\/posts"}],"about":[{"href":"https:\/\/www.europesays.com\/de\/wp-json\/wp\/v2\/types\/post"}],"author":[{"embeddable":true,"href":"https:\/\/www.europesays.com\/de\/wp-json\/wp\/v2\/users\/2"}],"replies":[{"embeddable":true,"href":"https:\/\/www.europesays.com\/de\/wp-json\/wp\/v2\/comments?post=506647"}],"version-history":[{"count":0,"href":"https:\/\/www.europesays.com\/de\/wp-json\/wp\/v2\/posts\/506647\/revisions"}],"wp:featuredmedia":[{"embeddable":true,"href":"https:\/\/www.europesays.com\/de\/wp-json\/wp\/v2\/media\/498860"}],"wp:attachment":[{"href":"https:\/\/www.europesays.com\/de\/wp-json\/wp\/v2\/media?parent=506647"}],"wp:term":[{"taxonomy":"category","embeddable":true,"href":"https:\/\/www.europesays.com\/de\/wp-json\/wp\/v2\/categories?post=506647"},{"taxonomy":"post_tag","embeddable":true,"href":"https:\/\/www.europesays.com\/de\/wp-json\/wp\/v2\/tags?post=506647"}],"curies":[{"name":"wp","href":"https:\/\/api.w.org\/{rel}","templated":true}]}}