{"id":506659,"date":"2025-10-17T20:28:20","date_gmt":"2025-10-17T20:28:20","guid":{"rendered":"https:\/\/www.europesays.com\/de\/506659\/"},"modified":"2025-10-17T20:28:20","modified_gmt":"2025-10-17T20:28:20","slug":"taste-twelve-berlin-2026-foodie-geschenk-in-rosa-gourmetwelten","status":"publish","type":"post","link":"https:\/\/www.europesays.com\/de\/506659\/","title":{"rendered":"Taste Twelve Berlin 2026: Foodie-Geschenk in Rosa &#8211; Gourmetwelten"},"content":{"rendered":"<p>\t\t\t\t\t\t17. Oktober 2025<\/p>\n<p>\n\t\t\t\t\t\tDer in diesem Jahr in kuscheligem Rosa gehaltene Taste Twelve Berlin-Restaurantf\u00fchrer listet erneut 12 handverlesene Empfehlungen. Und nicht nur das: Der zweite Hauptgang geht auf Haus. Das perfekte Weihnachtsgeschenk f\u00fcr Foodies wurde jetzt in der historischen Mampe-Manufaktur in Berlin vorgestellt.\n\t\t\t\t\t<\/p>\n<p class=\"bodytext\">Die Idee von <a href=\"https:\/\/tastetwelve.de\/?srsltid=AfmBOoqlp2LFJIhpMaZR-T-SxAQKSw0lAUpInuTEL6AGVHu7FAnxUOEZ\" target=\"_self\" rel=\"noopener\">Taste Twelve<\/a>? Jedes Jahr Feinschmecker zu inspirieren, eine Gourmetreise durch die eigene Stadt zu unternehmen. Nur handverlesene Restauranttipps plus Empfehlungen besonderer L\u00e4den und Manufakturen listet das Buch in den St\u00e4dten Berlin, Hamburg, K\u00f6ln, D\u00fcsseldorf, Stuttgart, M\u00fcnchen, Frankfurt, M und seit neuesten auch Mallora und D\u00fcsseldorf. Sie sind\u00a0ab sofort und bis Ende 2026 g\u00fcltig, der zweite Hauptgang ist kostenfrei bzw. das zweite Men\u00fc um 50% reduziert. In der historischen Mampe-Manufaktur fand jetzt die exklusive Buchpremiere des neuen Restaurantf\u00fchrers \u00bb<a href=\"https:\/\/tastetwelve.de\/products\/buch-berlin-2026\" target=\"_self\" rel=\"noopener\">Taste Twelve \u2013 Berlin 2026<\/a>\u00ab statt.<\/p>\n<p class=\"bodytext\">Anne Weidner-Tucholka, Gesch\u00e4ftsf\u00fchrerin von \u00bbTaste Twelve\u00ab, und Florian L\u00f6hlein, Gesch\u00e4ftsf\u00fchrer von \u00bbMampe Berlin\u00ab, betonten die Bedeutung gemeinsamer Werte: Qualit\u00e4t, Authentizit\u00e4t und regionale Verwurzelung. Beide sind \u00fcberzeugt, dass aus dieser ersten Kooperation weitere inspirierende Begegnungen hervorgehen werden.<\/p>\n<p class=\"bodytext\"><strong>Handverlesene Spitzenrestaurants<\/strong>\u00a0<\/p>\n<p class=\"bodytext\">Der neue Restaurantf\u00fchrer versammelt zw\u00f6lf handverlesene <a href=\"https:\/\/www.nikos-weinwelten.de\/beitrag\/berlin_food_week_im_bikini_house_of_food_2025\/\" target=\"_blank\" rel=\"noopener\">Restaurants aus Berlin<\/a>, die f\u00fcr zeitgem\u00e4\u00dfe K\u00fcche, kreative Konzepte und charakteristische Handschrift stehen. Zu den ausgew\u00e4hlten H\u00e4usern z\u00e4hlen Anna&amp;Paul, Bricole, Comedor, heimlich Treu, Le Faubourg, Lovis, Mastan, Moon Exquisite, pars, Swan&amp;Son, The Knast und Trattoria Senza. Jedes Restaurant spiegelt auf seine Weise die kulinarische Vielfalt der Stadt wider \u2013 von Ost-Berlin bis West-Berlin, von industriellem Charme bis zu urbaner Eleganz.<\/p>\n<p class=\"bodytext\"><img loading=\"lazy\" decoding=\"async\" alt=\"\" src=\"https:\/\/www.europesays.com\/de\/wp-content\/uploads\/2025\/10\/csm_IMG_9853_a9cc076cd0.jpg\" style=\"\" width=\"1593\" height=\"1080\"\/>Mit einem Preis von 49,90 \u20ac bietet \u00bbTaste Twelve\u00ab nicht nur Inspiration f\u00fcr Feinschmecker*innen, sondern auch einen besonderen Mehrwert: Bei einem Besuch zu zweit genie\u00dft eine Person den Hauptgang kostenfrei. Die Auflage ist auf 4.000 Exemplare limitiert \u2013 ein exklusives Geschenk, das gerade in der Weihnachtszeit Berliner Genusskultur zum Erlebnis macht.<\/p>\n","protected":false},"excerpt":{"rendered":"17. Oktober 2025 Der in diesem Jahr in kuscheligem Rosa gehaltene Taste Twelve Berlin-Restaurantf\u00fchrer listet erneut 12 handverlesene&hellip;\n","protected":false},"author":2,"featured_media":506660,"comment_status":"","ping_status":"","sticky":false,"template":"","format":"standard","meta":{"footnotes":""},"categories":[1825],"tags":[126439,296,29,30,64701,126437,126436,126438],"class_list":{"0":"post-506659","1":"post","2":"type-post","3":"status-publish","4":"format-standard","5":"has-post-thumbnail","7":"category-berlin","8":"tag-anne-weidner-tucholka","9":"tag-berlin","10":"tag-deutschland","11":"tag-germany","12":"tag-restaurantfuehrer","13":"tag-restaurants-berlin","14":"tag-taste-twelve","15":"tag-taste-twelve-berlin"},"share_on_mastodon":{"url":"https:\/\/pubeurope.com\/@de\/115391398479071826","error":""},"_links":{"self":[{"href":"https:\/\/www.europesays.com\/de\/wp-json\/wp\/v2\/posts\/506659","targetHints":{"allow":["GET"]}}],"collection":[{"href":"https:\/\/www.europesays.com\/de\/wp-json\/wp\/v2\/posts"}],"about":[{"href":"https:\/\/www.europesays.com\/de\/wp-json\/wp\/v2\/types\/post"}],"author":[{"embeddable":true,"href":"https:\/\/www.europesays.com\/de\/wp-json\/wp\/v2\/users\/2"}],"replies":[{"embeddable":true,"href":"https:\/\/www.europesays.com\/de\/wp-json\/wp\/v2\/comments?post=506659"}],"version-history":[{"count":0,"href":"https:\/\/www.europesays.com\/de\/wp-json\/wp\/v2\/posts\/506659\/revisions"}],"wp:featuredmedia":[{"embeddable":true,"href":"https:\/\/www.europesays.com\/de\/wp-json\/wp\/v2\/media\/506660"}],"wp:attachment":[{"href":"https:\/\/www.europesays.com\/de\/wp-json\/wp\/v2\/media?parent=506659"}],"wp:term":[{"taxonomy":"category","embeddable":true,"href":"https:\/\/www.europesays.com\/de\/wp-json\/wp\/v2\/categories?post=506659"},{"taxonomy":"post_tag","embeddable":true,"href":"https:\/\/www.europesays.com\/de\/wp-json\/wp\/v2\/tags?post=506659"}],"curies":[{"name":"wp","href":"https:\/\/api.w.org\/{rel}","templated":true}]}}