{"id":506671,"date":"2025-10-17T20:34:11","date_gmt":"2025-10-17T20:34:11","guid":{"rendered":"https:\/\/www.europesays.com\/de\/506671\/"},"modified":"2025-10-17T20:34:11","modified_gmt":"2025-10-17T20:34:11","slug":"flohmarkt-fuer-alle-buecherfreunde","status":"publish","type":"post","link":"https:\/\/www.europesays.com\/de\/506671\/","title":{"rendered":"Flohmarkt f\u00fcr alle B\u00fccherfreunde"},"content":{"rendered":"<p><strong>Roding\/Strahlfeld. <\/strong> Am Sonntag, 26. Oktober, l\u00e4dt der TSV Strahlfeld von 9:00 bis 15:00 Uhr herzlich zu einem B\u00fccher-Flohmarkt ins Sportheim in der Hofmarkstra\u00dfe ein. Die Besucher d\u00fcrfen sich auf eine umfangreiche Auswahl an verschiedenen Genres freuen \u2013 von spannenden Krimis \u00fcber mitrei\u00dfende Romane bis hin zu informativen Sachb\u00fcchern und bunten Kinderb\u00fcchern ist f\u00fcr jeden Lesegeschmack etwas dabei. <\/p>\n<p>Und das Beste daran: Jedes Buch kostet nur einen Euro! F\u00fcr all jene, die selbst Platz in ihrer B\u00fccherregal schaffen m\u00f6chten, besteht die M\u00f6glichkeit, B\u00fccher zu spenden. Dies kann am Freitag,&#8230;<\/p>\n<p>Weiterlesen mit<\/p>\n<p>                                                                                <img decoding=\"async\" src=\"https:\/\/www.mittelbayerische.de\/assets\/build\/images\/mz-plus.svg\" alt=\"Plus-Logo\" class=\"paywall-image\"\/><\/p>\n<p class=\"text-center\">\n            Sie sind bereits registriert oder Plus-Abonnent?<\/p>\n<p>                Hier anmelden<\/p>\n","protected":false},"excerpt":{"rendered":"Roding\/Strahlfeld. Am Sonntag, 26. Oktober, l\u00e4dt der TSV Strahlfeld von 9:00 bis 15:00 Uhr herzlich zu einem B\u00fccher-Flohmarkt&hellip;\n","protected":false},"author":2,"featured_media":183426,"comment_status":"","ping_status":"","sticky":false,"template":"","format":"standard","meta":{"footnotes":""},"categories":[1774],"tags":[1784,1785,29,214,30,215],"class_list":{"0":"post-506671","1":"post","2":"type-post","3":"status-publish","4":"format-standard","5":"has-post-thumbnail","7":"category-buecher","8":"tag-books","9":"tag-buecher","10":"tag-deutschland","11":"tag-entertainment","12":"tag-germany","13":"tag-unterhaltung"},"share_on_mastodon":{"url":"https:\/\/pubeurope.com\/@de\/115391422321619323","error":""},"_links":{"self":[{"href":"https:\/\/www.europesays.com\/de\/wp-json\/wp\/v2\/posts\/506671","targetHints":{"allow":["GET"]}}],"collection":[{"href":"https:\/\/www.europesays.com\/de\/wp-json\/wp\/v2\/posts"}],"about":[{"href":"https:\/\/www.europesays.com\/de\/wp-json\/wp\/v2\/types\/post"}],"author":[{"embeddable":true,"href":"https:\/\/www.europesays.com\/de\/wp-json\/wp\/v2\/users\/2"}],"replies":[{"embeddable":true,"href":"https:\/\/www.europesays.com\/de\/wp-json\/wp\/v2\/comments?post=506671"}],"version-history":[{"count":0,"href":"https:\/\/www.europesays.com\/de\/wp-json\/wp\/v2\/posts\/506671\/revisions"}],"wp:featuredmedia":[{"embeddable":true,"href":"https:\/\/www.europesays.com\/de\/wp-json\/wp\/v2\/media\/183426"}],"wp:attachment":[{"href":"https:\/\/www.europesays.com\/de\/wp-json\/wp\/v2\/media?parent=506671"}],"wp:term":[{"taxonomy":"category","embeddable":true,"href":"https:\/\/www.europesays.com\/de\/wp-json\/wp\/v2\/categories?post=506671"},{"taxonomy":"post_tag","embeddable":true,"href":"https:\/\/www.europesays.com\/de\/wp-json\/wp\/v2\/tags?post=506671"}],"curies":[{"name":"wp","href":"https:\/\/api.w.org\/{rel}","templated":true}]}}