{"id":506672,"date":"2025-10-17T20:35:14","date_gmt":"2025-10-17T20:35:14","guid":{"rendered":"https:\/\/www.europesays.com\/de\/506672\/"},"modified":"2025-10-17T20:35:14","modified_gmt":"2025-10-17T20:35:14","slug":"unter-uns-star-floriane-eichhorn-verabschiedet-sich-mit-neuer-portion-selbstbewusstsein","status":"publish","type":"post","link":"https:\/\/www.europesays.com\/de\/506672\/","title":{"rendered":"\u201eUnter uns\u201c-Star Floriane Eichhorn verabschiedet sich mit neuer Portion Selbstbewusstsein"},"content":{"rendered":"<p>Nadine wagt ein Abenteuer auf hoher See\u201eUnter uns\u201c-Star Floriane Eichhorn verabschiedet sich mit neuer Portion Selbstbewusstsein <\/p>\n<p>03:30 min<\/p>\n<p>\u201eUnter uns\u201d-Abschied<\/p>\n<p>DAS nimmt Floriane von ihrer Serien-Zeit mit<\/p>\n<p>17. Oktober 2025 um 21:17 Uhr<\/p>\n<p class=\"AnnotatedMarkup_paragraph__IUT9l\"><strong>Ein Abschied ist auch ein neuer Anfang!<\/strong><br \/>Nadine (Floriane Eichhorn) hat sich entschieden. Sie wagt bei \u201eUnter uns\u201d das gro\u00dfe Abenteuer und nimmt ein Jobangebot auf einem Kreuzfahrtschiff an. Damit endet auch Florianes Zeit bei der Serie. Mit uns blickt sie jetzt noch mal auf ihre Highlights zur\u00fcck und verr\u00e4t, warum sie vor allem eine ordentliche Portion Selbstbewusstsein mitnimmt.<\/p>\n<p>Floriane blickt voller Stolz auf ihre \u201eUnter uns\u201d-Zeit <\/p>\n<p class=\"AnnotatedMarkup_paragraph__IUT9l\">2023 begann f\u00fcr Schauspielerin <a href=\"https:\/\/www.rtl.de\/cms\/unter-uns-floriane-eichhorn-spielt-nadine-pfeiffer-5040718.html\" target=\"_self\" rel=\"nofollow noopener\">Floriane Eichhorn<\/a> das \u201eUnter uns\u201d-Abenteuer, was am Freitag, den 17. Oktober vorerst endet.<a href=\"https:\/\/www.rtl.de\/sendungen\/unter-uns\/abschied-bei-unter-uns-nadine-lichtet-den-anker-schauspielerin-floriane-eichhorn-verlaesst-die-serie-id6780830.html\" target=\"_self\" rel=\"nofollow noopener\"> Dann verabschiedet sich ihre Rolle, um sich beruflich auf einem Kreuzfahrtschiff zu verwirklichen. <\/a>Ein Teil einer t\u00e4glichen Serie geworden zu sein, erf\u00fcllt Floriane mit vollem Stolz, wie sie uns erz\u00e4hlt: <strong>\u201eIch musste mich da schon auch erst mal drauf einstellen. Dieses schnelle Arbeiten und schnelles Textlernen. Also da bin ich auch stolz auf mich, dass ich da durch bin, mit allen H\u00f6hen und Tiefen, die ich auch als Floriane hatte.\u201d<\/strong><\/p>\n<p class=\"AnnotatedMarkup_paragraph__IUT9l\">All diese zun\u00e4chst unbekannten Unw\u00e4gbarkeiten haben Floriane wachsen lassen und so hat sich auch bei der Schauspielerin privat ein wenig was ver\u00e4ndert. \u201eIch glaube, ich gehe ich da auch gest\u00e4rkt und mit mehr Selbstbewusstsein raus, dass ich auch, je nachdem was f\u00fcr andere Projekte auf mich zukommen, selbstbewusster damit umgehen werde\u201d, ist sich Floriane sicher.<\/p>\n<p><img alt=\"Gespannt, wie es weitergeht?\u00a0Die n\u00e4chsten Folgen vorab auf RTL+\" loading=\"lazy\" width=\"615\" height=\"346\" decoding=\"async\" data-nimg=\"1\" class=\"Image_image__SdgLQ RtlPlusContent_image__Gbn0N\" style=\"color:transparent\"   src=\"https:\/\/www.europesays.com\/de\/wp-content\/uploads\/2025\/10\/1760733314_580_gespannt-wie-es-weitergeht-die-naechsten-folgen-vorab-auf-rtlplus.webp.webp\"\/>Floriane hat es auf die \u201eUnter uns\u201d-Kost\u00fcme abgesehen <\/p>\n<p class=\"AnnotatedMarkup_paragraph__IUT9l\">Aber nicht nur mehr Selbstbewusstsein nimmt die Schauspielerin mit, sondern noch etwas Besonderes von ihrer Rolle Nadine. Uns erz\u00e4hlt sie: \u201e Ich nehme ganz viele Kost\u00fcme mit, weil sie tr\u00e4gt ja wirklich sehr so Basics. Einfach Jeanshosen und so ganz normale Pullover etc. Also ich glaube, da werde ich mir so einiges mitnehmen.\u201d<\/p>\n<p>Anzeige:<\/p>\n<p>Empfehlungen unserer Partner<\/p>\n<p>Die ganze \u201eUnter uns\u201d-Welt auf RTL+ erleben <\/p>\n<p class=\"AnnotatedMarkup_paragraph__IUT9l\">Nadines Abschied gibt\u2019s am Freitag, den 17. Oktober um 17.30 Uhr bei \u201eUnter uns\u201d im TV zu sehen. Bereits jetzt steht die Folge in voller L\u00e4nge <a href=\"https:\/\/plus.rtl.de\/video-tv\/serien\/unter-uns-41137?utm_source=rtl&amp;utm_content=6808720&amp;utm_medium=owned&amp;utm_campaign=textlink&amp;utm_term=unter-uns\" target=\"_blank\" rel=\"nofollow noopener\">auf RTL+ zum Streamen bereit<\/a>.<\/p>\n<p class=\"AnnotatedMarkup_paragraph__IUT9l\">Verwendete Quellen: RTL<\/p>\n","protected":false},"excerpt":{"rendered":"Nadine wagt ein Abenteuer auf hoher See\u201eUnter uns\u201c-Star Floriane Eichhorn verabschiedet sich mit neuer Portion Selbstbewusstsein 03:30 min&hellip;\n","protected":false},"author":2,"featured_media":506673,"comment_status":"","ping_status":"","sticky":false,"template":"","format":"standard","meta":{"footnotes":""},"categories":[1773],"tags":[29,214,126440,3066,30,640,3064,471,1780,1808,684,3062,215,3063,1339,3065],"class_list":{"0":"post-506672","1":"post","2":"type-post","3":"status-publish","4":"format-standard","5":"has-post-thumbnail","7":"category-serien","8":"tag-deutschland","9":"tag-entertainment","10":"tag-floriane-eichhorn","11":"tag-folgenvorschau","12":"tag-germany","13":"tag-rtl","14":"tag-schillerallee","15":"tag-serien","16":"tag-series","17":"tag-soap","18":"tag-tv","19":"tag-unter-uns","20":"tag-unterhaltung","21":"tag-uu","22":"tag-vorschau","23":"tag-weigel"},"share_on_mastodon":{"url":"https:\/\/pubeurope.com\/@de\/115391426112171934","error":""},"_links":{"self":[{"href":"https:\/\/www.europesays.com\/de\/wp-json\/wp\/v2\/posts\/506672","targetHints":{"allow":["GET"]}}],"collection":[{"href":"https:\/\/www.europesays.com\/de\/wp-json\/wp\/v2\/posts"}],"about":[{"href":"https:\/\/www.europesays.com\/de\/wp-json\/wp\/v2\/types\/post"}],"author":[{"embeddable":true,"href":"https:\/\/www.europesays.com\/de\/wp-json\/wp\/v2\/users\/2"}],"replies":[{"embeddable":true,"href":"https:\/\/www.europesays.com\/de\/wp-json\/wp\/v2\/comments?post=506672"}],"version-history":[{"count":0,"href":"https:\/\/www.europesays.com\/de\/wp-json\/wp\/v2\/posts\/506672\/revisions"}],"wp:featuredmedia":[{"embeddable":true,"href":"https:\/\/www.europesays.com\/de\/wp-json\/wp\/v2\/media\/506673"}],"wp:attachment":[{"href":"https:\/\/www.europesays.com\/de\/wp-json\/wp\/v2\/media?parent=506672"}],"wp:term":[{"taxonomy":"category","embeddable":true,"href":"https:\/\/www.europesays.com\/de\/wp-json\/wp\/v2\/categories?post=506672"},{"taxonomy":"post_tag","embeddable":true,"href":"https:\/\/www.europesays.com\/de\/wp-json\/wp\/v2\/tags?post=506672"}],"curies":[{"name":"wp","href":"https:\/\/api.w.org\/{rel}","templated":true}]}}