{"id":506686,"date":"2025-10-17T20:42:15","date_gmt":"2025-10-17T20:42:15","guid":{"rendered":"https:\/\/www.europesays.com\/de\/506686\/"},"modified":"2025-10-17T20:42:15","modified_gmt":"2025-10-17T20:42:15","slug":"rueckruf-bei-edeka-marktkauf-eis-kann-glassplitter-enthalten-leben-wissen","status":"publish","type":"post","link":"https:\/\/www.europesays.com\/de\/506686\/","title":{"rendered":"R\u00fcckruf bei Edeka &#038; Marktkauf: Eis kann Glassplitter enthalten | Leben &#038; Wissen"},"content":{"rendered":"<p> An dieser Stelle findest du den Text-to-Speech Player<\/p>\n<p> Um den TTS Player darzustellen, brauchen wir deine Zustimmung. <\/p>\n<p> externen Inhalt aktivieren  Um eingebettete Inhalte anzuzeigen, ist Ihre jederzeit widerrufliche Einwilligung (\u00fcber den Schalter oder \u00fcber &#8220; <a class=\"embed-placeholder__text-link\" href=\"#\" rel=\"noopener noreferrer\" title=\"Tracking widerrufen\"> Widerruf Tracking und Cookies<\/a> &#8220; am Seitenende) zur Verarbeitung personenbezogener Daten n\u00f6tig.  Dabei k\u00f6nnen Daten in Drittl\u00e4nder wie die USA \u00fcbermittelt werden (Art. 49 Abs. 1 lit. a DSGVO). Mit dem Aktivieren des Inhalts stimmen Sie zu. Weitere Infos finden Sie <a class=\"embed-placeholder__text-link\" href=\"#\" rel=\"noopener noreferrer\" title=\"Zu den Privatsph\u00e4re Einstellungen\"> hier<\/a>. <\/p>\n<p data-suggestion-id=\"suggestions-0-283\"><b>Leckerm\u00e4ulchen aufgepasst: Edeka ruft Erdnuss-Eisriegel zur\u00fcck!<\/b><\/p>\n<p data-suggestion-id=\"suggestions-0-283\">Der Lebensmittelh\u00e4ndler warnt vor dem Verzehr von \u201eGut &amp; G\u00fcnstig Crunchy Peanut Ice Cream\u201c im 6er-Pack (6\u00a0mal\u00a053\u00a0ml) mit dem Mindesthaltbarkeitsdatum 23. Mai 2027. Der Grund: In einzelnen Riegeln k\u00f6nnten Glassplitter stecken!<\/p>\n<p data-suggestion-id=\"suggestions-283-519\">Das <a href=\"https:\/\/www.bild.de\/leben-wissen\/lifestyle\/das-verraet-ihre-art-eis-zu-essen-ueber-ihre-persoenlichkeit-68221dd5e2b5b63444690692\" class=\"text-link\" rel=\"nofollow noopener\" target=\"_blank\">Eis<\/a> wurde haupts\u00e4chlich bei <a href=\"https:\/\/www.bild.de\/leben-wissen\/mein-recht-verbraucherportal\/umstrukturierung-in-fast-allen-regionen-schafft-edeka-die-fleisch-und-kaesetheken-ab-66da5046850ab075339c9096\" class=\"text-link\" rel=\"nofollow noopener\" target=\"_blank\">Edeka<\/a> und Marktkauf verkauft. Der R\u00fcckruf gilt nahezu bundesweit \u2013 nicht betroffen sind das Saarland, S\u00fcdhessen sowie gro\u00dfe Teile von Baden-W\u00fcrttemberg und von Rheinland-Pfalz.<\/p>\n<p data-suggestion-id=\"suggestions-283-519\">Die betroffenen Handelsunternehmen h\u00e4tten umgehend reagiert und die entsprechende Ware sofort aus dem Verkauf genommen. Wichtig: Andere Sorten oder Haltbarkeitsdaten seien nicht betroffen.<\/p>\n<p>R\u00fcckgabe auch ohne Kassenbon<\/p>\n<p data-suggestion-id=\"suggestions-708-945\">Kunden k\u00f6nnen das Eis auch <a href=\"https:\/\/www.bild.de\/ratgeber\/leben-und-wissen-verbraucherportal\/verbraucherportal\/kassenbon-muss-ich-den-beleg-behalten-57183506.bild.html\" class=\"text-link\" rel=\"nofollow noopener\" target=\"_blank\">ohne Kassenbon in den M\u00e4rkten zur\u00fcckgeben<\/a> \u2013 der Kaufpreis wird erstattet. Bei Fragen hilft der Edeka-Kundenservice unter info@edeka.de oder telefonisch unter +49 800 3335211 \u2013 t\u00e4glich von 8 bis 20 Uhr.<\/p>\n<p>Mehr zum Thema<\/p>\n","protected":false},"excerpt":{"rendered":"An dieser Stelle findest du den Text-to-Speech Player Um den TTS Player darzustellen, brauchen wir deine Zustimmung. externen&hellip;\n","protected":false},"author":2,"featured_media":506687,"comment_status":"","ping_status":"","sticky":false,"template":"","format":"standard","meta":{"footnotes":""},"categories":[134],"tags":[175,170,169,29,1024,75752,30,702,171,174,63020,37250,53526,45,173,172],"class_list":{"0":"post-506686","1":"post","2":"type-post","3":"status-publish","4":"format-standard","5":"has-post-thumbnail","7":"category-unternehmen-maerkte","8":"tag-business","9":"tag-companies","10":"tag-companies-markets","11":"tag-deutschland","12":"tag-edeka","13":"tag-eiskrem","14":"tag-germany","15":"tag-lebensmittel","16":"tag-markets","17":"tag-maerkte","18":"tag-marktkauf","19":"tag-rueckrufaktion","20":"tag-speiseeis","21":"tag-texttospeech","22":"tag-unternehmen","23":"tag-unternehmen-maerkte"},"share_on_mastodon":{"url":"https:\/\/pubeurope.com\/@de\/115391453499168043","error":""},"_links":{"self":[{"href":"https:\/\/www.europesays.com\/de\/wp-json\/wp\/v2\/posts\/506686","targetHints":{"allow":["GET"]}}],"collection":[{"href":"https:\/\/www.europesays.com\/de\/wp-json\/wp\/v2\/posts"}],"about":[{"href":"https:\/\/www.europesays.com\/de\/wp-json\/wp\/v2\/types\/post"}],"author":[{"embeddable":true,"href":"https:\/\/www.europesays.com\/de\/wp-json\/wp\/v2\/users\/2"}],"replies":[{"embeddable":true,"href":"https:\/\/www.europesays.com\/de\/wp-json\/wp\/v2\/comments?post=506686"}],"version-history":[{"count":0,"href":"https:\/\/www.europesays.com\/de\/wp-json\/wp\/v2\/posts\/506686\/revisions"}],"wp:featuredmedia":[{"embeddable":true,"href":"https:\/\/www.europesays.com\/de\/wp-json\/wp\/v2\/media\/506687"}],"wp:attachment":[{"href":"https:\/\/www.europesays.com\/de\/wp-json\/wp\/v2\/media?parent=506686"}],"wp:term":[{"taxonomy":"category","embeddable":true,"href":"https:\/\/www.europesays.com\/de\/wp-json\/wp\/v2\/categories?post=506686"},{"taxonomy":"post_tag","embeddable":true,"href":"https:\/\/www.europesays.com\/de\/wp-json\/wp\/v2\/tags?post=506686"}],"curies":[{"name":"wp","href":"https:\/\/api.w.org\/{rel}","templated":true}]}}