{"id":506688,"date":"2025-10-17T20:43:09","date_gmt":"2025-10-17T20:43:09","guid":{"rendered":"https:\/\/www.europesays.com\/de\/506688\/"},"modified":"2025-10-17T20:43:09","modified_gmt":"2025-10-17T20:43:09","slug":"wolodymyr-selenskyj-in-den-usa-donald-trump-will-ukrainekrieg-ohne-tomahawks-beenden","status":"publish","type":"post","link":"https:\/\/www.europesays.com\/de\/506688\/","title":{"rendered":"Wolodymyr Selenskyj in den USA: Donald Trump will Ukrainekrieg ohne Tomahawks beenden"},"content":{"rendered":"<p class=\"paragraph article__item\">Im Ringen um ein <a href=\"https:\/\/www.zeit.de\/politik\/ausland\/2025-10\/donald-trump-friedensdiplomatie-ukrainekrieg-waffenstillstand-gaza-5vor8\" class=\"\" target=\"_blank\" rel=\"noopener\">Ende des Kriegs in der Ukraine<\/a> bevorzugt US-Pr\u00e4sident Donald Trump andere Wege als die Lieferung von Tomahawk-Marschflugk\u00f6rpern an die Ukraine. Hoffentlich k\u00f6nne der Krieg beendet werden, ohne \u00fcber Tomahawks nachdenken zu m\u00fcssen, sagte er bei einem Treffen mit dem ukrainischen Pr\u00e4sidenten <a class=\"rtr-entity\" href=\"https:\/\/www.zeit.de\/thema\/wolodymyr-selenskyj\" target=\"_blank\" rel=\"noopener\">Wolodymyr Selenskyj<\/a> im Wei\u00dfen Haus.\n<\/p>\n<p class=\"paragraph article__item\">Dabei bekr\u00e4ftigte der Republikaner erneut die Gefahr durch den Einsatz der Marschflugk\u00f6rper. Es handele sich um sehr gef\u00e4hrliche Waffen. &#8222;Ich will, dass der Krieg endet&#8220;, sagte <a class=\"rtr-entity\" href=\"https:\/\/www.zeit.de\/thema\/donald-trump\" target=\"_blank\" rel=\"noopener\">Trump<\/a> und f\u00fcgte hinzu, die USA w\u00fcrden keine Waffen abgeben, &#8222;die wir selbst ben\u00f6tigen, um unser Land zu sch\u00fctzen&#8220;.\n<\/p>\n<p class=\"paragraph article__item\">Zugleich sagte Trump \u00fcber ein m\u00f6gliches Kriegsende: &#8222;Ich denke, wir sind ziemlich nah dran&#8220;. Er glaube, dass der russische Pr\u00e4sident Wladimir Putin einen &#8222;Deal&#8220; abschlie\u00dfen wolle. Auch Selenskyj betonte: &#8222;Pr\u00e4sident Trump hat eine gro\u00dfe Chance, diesen Krieg zu beenden&#8220;. Gleichzeitig sprach er Putin den Willen ab, eine Waffenruhe zu vereinbaren.\n<\/p>\n<p class=\"paragraph article__item\">Selenskyj hatte in dem Gespr\u00e4ch vor Journalisten zuvor einen Tausch ukrainischer Drohnen gegen US-Tomahawks angedeutet. Die Ukraine ben\u00f6tige Tomahawks, sagte Selenskyj. Die Ukraine habe daf\u00fcr Tausende Drohnen, die f\u00fcr die USA von Interesse sein k\u00f6nnten. &#8222;Da k\u00f6nnen wir zusammenarbeiten&#8220;, sagte Selenskyj: &#8222;Sie k\u00f6nnen unsere Drohnen haben.&#8220;\n<\/p>\n<p class=\"paragraph article__item\">Trump erwiderte, die <a class=\"rtr-entity\" href=\"https:\/\/www.zeit.de\/politik\/ausland\/ukraine-krieg-news-liveblog\" target=\"_blank\" rel=\"noopener\">Ukraine<\/a> habe &#8222;sehr gute Drohnen&#8220; und man habe Interesse daran. Er hoffe aber, das Land werde die US-Marschflugk\u00f6rper gar nicht mehr brauchen.\n<\/p>\n<p>        Selenskyj f\u00fchrt Gespr\u00e4che mit US-R\u00fcstungsunternehmen        <\/p>\n<p class=\"paragraph article__item\">Die ukrainische Regierung hatte die erhoffte US-Lieferung von Tomahawk-Marschflugk\u00f6rpern und anderen US-Waffen zuvor als das wichtigste Thema des Treffens bezeichnet. Dazu hatte Selenskyj, der bereits seit Donnerstag in Washington, D. C. ist, zuvor Gespr\u00e4che mit Vertretern des US-R\u00fcstungsunternehmens Raytheon gef\u00fchrt, das <a href=\"https:\/\/www.zeit.de\/politik\/ausland\/2025-10\/russland-usa-ukraine-gipfel-ungarn-donald-trump-wladimir-putin\" class=\"\" target=\"_blank\" rel=\"noopener\">Tomahawk-Marschflugk\u00f6rper<\/a> und Patriot-Systeme herstellt.\u00a0\n<\/p>\n<p>                            \u00a9\u00a0Lea Dohle<\/p>\n<p>\n                                        Newsletter<br \/>\n                                        Was jetzt? \u2013 Der t\u00e4gliche Morgen\u00fcberblick<\/p>\n<p class=\"newsletter-signup__text\">Starten Sie mit unserem kurzen Nachrichten-Newsletter in den Tag. Erhalten Sie zudem freitags den US-Sonderletter &#8222;Was jetzt, America?&#8220; sowie das digitale Magazin ZEIT am Wochenende.<\/p>\n<p class=\"newsletter-signup__datapolicy\" hidden=\"\">\n            Mit Ihrer Registrierung nehmen Sie die <a href=\"https:\/\/datenschutz.zeit.de\/zon#Newsletter\" target=\"_blank\" rel=\"noopener\">Datenschutzerkl\u00e4rung<\/a> zur Kenntnis.\n        <\/p>\n<p>    Vielen Dank! Wir haben Ihnen eine E-Mail geschickt.<\/p>\n<p>Pr\u00fcfen Sie Ihr Postfach und best\u00e4tigen Sie das Newsletter-Abonnement.<\/p>\n<p class=\"paragraph article__item\">&#8222;Wir haben \u00fcber die Produktionskapazit\u00e4ten von Raytheon und m\u00f6gliche Wege f\u00fcr eine Zusammenarbeit zur St\u00e4rkung der Luftverteidigung und der Langstreckenf\u00e4higkeiten der Ukraine gesprochen&#8220;, teilte Selenskyj in Onlinediensten mit. Auch \u00fcber eine m\u00f6gliche gemeinsame US-ukrainische Produktion sei gesprochen worden.\n<\/p>\n<p class=\"paragraph article__item\">Anders als bei einem fr\u00fcheren Besuch Selenskyjs im Wei\u00dfen Haus gab es diesmal keinen Eklat. Zwar wurde Selenskyj mit dem R\u00fccken zu den Journalistinnen und Journalisten platziert und auch US-Vizepr\u00e4sident JD Vance, der die Eskalation damals ausgel\u00f6st hatte, sa\u00df wieder mit am Tisch. Doch Trump gab sich vers\u00f6hnlich\u00a0und lobte Selenskyj gar f\u00fcr dessen St\u00e4rke.\n<\/p>\n<p class=\"paragraph article__item\">Es sei ihm eine Ehre, mit einem sehr starken Staatschef zusammenzukommen, sagte Trump. Selenskyj habe viel durchgemacht und die USA h\u00e4tten es mit ihm durchgemacht.\u00a0Man verstehe sich sehr gut,\u00a0sagte Trump bei dem bereits dritten Treffen zwischen ihm und dem ukrainischen Pr\u00e4sidenten in diesem Jahr im Wei\u00dfen Haus.\n<\/p>\n<p class=\"paragraph article__item\"><a href=\"https:\/\/www.zeit.de\/politik\/ausland\/ukraine-krieg-news-liveblog\" class=\"\" target=\"_blank\" rel=\"noopener\">Aktuelle Entwicklungen zum Krieg in der Ukraine lesen Sie in unserem Liveblog.<\/a>\n<\/p>\n<p>Mehr zum Thema<\/p>\n<p>                <a href=\"https:\/\/www.zeit.de\/politik\/ausland\/2025-10\/ukraine-lage-odessa-buergermeister-selenskyj-putin-trump-woche\" data-ct-label=\"Lage in der Ukraine: Eine umstrittene Entmachtung\" target=\"_blank\" rel=\"noopener\"><\/p>\n<p>                        Lage in der Ukraine:<br \/>\n                        Eine umstrittene Entmachtung<\/p>\n<p>                <\/a><\/p>\n<p>                <a href=\"https:\/\/www.zeit.de\/politik\/ausland\/2025-10\/donald-trump-friedensdiplomatie-ukrainekrieg-waffenstillstand-gaza-5vor8\" data-ct-label=\"Donald Trumps Friedensdiplomatie: Play it again, Donald?\" target=\"_blank\" rel=\"noopener\"><\/p>\n<p>                        Donald Trumps Friedensdiplomatie:<br \/>\n                        Play it again, Donald?<\/p>\n<p>                <\/a><\/p>\n<p>                <a href=\"https:\/\/www.zeit.de\/politik\/ausland\/2025-10\/russland-usa-ukraine-gipfel-ungarn-donald-trump-wladimir-putin\" data-ct-label=\"Treffen zwischen Putin und Trump: Das war es dann wohl mit den Tomahawks\" target=\"_blank\" rel=\"noopener\"><\/p>\n<p>        Z+ (abopflichtiger Inhalt);<\/p>\n<p>    Treffen zwischen Putin und Trump:<br \/>\n                        Das war es dann wohl mit den Tomahawks<\/p>\n<p>                <\/a><\/p>\n","protected":false},"excerpt":{"rendered":"Im Ringen um ein Ende des Kriegs in der Ukraine bevorzugt US-Pr\u00e4sident Donald Trump andere Wege als die&hellip;\n","protected":false},"author":2,"featured_media":506689,"comment_status":"","ping_status":"","sticky":false,"template":"","format":"standard","meta":{"footnotes":""},"categories":[3],"tags":[106,1478,13,1435,22064,14,15,16,117274,21059,12,116894,10,8,9,11,4201,401,103,107,126441,104],"class_list":{"0":"post-506688","1":"post","2":"type-post","3":"status-publish","4":"format-standard","5":"has-post-thumbnail","7":"category-welt","8":"tag-donald-trump","9":"tag-drohne","10":"tag-headlines","11":"tag-krieg-in-der-ukraine","12":"tag-marschflugkoerper","13":"tag-nachrichten","14":"tag-news","15":"tag-politik","16":"tag-raytheon","17":"tag-republikaner-usa","18":"tag-schlagzeilen","19":"tag-tomahawk","20":"tag-top-news","21":"tag-top-meldungen","22":"tag-topmeldungen","23":"tag-topnews","24":"tag-treffen","25":"tag-washington-d-c","26":"tag-welt","27":"tag-wolodymyr-selenskyj","28":"tag-wolodymyr-selenskyj-in-den-usa","29":"tag-world"},"share_on_mastodon":{"url":"https:\/\/pubeurope.com\/@de\/115391457458490530","error":""},"_links":{"self":[{"href":"https:\/\/www.europesays.com\/de\/wp-json\/wp\/v2\/posts\/506688","targetHints":{"allow":["GET"]}}],"collection":[{"href":"https:\/\/www.europesays.com\/de\/wp-json\/wp\/v2\/posts"}],"about":[{"href":"https:\/\/www.europesays.com\/de\/wp-json\/wp\/v2\/types\/post"}],"author":[{"embeddable":true,"href":"https:\/\/www.europesays.com\/de\/wp-json\/wp\/v2\/users\/2"}],"replies":[{"embeddable":true,"href":"https:\/\/www.europesays.com\/de\/wp-json\/wp\/v2\/comments?post=506688"}],"version-history":[{"count":0,"href":"https:\/\/www.europesays.com\/de\/wp-json\/wp\/v2\/posts\/506688\/revisions"}],"wp:featuredmedia":[{"embeddable":true,"href":"https:\/\/www.europesays.com\/de\/wp-json\/wp\/v2\/media\/506689"}],"wp:attachment":[{"href":"https:\/\/www.europesays.com\/de\/wp-json\/wp\/v2\/media?parent=506688"}],"wp:term":[{"taxonomy":"category","embeddable":true,"href":"https:\/\/www.europesays.com\/de\/wp-json\/wp\/v2\/categories?post=506688"},{"taxonomy":"post_tag","embeddable":true,"href":"https:\/\/www.europesays.com\/de\/wp-json\/wp\/v2\/tags?post=506688"}],"curies":[{"name":"wp","href":"https:\/\/api.w.org\/{rel}","templated":true}]}}