{"id":506690,"date":"2025-10-17T20:44:16","date_gmt":"2025-10-17T20:44:16","guid":{"rendered":"https:\/\/www.europesays.com\/de\/506690\/"},"modified":"2025-10-17T20:44:16","modified_gmt":"2025-10-17T20:44:16","slug":"polizei-ermittelt-welche-rolle-spielte-ein-pick-up-beim-mord-an-fabian-regional","status":"publish","type":"post","link":"https:\/\/www.europesays.com\/de\/506690\/","title":{"rendered":"Polizei ermittelt: Welche Rolle spielte ein Pick-up beim Mord an Fabian? | Regional"},"content":{"rendered":"<p>G\u00fcstrow (Mecklenburg-Vorpommern) \u2013 <b>Am Dienstag wurde die Leiche des kleinen Fabian (\u20208) in einem Feld gefunden. Die Polizei sucht weiterhin nach seinem M\u00f6rder und fragt nach einem Pick-up, der mit dem Verbrechen zu tun haben k\u00f6nnte. <\/b><\/p>\n<p>In G\u00fcstrow (Mecklenburg-Vorpommern) geht nach dem Mord an Grundsch\u00fcler Fabian L. die Angst um. <a href=\"https:\/\/www.bild.de\/regional\/mecklenburg-vorpommern\/fabians-tod-erschuettert-guestrow-der-moerder-ist-noch-frei-68ef96aedbad4b72062ae4cd\" class=\"text-link\" target=\"_blank\" rel=\"noopener\">Eltern lassen ihre Kinder nicht mehr allein aus dem Haus<\/a>. \u00c4ndern k\u00f6nnte das wohl nur die Festnahme des T\u00e4ters. Die Ermittler pr\u00fcfen jede Spur, werten Fabians Handydaten aus, suchen am Fundort der Leiche nach Details, die Hinweise geben k\u00f6nnten.<\/p>\n<p><img decoding=\"async\" width=\"992\" height=\"1178\" alt=\"Fabian L. (8) verschwand am Freitag aus der Wohnung seiner Mutter\" src=\"https:\/\/www.europesays.com\/de\/wp-content\/uploads\/2025\/10\/2ad8dfc8878dc2e8b4e497107fc8a4dd,450d9e0\"   class=\"portrait\" loading=\"lazy\"\/><\/p>\n<p class=\"fig__caption__text\">Fabian L. (8) verschwand am Freitag aus der Wohnung seiner Mutter. Sie hat BILD das Foto zur Verf\u00fcgung gestellt, m\u00f6chte so das Andenken an ihr Kind bewahren<\/p>\n<p>Foto: Polizei Mecklenburg-Vorpommern<\/p>\n<p>Auch Befragungen von Anwohnern geh\u00f6ren zur Arbeit der Ermittler. Eine Spazierg\u00e4ngerin sagt zu BILD: \u201eIch wollte am Dienstag eigentlich auch mit meinem Hund dort entlang gehen, wo Fabians <a href=\"https:\/\/www.bild.de\/themen\/specials\/tod\/ratgeber-todesfall-trauer-nachrichten-25350234.bild.html\" class=\"text-link\" target=\"_blank\" rel=\"noopener\">Leiche<\/a> gefunden wurde, habe aber dann zum Gl\u00fcck noch einen anderen Weg genommen.\u201c<\/p>\n<p><img decoding=\"async\" width=\"992\" height=\"558\" alt=\"Dieser Feldweg f\u00fchrte zum Fundort der Kinderleiche. Polizisten sperrten das Gebiet nach dem Fund ab\" src=\"https:\/\/www.europesays.com\/de\/wp-content\/uploads\/2025\/10\/1e782c8bd63dcc9611d354e961f2c6c9,9b7f3ade\"   class=\"landscape\" loading=\"lazy\"\/><\/p>\n<p class=\"fig__caption__text\">Dieser Feldweg f\u00fchrte zum Fundort der Kinderleiche. Polizisten sperrten das Gebiet nach dem Fund ab<\/p>\n<p>Foto: Bernd W\u00fcstneck\/dpa<\/p>\n<p>Kurz darauf wurde die Frau dann von einem Polizisten angesprochen. \u201eEr wollte wissen, ob ich einen Pick-up mit Anh\u00e4nger gesehen h\u00e4tte\u201c, sagte sie der BILD-Reporterin. Das Auto soll \u00fcber die Stra\u00dfe, die direkt durch das 330-Seelendorf Klein Upahl f\u00fchrt, in Richtung der Felder gefahren sein.<\/p>\n<p>Mehr zum Thema<\/p>\n<p>Nach BILD-Informationen hatten Zeugen gegen\u00fcber der <a href=\"https:\/\/www.bild.de\/regional\/aktuelles\/polizei\/polizeieinsatz-alle-infos-76681760.bild.html\" class=\"text-link\" target=\"_blank\" rel=\"noopener\">Polizei<\/a> ausgesagt, am Fundort nach Fabians Verschwinden ein Auto gesehen zu haben. Dass es sich bei dem Auto um einen Pick-up mit Anh\u00e4nger handelt, wollte die Staatsanwaltschaft auf BILD-Anfrage nicht best\u00e4tigen.<\/p>\n<p><img decoding=\"async\" width=\"992\" height=\"558\" alt=\"Am Rande dieses T\u00fcmpels wurde die Leiche von Fabian gefunden\" src=\"https:\/\/www.europesays.com\/de\/wp-content\/uploads\/2025\/10\/d5d538d387ee4f04dec23c664c2d4ff4,9caa63aa\"   class=\"landscape\" loading=\"lazy\"\/><\/p>\n<p class=\"fig__caption__text\">Am Rande dieses T\u00fcmpels wurde die Leiche von Fabian gefunden<\/p>\n<p>Foto: Marlene Gawrisch<\/p>\n<p>Der <a href=\"https:\/\/www.bild.de\/regional\/mecklenburg-vorpommern\/an-diesem-tuempel-fand-eine-spaziergaengerin-die-leiche-von-fabian-8-68ef49f006329773ec67281b\" class=\"text-link\" target=\"_blank\" rel=\"noopener\">Fundort von Fabians Leiche liegt an einem T\u00fcmpel in einem Feld<\/a>, 1,2 Kilometer von den letzten H\u00e4usern von Klein Upahl entfernt. Dazwischen gibt es nur Wiesen, Felder und Pferdekoppeln. Autos fahren hier selten entlang.<\/p>\n<p>BILD-Reporterin am Tatort in G\u00fcstrow: \u201eAnwohner haben Angst um ihre Kinder\u201c<a class=\"anchor video-teaser__anchor\" href=\"https:\/\/www.bild.de\/news\/bild-reporterin-am-tatort-in-guestrow-anwohner-haben-angst-um-ihre-kinder-68efd371dbad4b72062aea5a\" target=\"_blank\" rel=\"noopener\"><img decoding=\"async\" width=\"992\" height=\"558\" alt=\"G\u00fcstrow: \u201eAnwohner haben Angst um ihre Kinder\u201c\" src=\"https:\/\/www.europesays.com\/de\/wp-content\/uploads\/2025\/10\/64588771034f99d16005b50f5e56cbc4,15f885db\"   class=\"landscape teaser__image\" loading=\"lazy\"\/><\/a><\/p>\n<p>Quelle: BILD, Isabel Pfannkuche15.10.2025<\/p>\n<p><b>Hinweise zu Fabian nimmt die Polizei in G\u00fcstrow (<\/b><a href=\"https:\/\/www.bild.de\/regional\/aktuelles\/polizei\/polizeieinsatz-alle-infos-76681760.bild.html\" class=\"text-link\" target=\"_blank\" rel=\"noopener\"><b>Mecklenburg-Vorpommern<\/b><\/a><b>) unter der Tel. 03843\/2660 oder jede andere Polizeidienststelle entgegen.<\/b><\/p>\n","protected":false},"excerpt":{"rendered":"G\u00fcstrow (Mecklenburg-Vorpommern) \u2013 Am Dienstag wurde die Leiche des kleinen Fabian (\u20208) in einem Feld gefunden. Die Polizei&hellip;\n","protected":false},"author":2,"featured_media":506691,"comment_status":"","ping_status":"","sticky":false,"template":"","format":"standard","meta":{"footnotes":""},"categories":[2],"tags":[18929,29,6212,122,30,84441,13,584,1351,2183,15377,14,15,12,45,10,8,9,11],"class_list":{"0":"post-506690","1":"post","2":"type-post","3":"status-publish","4":"format-standard","5":"has-post-thumbnail","7":"category-deutschland","8":"tag-angst","9":"tag-deutschland","10":"tag-ermittlungsverfahren","11":"tag-fahndungen","12":"tag-germany","13":"tag-guestrow","14":"tag-headlines","15":"tag-leiche","16":"tag-mecklenburg-vorpommern","17":"tag-mord","18":"tag-mordverdacht","19":"tag-nachrichten","20":"tag-news","21":"tag-schlagzeilen","22":"tag-texttospeech","23":"tag-top-news","24":"tag-top-meldungen","25":"tag-topmeldungen","26":"tag-topnews"},"share_on_mastodon":{"url":"https:\/\/pubeurope.com\/@de\/115391462036545016","error":""},"_links":{"self":[{"href":"https:\/\/www.europesays.com\/de\/wp-json\/wp\/v2\/posts\/506690","targetHints":{"allow":["GET"]}}],"collection":[{"href":"https:\/\/www.europesays.com\/de\/wp-json\/wp\/v2\/posts"}],"about":[{"href":"https:\/\/www.europesays.com\/de\/wp-json\/wp\/v2\/types\/post"}],"author":[{"embeddable":true,"href":"https:\/\/www.europesays.com\/de\/wp-json\/wp\/v2\/users\/2"}],"replies":[{"embeddable":true,"href":"https:\/\/www.europesays.com\/de\/wp-json\/wp\/v2\/comments?post=506690"}],"version-history":[{"count":0,"href":"https:\/\/www.europesays.com\/de\/wp-json\/wp\/v2\/posts\/506690\/revisions"}],"wp:featuredmedia":[{"embeddable":true,"href":"https:\/\/www.europesays.com\/de\/wp-json\/wp\/v2\/media\/506691"}],"wp:attachment":[{"href":"https:\/\/www.europesays.com\/de\/wp-json\/wp\/v2\/media?parent=506690"}],"wp:term":[{"taxonomy":"category","embeddable":true,"href":"https:\/\/www.europesays.com\/de\/wp-json\/wp\/v2\/categories?post=506690"},{"taxonomy":"post_tag","embeddable":true,"href":"https:\/\/www.europesays.com\/de\/wp-json\/wp\/v2\/tags?post=506690"}],"curies":[{"name":"wp","href":"https:\/\/api.w.org\/{rel}","templated":true}]}}