{"id":506694,"date":"2025-10-17T20:46:27","date_gmt":"2025-10-17T20:46:27","guid":{"rendered":"https:\/\/www.europesays.com\/de\/506694\/"},"modified":"2025-10-17T20:46:27","modified_gmt":"2025-10-17T20:46:27","slug":"stadt-halle-praesentiert-untersuchungsergebnisse-zur-erhaltungssatzung-gesundbrunnen-hallespektrum-de","status":"publish","type":"post","link":"https:\/\/www.europesays.com\/de\/506694\/","title":{"rendered":"Stadt Halle pr\u00e4sentiert Untersuchungsergebnisse zur Erhaltungssatzung Gesundbrunnen &#8211; HalleSpektrum.de"},"content":{"rendered":"<p><img width=\"1024\" height=\"587\" src=\"https:\/\/www.europesays.com\/de\/wp-content\/uploads\/2025\/10\/Bauhaus-Gesundbrunnen.jpg\" class=\"attachment-1024x1024 size-1024x1024 wp-post-image\" alt=\"\" decoding=\"async\" fetchpriority=\"high\"  \/><\/p>\n<p>\n17. Oktober 2025\t\t<\/p>\n<p>Halle (Saale), 16. Oktober 2025 \u2013 Wie kann die historische <strong>Gartenstadt Gesundbrunnen<\/strong> auch k\u00fcnftig in ihrem besonderen Charakter bewahrt werden? Diese Frage steht im Mittelpunkt einer <strong>\u00f6ffentlichen Informationsveranstaltung<\/strong> der Stadtverwaltung am <strong>Dienstag, 4. November 2025<\/strong>, um <strong>15 Uhr<\/strong> in der <strong>Aula der Marguerite-Friedlaender-Gesamtschule<\/strong>, <strong>Ingolst\u00e4dter Stra\u00dfe 33<\/strong>.<\/p>\n<p>Interessierte Einwohnerinnen und Einwohner der Gesundbrunnensiedlung sind eingeladen, sich \u00fcber die <strong>Untersuchungsergebnisse zur Erhaltungssatzung Nr. 55<\/strong> zu informieren. Mit dieser Satzung soll das architektonische und st\u00e4dtebauliche Erscheinungsbild des Stadtteils langfristig gesichert werden.<\/p>\n<p>Der Stadtrat hatte im <strong>Mai 2024<\/strong> die <strong>\u00dcberpr\u00fcfung der bestehenden Erhaltungssatzung<\/strong> beauftragt. Inzwischen sind die <strong>Bestandsaufnahme<\/strong>, <strong>Analyse<\/strong>, mehrere <strong>Stadtteilspazierg\u00e4nge<\/strong> sowie die <strong>Beteiligung der \u00d6ffentlichkeit<\/strong> abgeschlossen und ausgewertet. Die Ergebnisse geben Aufschluss dar\u00fcber, wie sich die Gartenstadt in den vergangenen Jahren entwickelt hat und welche Ma\u00dfnahmen k\u00fcnftig erforderlich sind, um das historische Ensemble zu sch\u00fctzen.<\/p>\n<p>Mit der Veranstaltung setzt die Stadt Halle ihre Reihe transparenter B\u00fcrgerbeteiligungen fort und schafft die Grundlage f\u00fcr eine fundierte Diskussion \u00fcber den weiteren Erhalt der st\u00e4dtebaulichen Identit\u00e4t des Gesundbrunnens.<\/p>\n","protected":false},"excerpt":{"rendered":"17. Oktober 2025 Halle (Saale), 16. Oktober 2025 \u2013 Wie kann die historische Gartenstadt Gesundbrunnen auch k\u00fcnftig in&hellip;\n","protected":false},"author":2,"featured_media":506695,"comment_status":"","ping_status":"","sticky":false,"template":"","format":"standard","meta":{"footnotes":""},"categories":[1860],"tags":[3364,29,70349,548,663,3934,30,2787,4062,17332,13,14,15,17331,860,12,8926],"class_list":{"0":"post-506694","1":"post","2":"type-post","3":"status-publish","4":"format-standard","5":"has-post-thumbnail","7":"category-halle-saale","8":"tag-de","9":"tag-deutschland","10":"tag-erhaltungssatzung","11":"tag-eu","12":"tag-europa","13":"tag-europe","14":"tag-germany","15":"tag-gesundbrunnen","16":"tag-halle","17":"tag-halle-saale","18":"tag-headlines","19":"tag-nachrichten","20":"tag-news","21":"tag-saale","22":"tag-sachsen-anhalt","23":"tag-schlagzeilen","24":"tag-stadtentwicklung"},"share_on_mastodon":{"url":"https:\/\/pubeurope.com\/@de\/115391469154892908","error":""},"_links":{"self":[{"href":"https:\/\/www.europesays.com\/de\/wp-json\/wp\/v2\/posts\/506694","targetHints":{"allow":["GET"]}}],"collection":[{"href":"https:\/\/www.europesays.com\/de\/wp-json\/wp\/v2\/posts"}],"about":[{"href":"https:\/\/www.europesays.com\/de\/wp-json\/wp\/v2\/types\/post"}],"author":[{"embeddable":true,"href":"https:\/\/www.europesays.com\/de\/wp-json\/wp\/v2\/users\/2"}],"replies":[{"embeddable":true,"href":"https:\/\/www.europesays.com\/de\/wp-json\/wp\/v2\/comments?post=506694"}],"version-history":[{"count":0,"href":"https:\/\/www.europesays.com\/de\/wp-json\/wp\/v2\/posts\/506694\/revisions"}],"wp:featuredmedia":[{"embeddable":true,"href":"https:\/\/www.europesays.com\/de\/wp-json\/wp\/v2\/media\/506695"}],"wp:attachment":[{"href":"https:\/\/www.europesays.com\/de\/wp-json\/wp\/v2\/media?parent=506694"}],"wp:term":[{"taxonomy":"category","embeddable":true,"href":"https:\/\/www.europesays.com\/de\/wp-json\/wp\/v2\/categories?post=506694"},{"taxonomy":"post_tag","embeddable":true,"href":"https:\/\/www.europesays.com\/de\/wp-json\/wp\/v2\/tags?post=506694"}],"curies":[{"name":"wp","href":"https:\/\/api.w.org\/{rel}","templated":true}]}}