{"id":506698,"date":"2025-10-17T20:48:22","date_gmt":"2025-10-17T20:48:22","guid":{"rendered":"https:\/\/www.europesays.com\/de\/506698\/"},"modified":"2025-10-17T20:48:22","modified_gmt":"2025-10-17T20:48:22","slug":"christian-b-lebt-in-kiel-polizei-beruhigt-besorgte-eltern","status":"publish","type":"post","link":"https:\/\/www.europesays.com\/de\/506698\/","title":{"rendered":"Christian B. lebt in Kiel &#8211; Polizei beruhigt besorgte Eltern"},"content":{"rendered":"<p>\n            Stand: 17.10.2025 16:40 Uhr<\/p>\n<p>                    <a href=\"https:\/\/www.europesays.com\/de\/wp-content\/uploads\/2025\/10\/fussfessel-152.webp\" class=\"zoomimage\" title=\"Bild vergr\u00f6\u00dfern\"><\/p>\n<p>        <img decoding=\"async\" src=\"https:\/\/www.europesays.com\/de\/wp-content\/uploads\/2025\/10\/fussfessel-152.webp\" alt=\"Eine elektronische Fu\u00dffessel am Bein einer Frau\" title=\"Der Hauptverd\u00e4chtige im Fall Maddie lebt aktuell in Kiel. Vor allem bei Eltern l\u00f6st dies \u00c4ngste aus.  | picture alliance, Susann Prautsch, dpa\" class=\"responsive\" loading=\"lazy\"\/><\/p>\n<p>                    <\/a><\/p>\n<p>                    Der Hauptverd\u00e4chtige im Fall Maddie lebt aktuell in Kiel. Vor allem bei Eltern l\u00f6st dies \u00c4ngste aus. <\/p>\n<p class=\"\">Christian B. &#8211; Hauptverd\u00e4chtiger im Fall der seit 2007 verschwundenen Maddie &#8211; lebt aktuell in <a href=\"https:\/\/www.ndr.de\/nachrichten\/schleswig-holstein\/Kiel-Aktuelle-Nachrichten-News-und-Videos,kiel7262.html\" title=\"Kiel - Aktuelle Nachrichten und Videos\" target=\"_blank\" rel=\"noopener\">Kiel<\/a>. Das l\u00f6st bei vielen Menschen \u00c4ngste aus, vor allem bei Eltern. In der Stadt sind jetzt Flugbl\u00e4tter im Umlauf, auf denen Kielerinnen und Kieler aufgefordert werden, ihre Kinder zu warnen und an einer Demonstration am Sonnabend ab 14 Uhr auf dem Bahnhofsplatz teilzunehmen. Laut Polizei kommt die Initiative von einer Privatperson. Gleichzeitig haben die Stadt Kiel und die Polizei in einem Schreiben alle Kieler Schulen \u00fcber die Sicherheitslage informiert.<\/p>\n<p>    Polizei setzt auf Verringerung des R\u00fcckfallrisikos<\/p>\n<p class=\"\">Polizeisprecherin Stephanie Lage sagt, dass alles f\u00fcr die Sicherheit der B\u00fcrger getan werde. Die Polizei setze dabei auf das seit 2008 bew\u00e4hrte Kieler Sicherheitskonzept f\u00fcr Sexualstraft\u00e4ter oder ehemalige Sexualstraft\u00e4ter (KSKS). &#8222;Im Vordergrund steht der Pr\u00e4ventivgedanke. Unser Ziel ist die Verringerung des R\u00fcckfallrisikos von solchen Personen&#8220;, erkl\u00e4rt Lage.<\/p>\n<p class=\"\">Nach Informationen von NDR Schleswig-Holstein h\u00e4lt die Polizei Christian B. dauerhaft unter Beobachtung. Der 48-J\u00e4hrige tr\u00e4gt au\u00dferdem eine elektronische Fu\u00dffessel. Er war am 17. September aus der Haft entlassen worden &#8211; sieben Jahre hatte er wegen der Vergewaltigung einer Amerikanerin im Gef\u00e4ngnis gesessen.<\/p>\n<p>        <img decoding=\"async\" src=\"https:\/\/www.europesays.com\/de\/wp-content\/uploads\/2025\/08\/1755283528_176_nachrichtenkompakt130.webp\" alt=\"Grafik: Eine Sprechblase, in der die Kontur des Landes Schleswig-Holstein abgebildet ist.\" title=\"Grafik: Eine Sprechblase, in der die Kontur des Landes Schleswig-Holstein abgebildet ist. | NDR\" class=\"responsive\" loading=\"lazy\"\/><\/p>\n<p>\n                                    2 Min<\/p>\n<p>Die Reporter berichten aus Kiel, Neum\u00fcnster, den Kreisen Pl\u00f6n und Rendsburg-Eckernf\u00f6rde &#8211; jeden Werktag um 09.30 und 16.30 Uhr.<\/p>\n<p>Dieses Thema im Programm:<\/p>\n<p>                NDR 1 Welle Nord | Nachrichten f\u00fcr Schleswig-Holstein | 17.10.2025 | 16:30 Uhr<\/p>\n<p>        Schlagw\u00f6rter zu diesem Artikel<\/p>\n<p>            <a href=\"https:\/\/www.ndr.de\/nachrichten\/schleswig-holstein\/Kiel-Aktuelle-Nachrichten-News-und-Videos,kiel7262.html\" target=\"_blank\" rel=\"noopener\">Kiel<\/a><\/p>\n","protected":false},"excerpt":{"rendered":"Stand: 17.10.2025 16:40 Uhr Der Hauptverd\u00e4chtige im Fall Maddie lebt aktuell in Kiel. Vor allem bei Eltern l\u00f6st&hellip;\n","protected":false},"author":2,"featured_media":506699,"comment_status":"","ping_status":"","sticky":false,"template":"","format":"standard","meta":{"footnotes":""},"categories":[1852],"tags":[4568,56261,3364,507,29,548,663,3934,43777,30,13,4949,14,15,435,12,1971,27091,45129],"class_list":{"0":"post-506698","1":"post","2":"type-post","3":"status-publish","4":"format-standard","5":"has-post-thumbnail","7":"category-kiel","8":"tag-schulen","9":"tag-christian-b","10":"tag-de","11":"tag-demonstration","12":"tag-deutschland","13":"tag-eu","14":"tag-europa","15":"tag-europe","16":"tag-fussfessel","17":"tag-germany","18":"tag-headlines","19":"tag-kiel","20":"tag-nachrichten","21":"tag-news","22":"tag-praevention","23":"tag-schlagzeilen","24":"tag-schleswig-holstein","25":"tag-sicherheitskonzept","26":"tag-ueberwachung"},"share_on_mastodon":{"url":"https:\/\/pubeurope.com\/@de\/115391477886566082","error":""},"_links":{"self":[{"href":"https:\/\/www.europesays.com\/de\/wp-json\/wp\/v2\/posts\/506698","targetHints":{"allow":["GET"]}}],"collection":[{"href":"https:\/\/www.europesays.com\/de\/wp-json\/wp\/v2\/posts"}],"about":[{"href":"https:\/\/www.europesays.com\/de\/wp-json\/wp\/v2\/types\/post"}],"author":[{"embeddable":true,"href":"https:\/\/www.europesays.com\/de\/wp-json\/wp\/v2\/users\/2"}],"replies":[{"embeddable":true,"href":"https:\/\/www.europesays.com\/de\/wp-json\/wp\/v2\/comments?post=506698"}],"version-history":[{"count":0,"href":"https:\/\/www.europesays.com\/de\/wp-json\/wp\/v2\/posts\/506698\/revisions"}],"wp:featuredmedia":[{"embeddable":true,"href":"https:\/\/www.europesays.com\/de\/wp-json\/wp\/v2\/media\/506699"}],"wp:attachment":[{"href":"https:\/\/www.europesays.com\/de\/wp-json\/wp\/v2\/media?parent=506698"}],"wp:term":[{"taxonomy":"category","embeddable":true,"href":"https:\/\/www.europesays.com\/de\/wp-json\/wp\/v2\/categories?post=506698"},{"taxonomy":"post_tag","embeddable":true,"href":"https:\/\/www.europesays.com\/de\/wp-json\/wp\/v2\/tags?post=506698"}],"curies":[{"name":"wp","href":"https:\/\/api.w.org\/{rel}","templated":true}]}}